{"id":2631,"date":"2024-09-02T12:00:40","date_gmt":"2024-09-02T16:00:40","guid":{"rendered":"https:\/\/elconquistadorredloslagos.cl\/test\/?p=2631"},"modified":"2024-09-02T12:00:41","modified_gmt":"2024-09-02T16:00:41","slug":"detienen-en-osorno-a-sujeto-por-porte-ilegal-de-arma-de-fuego-y-municion","status":"publish","type":"post","link":"https:\/\/elconquistadorredloslagos.cl\/test\/blog\/2024\/09\/02\/detienen-en-osorno-a-sujeto-por-porte-ilegal-de-arma-de-fuego-y-municion\/","title":{"rendered":"Detienen en Osorno a sujeto por porte ilegal de arma de fuego y munici\u00f3n"},"content":{"rendered":"\n<p>Efectivos de la Secci\u00f3n de Investigaciones Policiales (SIP) de la Tercera Comisar\u00eda de Carabineros de Osorno detuvieron a un individuo por porte ilegal de un arma de fuego y munici\u00f3n, en el marco de patrullajes preventivos en el sector de Rahue Alto.<\/p>\n\n\n\n<p>Mediante un llamado telef\u00f3nico, el personal de la polic\u00eda uniformada fue advertido sobre un grupo de personas que efectuaron disparos moviliz\u00e1ndose en un veh\u00edculo. En la respectiva inspecci\u00f3n se constat\u00f3 que uno de los individuos portaba un arma de fuego y munici\u00f3n, siendo detenido y el arma incautada.<\/p>\n\n\n\n<p>El imputado fue trasladado al Juzgado de Garant\u00eda de Osorno para enfrentar cargos relacionados con el porte ilegal de armas.<\/p>\n","protected":false},"excerpt":{"rendered":"<p>Efectivos de la Secci\u00f3n de Investigaciones Policiales (SIP) de la Tercera Comisar\u00eda de Carabineros de Osorno detuvieron a un individuo por porte ilegal de un arma de fuego y munici\u00f3n,..<\/p>\n","protected":false},"author":2,"featured_media":2632,"comment_status":"open","ping_status":"open","sticky":false,"template":"","format":"standard","meta":{"footnotes":""},"categories":[1,28],"tags":[],"class_list":["post-2631","post","type-post","status-publish","format-standard","has-post-thumbnail","hentry","category-acontecer","category-actual"],"rttpg_featured_image_url":{"full":["https:\/\/elconquistadorredloslagos.cl\/test\/wp-content\/uploads\/2024\/09\/Evidencia.jpeg",696,522,false],"landscape":["https:\/\/elconquistadorredloslagos.cl\/test\/wp-content\/uploads\/2024\/09\/Evidencia.jpeg",696,522,false],"portraits":["https:\/\/elconquistadorredloslagos.cl\/test\/wp-content\/uploads\/2024\/09\/Evidencia.jpeg",696,522,false],"thumbnail":["https:\/\/elconquistadorredloslagos.cl\/test\/wp-content\/uploads\/2024\/09\/Evidencia-150x150.jpeg",150,150,true],"medium":["https:\/\/elconquistadorredloslagos.cl\/test\/wp-content\/uploads\/2024\/09\/Evidencia-300x225.jpeg",300,225,true],"large":["https:\/\/elconquistadorredloslagos.cl\/test\/wp-content\/uploads\/2024\/09\/Evidencia.jpeg",696,522,false],"1536x1536":["https:\/\/elconquistadorredloslagos.cl\/test\/wp-content\/uploads\/2024\/09\/Evidencia.jpeg",696,522,false],"2048x2048":["https:\/\/elconquistadorredloslagos.cl\/test\/wp-content\/uploads\/2024\/09\/Evidencia.jpeg",696,522,false]},"rttpg_author":{"display_name":"ccardenas","author_link":"https:\/\/elconquistadorredloslagos.cl\/test\/blog\/author\/ccardenas\/"},"rttpg_comment":1,"rttpg_category":"<a href=\"https:\/\/elconquistadorredloslagos.cl\/test\/blog\/category\/actual\/acontecer\/\" rel=\"category tag\">Acontecer<\/a> <a href=\"https:\/\/elconquistadorredloslagos.cl\/test\/blog\/category\/actual\/\" rel=\"category tag\">Actualidad<\/a>","rttpg_excerpt":"Efectivos de la Secci\u00f3n de Investigaciones Policiales (SIP) de la Tercera Comisar\u00eda de Carabineros de Osorno detuvieron a un individuo por porte ilegal de un arma de fuego y munici\u00f3n,..","_links":{"self":[{"href":"https:\/\/elconquistadorredloslagos.cl\/test\/wp-json\/wp\/v2\/posts\/2631","targetHints":{"allow":["GET"]}}],"collection":[{"href":"https:\/\/elconquistadorredloslagos.cl\/test\/wp-json\/wp\/v2\/posts"}],"about":[{"href":"https:\/\/elconquistadorredloslagos.cl\/test\/wp-json\/wp\/v2\/types\/post"}],"author":[{"embeddable":true,"href":"https:\/\/elconquistadorredloslagos.cl\/test\/wp-json\/wp\/v2\/users\/2"}],"replies":[{"embeddable":true,"href":"https:\/\/elconquistadorredloslagos.cl\/test\/wp-json\/wp\/v2\/comments?post=2631"}],"version-history":[{"count":1,"href":"https:\/\/elconquistadorredloslagos.cl\/test\/wp-json\/wp\/v2\/posts\/2631\/revisions"}],"predecessor-version":[{"id":2633,"href":"https:\/\/elconquistadorredloslagos.cl\/test\/wp-json\/wp\/v2\/posts\/2631\/revisions\/2633"}],"wp:featuredmedia":[{"embeddable":true,"href":"https:\/\/elconquistadorredloslagos.cl\/test\/wp-json\/wp\/v2\/media\/2632"}],"wp:attachment":[{"href":"https:\/\/elconquistadorredloslagos.cl\/test\/wp-json\/wp\/v2\/media?parent=2631"}],"wp:term":[{"taxonomy":"category","embeddable":true,"href":"https:\/\/elconquistadorredloslagos.cl\/test\/wp-json\/wp\/v2\/categories?post=2631"},{"taxonomy":"post_tag","embeddable":true,"href":"https:\/\/elconquistadorredloslagos.cl\/test\/wp-json\/wp\/v2\/tags?post=2631"}],"curies":[{"name":"wp","href":"https:\/\/api.w.org\/{rel}","templated":true}]}}