{"id":2628,"date":"2024-09-02T11:01:28","date_gmt":"2024-09-02T15:01:28","guid":{"rendered":"https:\/\/elconquistadorredloslagos.cl\/test\/?p=2628"},"modified":"2024-09-02T11:01:29","modified_gmt":"2024-09-02T15:01:29","slug":"queilen-directora-del-servicio-salud-chiloe-sostiene-positiva-reunion-con-representantes-gremiales","status":"publish","type":"post","link":"https:\/\/elconquistadorredloslagos.cl\/test\/blog\/2024\/09\/02\/queilen-directora-del-servicio-salud-chiloe-sostiene-positiva-reunion-con-representantes-gremiales\/","title":{"rendered":"Queilen: Directora del Servicio Salud Chilo\u00e9 sostiene positiva reuni\u00f3n con representantes gremiales"},"content":{"rendered":"\n<p>En el marco del plan de trabajo que se encuentra impulsando la instituci\u00f3n, la directora del Servicio Salud Chilo\u00e9 Marcela C\u00e1rcamo y el encargado de Relaciones Laborales, Fernando Contreras llegaron hasta Queilen, para continuar con las reuniones que se han llevado adelante con los gremios de la red de salud.<\/p>\n\n\n\n<p>Esta vez tuvo lugar en el Hospital modular de la comuna, oportunidad en que se di\u00e1logo principalmente, respecto a los avances en el proceso de construcci\u00f3n del nuevo recinto hospitalario, obras que actualmente cuentan con un 83% por ciento de avance f\u00edsico y que beneficiar\u00e1 a m\u00e1s de 5500 usuarios y usuarias de la comuna y sus alrededores.<\/p>\n\n\n\n<p>En la instancia de di\u00e1logo, estuvieron presentes representantes de la FENATS Unitaria y de la Confederaci\u00f3n Nacional de Profesionales Universitarios de los Servicios de Salud (Fenpruss), quienes ante la presencia adem\u00e1s del director del Establecimiento Fabi\u00e1n Barrientos, presentaron sus inquietudes del proceso de puesta en marcha del nuevo centro de salud y tambi\u00e9n en materia laboral.<\/p>\n","protected":false},"excerpt":{"rendered":"<p>En el marco del plan de trabajo que se encuentra impulsando la instituci\u00f3n, la directora del Servicio Salud Chilo\u00e9 Marcela C\u00e1rcamo y el encargado de Relaciones Laborales, Fernando Contreras llegaron..<\/p>\n","protected":false},"author":2,"featured_media":2629,"comment_status":"open","ping_status":"open","sticky":false,"template":"","format":"standard","meta":{"footnotes":""},"categories":[28],"tags":[],"class_list":["post-2628","post","type-post","status-publish","format-standard","has-post-thumbnail","hentry","category-actual"],"rttpg_featured_image_url":{"full":["https:\/\/elconquistadorredloslagos.cl\/test\/wp-content\/uploads\/2024\/09\/ABS-scaled.jpg",2560,1707,false],"landscape":["https:\/\/elconquistadorredloslagos.cl\/test\/wp-content\/uploads\/2024\/09\/ABS-scaled.jpg",2560,1707,false],"portraits":["https:\/\/elconquistadorredloslagos.cl\/test\/wp-content\/uploads\/2024\/09\/ABS-scaled.jpg",2560,1707,false],"thumbnail":["https:\/\/elconquistadorredloslagos.cl\/test\/wp-content\/uploads\/2024\/09\/ABS-150x150.jpg",150,150,true],"medium":["https:\/\/elconquistadorredloslagos.cl\/test\/wp-content\/uploads\/2024\/09\/ABS-300x200.jpg",300,200,true],"large":["https:\/\/elconquistadorredloslagos.cl\/test\/wp-content\/uploads\/2024\/09\/ABS-1024x683.jpg",1024,683,true],"1536x1536":["https:\/\/elconquistadorredloslagos.cl\/test\/wp-content\/uploads\/2024\/09\/ABS-1536x1024.jpg",1536,1024,true],"2048x2048":["https:\/\/elconquistadorredloslagos.cl\/test\/wp-content\/uploads\/2024\/09\/ABS-2048x1365.jpg",2048,1365,true]},"rttpg_author":{"display_name":"ccardenas","author_link":"https:\/\/elconquistadorredloslagos.cl\/test\/blog\/author\/ccardenas\/"},"rttpg_comment":1,"rttpg_category":"<a href=\"https:\/\/elconquistadorredloslagos.cl\/test\/blog\/category\/actual\/\" rel=\"category tag\">Actualidad<\/a>","rttpg_excerpt":"En el marco del plan de trabajo que se encuentra impulsando la instituci\u00f3n, la directora del Servicio Salud Chilo\u00e9 Marcela C\u00e1rcamo y el encargado de Relaciones Laborales, Fernando Contreras llegaron..","_links":{"self":[{"href":"https:\/\/elconquistadorredloslagos.cl\/test\/wp-json\/wp\/v2\/posts\/2628","targetHints":{"allow":["GET"]}}],"collection":[{"href":"https:\/\/elconquistadorredloslagos.cl\/test\/wp-json\/wp\/v2\/posts"}],"about":[{"href":"https:\/\/elconquistadorredloslagos.cl\/test\/wp-json\/wp\/v2\/types\/post"}],"author":[{"embeddable":true,"href":"https:\/\/elconquistadorredloslagos.cl\/test\/wp-json\/wp\/v2\/users\/2"}],"replies":[{"embeddable":true,"href":"https:\/\/elconquistadorredloslagos.cl\/test\/wp-json\/wp\/v2\/comments?post=2628"}],"version-history":[{"count":1,"href":"https:\/\/elconquistadorredloslagos.cl\/test\/wp-json\/wp\/v2\/posts\/2628\/revisions"}],"predecessor-version":[{"id":2630,"href":"https:\/\/elconquistadorredloslagos.cl\/test\/wp-json\/wp\/v2\/posts\/2628\/revisions\/2630"}],"wp:featuredmedia":[{"embeddable":true,"href":"https:\/\/elconquistadorredloslagos.cl\/test\/wp-json\/wp\/v2\/media\/2629"}],"wp:attachment":[{"href":"https:\/\/elconquistadorredloslagos.cl\/test\/wp-json\/wp\/v2\/media?parent=2628"}],"wp:term":[{"taxonomy":"category","embeddable":true,"href":"https:\/\/elconquistadorredloslagos.cl\/test\/wp-json\/wp\/v2\/categories?post=2628"},{"taxonomy":"post_tag","embeddable":true,"href":"https:\/\/elconquistadorredloslagos.cl\/test\/wp-json\/wp\/v2\/tags?post=2628"}],"curies":[{"name":"wp","href":"https:\/\/api.w.org\/{rel}","templated":true}]}}