{"id":2625,"date":"2024-09-02T10:53:42","date_gmt":"2024-09-02T14:53:42","guid":{"rendered":"https:\/\/elconquistadorredloslagos.cl\/test\/?p=2625"},"modified":"2024-09-02T10:53:42","modified_gmt":"2024-09-02T14:53:42","slug":"investigan-violento-incendio-que-dejo-tres-fallecidos-en-puerto-montt","status":"publish","type":"post","link":"https:\/\/elconquistadorredloslagos.cl\/test\/blog\/2024\/09\/02\/investigan-violento-incendio-que-dejo-tres-fallecidos-en-puerto-montt\/","title":{"rendered":"Investigan violento incendio que dej\u00f3 tres fallecidos en Puerto Montt"},"content":{"rendered":"\n<p>Personal especializado del OS-9 y el Laboratorio de Criminal\u00edstica de Carabineros (Labocar) encabezan las indagatorias para lograr determinar las circunstancias en las que se produjo el fatal incendio ocurrido en Puerto Montt.<\/p>\n\n\n\n<p>El violento siniestro cobr\u00f3 la vida de tres personas tras quedar atrapadas por las llamas. El impactante hecho tuvo lugar en calle Andacollo, al llegar a la avenida El Teniente, en el sector de la Villa Artesan\u00eda de Puerto Montt.<\/p>\n\n\n\n<p>De acuerdo a la informaci\u00f3n preliminar, las v\u00edctimas corresponden a una mujer de 64 a\u00f1os, una menor de 9 y un adulto, de unos 25 a\u00f1os, identidades que por ahora no han sido confirmadas.<\/p>\n\n\n\n<p>Inicialmente arribaron al lugar los carros de la Primera, Tercera, Cuarta, Quinta, Sexta y Octava compa\u00f1\u00edas de Bomberos. Posteriormente se activ\u00f3 la salida de carros de apoyo, principalmente para el abastecimiento de agua.<\/p>\n\n\n\n<p>Sobre el origen del fuego, se indic\u00f3 que contin\u00faa la investigaci\u00f3n y elaboraci\u00f3n del informe pericial.<\/p>\n\n\n\n<p>FOTOS: Redes Sociales<\/p>\n","protected":false},"excerpt":{"rendered":"<p>Personal especializado del OS-9 y el Laboratorio de Criminal\u00edstica de Carabineros (Labocar) encabezan las indagatorias para lograr determinar las circunstancias en las que se produjo el fatal incendio ocurrido en..<\/p>\n","protected":false},"author":2,"featured_media":2626,"comment_status":"open","ping_status":"open","sticky":false,"template":"","format":"standard","meta":{"footnotes":""},"categories":[28],"tags":[],"class_list":["post-2625","post","type-post","status-publish","format-standard","has-post-thumbnail","hentry","category-actual"],"rttpg_featured_image_url":{"full":["https:\/\/elconquistadorredloslagos.cl\/test\/wp-content\/uploads\/2024\/09\/RedesSociales.jpg",601,335,false],"landscape":["https:\/\/elconquistadorredloslagos.cl\/test\/wp-content\/uploads\/2024\/09\/RedesSociales.jpg",601,335,false],"portraits":["https:\/\/elconquistadorredloslagos.cl\/test\/wp-content\/uploads\/2024\/09\/RedesSociales.jpg",601,335,false],"thumbnail":["https:\/\/elconquistadorredloslagos.cl\/test\/wp-content\/uploads\/2024\/09\/RedesSociales-150x150.jpg",150,150,true],"medium":["https:\/\/elconquistadorredloslagos.cl\/test\/wp-content\/uploads\/2024\/09\/RedesSociales-300x167.jpg",300,167,true],"large":["https:\/\/elconquistadorredloslagos.cl\/test\/wp-content\/uploads\/2024\/09\/RedesSociales.jpg",601,335,false],"1536x1536":["https:\/\/elconquistadorredloslagos.cl\/test\/wp-content\/uploads\/2024\/09\/RedesSociales.jpg",601,335,false],"2048x2048":["https:\/\/elconquistadorredloslagos.cl\/test\/wp-content\/uploads\/2024\/09\/RedesSociales.jpg",601,335,false]},"rttpg_author":{"display_name":"ccardenas","author_link":"https:\/\/elconquistadorredloslagos.cl\/test\/blog\/author\/ccardenas\/"},"rttpg_comment":0,"rttpg_category":"<a href=\"https:\/\/elconquistadorredloslagos.cl\/test\/blog\/category\/actual\/\" rel=\"category tag\">Actualidad<\/a>","rttpg_excerpt":"Personal especializado del OS-9 y el Laboratorio de Criminal\u00edstica de Carabineros (Labocar) encabezan las indagatorias para lograr determinar las circunstancias en las que se produjo el fatal incendio ocurrido en..","_links":{"self":[{"href":"https:\/\/elconquistadorredloslagos.cl\/test\/wp-json\/wp\/v2\/posts\/2625","targetHints":{"allow":["GET"]}}],"collection":[{"href":"https:\/\/elconquistadorredloslagos.cl\/test\/wp-json\/wp\/v2\/posts"}],"about":[{"href":"https:\/\/elconquistadorredloslagos.cl\/test\/wp-json\/wp\/v2\/types\/post"}],"author":[{"embeddable":true,"href":"https:\/\/elconquistadorredloslagos.cl\/test\/wp-json\/wp\/v2\/users\/2"}],"replies":[{"embeddable":true,"href":"https:\/\/elconquistadorredloslagos.cl\/test\/wp-json\/wp\/v2\/comments?post=2625"}],"version-history":[{"count":1,"href":"https:\/\/elconquistadorredloslagos.cl\/test\/wp-json\/wp\/v2\/posts\/2625\/revisions"}],"predecessor-version":[{"id":2627,"href":"https:\/\/elconquistadorredloslagos.cl\/test\/wp-json\/wp\/v2\/posts\/2625\/revisions\/2627"}],"wp:featuredmedia":[{"embeddable":true,"href":"https:\/\/elconquistadorredloslagos.cl\/test\/wp-json\/wp\/v2\/media\/2626"}],"wp:attachment":[{"href":"https:\/\/elconquistadorredloslagos.cl\/test\/wp-json\/wp\/v2\/media?parent=2625"}],"wp:term":[{"taxonomy":"category","embeddable":true,"href":"https:\/\/elconquistadorredloslagos.cl\/test\/wp-json\/wp\/v2\/categories?post=2625"},{"taxonomy":"post_tag","embeddable":true,"href":"https:\/\/elconquistadorredloslagos.cl\/test\/wp-json\/wp\/v2\/tags?post=2625"}],"curies":[{"name":"wp","href":"https:\/\/api.w.org\/{rel}","templated":true}]}}