{"id":2620,"date":"2024-08-30T15:00:41","date_gmt":"2024-08-30T19:00:41","guid":{"rendered":"https:\/\/elconquistadorredloslagos.cl\/test\/?p=2620"},"modified":"2024-09-03T13:33:36","modified_gmt":"2024-09-03T17:33:36","slug":"invita-a-realizar-denuncias-de-manera-anonima-y-segura-al-4242","status":"publish","type":"post","link":"https:\/\/elconquistadorredloslagos.cl\/test\/blog\/2024\/08\/30\/invita-a-realizar-denuncias-de-manera-anonima-y-segura-al-4242\/","title":{"rendered":"Invita a realizar denuncias de manera an\u00f3nima y segura al *4242"},"content":{"rendered":"\n<p>La seremi de Gobierno de la regi\u00f3n de Los Lagos, Danitza Ortiz Viveros, extendi\u00f3 un llamado a la comunidad regional a utilizar el canal telef\u00f3nico \u201cDenuncia Seguro\u201d para as\u00ed colaborar de manera an\u00f3nima, segura y gratuita con las investigaciones y procedimientos que llevan a cabo Carabineros, la Polic\u00eda de Investigaciones y la Fiscal\u00eda.<\/p>\n\n\n\n<p>\u201cLa seguridad es un tema prioritario tanto para nuestro Gobierno como para las personas en sus hogares. Es por eso que hoy d\u00eda les estamos invitando a hacer uso de este n\u00famero *4242. Gracias a este n\u00famero hemos podido dar apoyo a la labor que cumplen nuestras polic\u00edas en el combate contra la delincuencia, contra el narcotr\u00e1fico, identificar y denunciar, por ejemplo, la violencia intrafamiliar. Es por eso que les invitamos a usar este n\u00famero todos los d\u00edas del a\u00f1o a las 24 horas del d\u00eda, en una instancia que es segura y que es an\u00f3nima\u201d, indic\u00f3 Danitza Ortiz Viveros.<\/p>\n\n\n\n<p>Denuncia Seguro es un programa de la Subsecretar\u00eda de Prevenci\u00f3n del Delito y consiste en un canal para recibir informaci\u00f3n delictual de forma 100% an\u00f3nima. A partir de los antecedentes entregados por las y los ciudadanos el programa realiza una denuncia al Ministerio P\u00fablico para iniciar la investigaci\u00f3n y persecuci\u00f3n penal de los hechos con ayuda de las polic\u00edas. No se solicitan los datos de la persona que denuncia, no se registra el n\u00famero telef\u00f3nico ni la direcci\u00f3n IP y las conversaciones no son grabadas.<\/p>\n","protected":false},"excerpt":{"rendered":"<p>La seremi de Gobierno de la regi\u00f3n de Los Lagos, Danitza Ortiz Viveros, extendi\u00f3 un llamado a la comunidad regional a utilizar el canal telef\u00f3nico \u201cDenuncia Seguro\u201d para as\u00ed colaborar..<\/p>\n","protected":false},"author":2,"featured_media":2645,"comment_status":"open","ping_status":"open","sticky":false,"template":"","format":"standard","meta":{"footnotes":""},"categories":[1,28,26],"tags":[],"class_list":["post-2620","post","type-post","status-publish","format-standard","has-post-thumbnail","hentry","category-acontecer","category-actual","category-comunidad"],"rttpg_featured_image_url":{"full":["https:\/\/elconquistadorredloslagos.cl\/test\/wp-content\/uploads\/2024\/08\/DS-llamada-scaled-qj6mlombmcu5x0d9nuxhj4ax8povoauavf0u0wmlxk.jpg",1140,500,false],"landscape":["https:\/\/elconquistadorredloslagos.cl\/test\/wp-content\/uploads\/2024\/08\/DS-llamada-scaled-qj6mlombmcu5x0d9nuxhj4ax8povoauavf0u0wmlxk.jpg",1140,500,false],"portraits":["https:\/\/elconquistadorredloslagos.cl\/test\/wp-content\/uploads\/2024\/08\/DS-llamada-scaled-qj6mlombmcu5x0d9nuxhj4ax8povoauavf0u0wmlxk.jpg",1140,500,false],"thumbnail":["https:\/\/elconquistadorredloslagos.cl\/test\/wp-content\/uploads\/2024\/08\/DS-llamada-scaled-qj6mlombmcu5x0d9nuxhj4ax8povoauavf0u0wmlxk-150x150.jpg",150,150,true],"medium":["https:\/\/elconquistadorredloslagos.cl\/test\/wp-content\/uploads\/2024\/08\/DS-llamada-scaled-qj6mlombmcu5x0d9nuxhj4ax8povoauavf0u0wmlxk-300x132.jpg",300,132,true],"large":["https:\/\/elconquistadorredloslagos.cl\/test\/wp-content\/uploads\/2024\/08\/DS-llamada-scaled-qj6mlombmcu5x0d9nuxhj4ax8povoauavf0u0wmlxk-1024x449.jpg",1024,449,true],"1536x1536":["https:\/\/elconquistadorredloslagos.cl\/test\/wp-content\/uploads\/2024\/08\/DS-llamada-scaled-qj6mlombmcu5x0d9nuxhj4ax8povoauavf0u0wmlxk.jpg",1140,500,false],"2048x2048":["https:\/\/elconquistadorredloslagos.cl\/test\/wp-content\/uploads\/2024\/08\/DS-llamada-scaled-qj6mlombmcu5x0d9nuxhj4ax8povoauavf0u0wmlxk.jpg",1140,500,false]},"rttpg_author":{"display_name":"ccardenas","author_link":"https:\/\/elconquistadorredloslagos.cl\/test\/blog\/author\/ccardenas\/"},"rttpg_comment":0,"rttpg_category":"<a href=\"https:\/\/elconquistadorredloslagos.cl\/test\/blog\/category\/actual\/acontecer\/\" rel=\"category tag\">Acontecer<\/a> <a href=\"https:\/\/elconquistadorredloslagos.cl\/test\/blog\/category\/actual\/\" rel=\"category tag\">Actualidad<\/a> <a href=\"https:\/\/elconquistadorredloslagos.cl\/test\/blog\/category\/comunidad\/\" rel=\"category tag\">Comunidad<\/a>","rttpg_excerpt":"La seremi de Gobierno de la regi\u00f3n de Los Lagos, Danitza Ortiz Viveros, extendi\u00f3 un llamado a la comunidad regional a utilizar el canal telef\u00f3nico \u201cDenuncia Seguro\u201d para as\u00ed colaborar..","_links":{"self":[{"href":"https:\/\/elconquistadorredloslagos.cl\/test\/wp-json\/wp\/v2\/posts\/2620","targetHints":{"allow":["GET"]}}],"collection":[{"href":"https:\/\/elconquistadorredloslagos.cl\/test\/wp-json\/wp\/v2\/posts"}],"about":[{"href":"https:\/\/elconquistadorredloslagos.cl\/test\/wp-json\/wp\/v2\/types\/post"}],"author":[{"embeddable":true,"href":"https:\/\/elconquistadorredloslagos.cl\/test\/wp-json\/wp\/v2\/users\/2"}],"replies":[{"embeddable":true,"href":"https:\/\/elconquistadorredloslagos.cl\/test\/wp-json\/wp\/v2\/comments?post=2620"}],"version-history":[{"count":1,"href":"https:\/\/elconquistadorredloslagos.cl\/test\/wp-json\/wp\/v2\/posts\/2620\/revisions"}],"predecessor-version":[{"id":2622,"href":"https:\/\/elconquistadorredloslagos.cl\/test\/wp-json\/wp\/v2\/posts\/2620\/revisions\/2622"}],"wp:featuredmedia":[{"embeddable":true,"href":"https:\/\/elconquistadorredloslagos.cl\/test\/wp-json\/wp\/v2\/media\/2645"}],"wp:attachment":[{"href":"https:\/\/elconquistadorredloslagos.cl\/test\/wp-json\/wp\/v2\/media?parent=2620"}],"wp:term":[{"taxonomy":"category","embeddable":true,"href":"https:\/\/elconquistadorredloslagos.cl\/test\/wp-json\/wp\/v2\/categories?post=2620"},{"taxonomy":"post_tag","embeddable":true,"href":"https:\/\/elconquistadorredloslagos.cl\/test\/wp-json\/wp\/v2\/tags?post=2620"}],"curies":[{"name":"wp","href":"https:\/\/api.w.org\/{rel}","templated":true}]}}