{"id":2615,"date":"2024-08-30T14:57:23","date_gmt":"2024-08-30T18:57:23","guid":{"rendered":"https:\/\/elconquistadorredloslagos.cl\/test\/?p=2615"},"modified":"2024-08-30T14:57:23","modified_gmt":"2024-08-30T18:57:23","slug":"saesa-realizo-capacitacion-a-instaladores-electricos-de-chiloe","status":"publish","type":"post","link":"https:\/\/elconquistadorredloslagos.cl\/test\/blog\/2024\/08\/30\/saesa-realizo-capacitacion-a-instaladores-electricos-de-chiloe\/","title":{"rendered":"Saesa realiz\u00f3 capacitaci\u00f3n a instaladores el\u00e9ctricos de Chilo\u00e9"},"content":{"rendered":"\n<p>Cerca de treinta instaladores de la provincia de Chilo\u00e9, participaron en un encuentro organizado por la empresa Saesa, en el cual se trataron temas importantes para su labor, potenciando el trabajo conjunto que se realiza con la el\u00e9ctrica, y fortaleciendo adem\u00e1s el servicio el\u00e9ctrico en la zona.<\/p>\n\n\n\n<p>Durante el evento se abordaron tem\u00e1ticas claves para mejorar la eficiencia y seguridad en las instalaciones el\u00e9ctricas, junto con el intercambio de experiencias y conocimientos entre los participantes.<\/p>\n\n\n\n<p>Esta iniciativa se transform\u00f3 en el primer encuentro de instaladores en esta zonal, el cual cont\u00f3 con el directo apoyo de las oficinas centrales de la empresa en Osorno, desde donde vinieron varios expositores. As\u00ed lo coment\u00f3 Pablo Mill\u00e1n, gerente zonal de Saesa en Chilo\u00e9.<\/p>\n\n\n\n<figure class=\"wp-block-audio\"><audio controls src=\"https:\/\/elconquistadorredloslagos.cl\/test\/wp-content\/uploads\/2024\/08\/Pablo-Millan-Gerente-Saesa-zonal-Chiloe.mp3\"><\/audio><\/figure>\n\n\n\n<p>Y por el lado de los protagonistas de esta iniciativa, Ricardo Ampuero, ingeniero, instalador el\u00e9ctrico y ex colaborador contratista de Saesa, tambi\u00e9n relev\u00f3 la iniciativa. <\/p>\n\n\n\n<figure class=\"wp-block-audio\"><audio controls src=\"https:\/\/elconquistadorredloslagos.cl\/test\/wp-content\/uploads\/2024\/08\/Ricardo-Ampuero-Instalador.mp3\"><\/audio><\/figure>\n\n\n\n<p>Esta iniciativa, que seguir\u00e1 repiti\u00e9ndose a futuro, continua con la aspiraci\u00f3n de Saesa por mantener una estrecha relaci\u00f3n con trabajadores del \u00e1rea y propiciar su integraci\u00f3n al desarrollo energ\u00e9tico a trav\u00e9s de estas capacitaciones, promoviendo el compromiso con el bienestar y desarrollo de las comunidades.<\/p>\n","protected":false},"excerpt":{"rendered":"<p>Cerca de treinta instaladores de la provincia de Chilo\u00e9, participaron en un encuentro organizado por la empresa Saesa, en el cual se trataron temas importantes para su labor, potenciando el..<\/p>\n","protected":false},"author":2,"featured_media":2618,"comment_status":"open","ping_status":"open","sticky":false,"template":"","format":"standard","meta":{"footnotes":""},"categories":[1,28],"tags":[],"class_list":["post-2615","post","type-post","status-publish","format-standard","has-post-thumbnail","hentry","category-acontecer","category-actual"],"rttpg_featured_image_url":{"full":["https:\/\/elconquistadorredloslagos.cl\/test\/wp-content\/uploads\/2024\/08\/WhatsApp-Image-2024-08-30-at-14.49.27.jpeg",556,250,false],"landscape":["https:\/\/elconquistadorredloslagos.cl\/test\/wp-content\/uploads\/2024\/08\/WhatsApp-Image-2024-08-30-at-14.49.27.jpeg",556,250,false],"portraits":["https:\/\/elconquistadorredloslagos.cl\/test\/wp-content\/uploads\/2024\/08\/WhatsApp-Image-2024-08-30-at-14.49.27.jpeg",556,250,false],"thumbnail":["https:\/\/elconquistadorredloslagos.cl\/test\/wp-content\/uploads\/2024\/08\/WhatsApp-Image-2024-08-30-at-14.49.27-150x150.jpeg",150,150,true],"medium":["https:\/\/elconquistadorredloslagos.cl\/test\/wp-content\/uploads\/2024\/08\/WhatsApp-Image-2024-08-30-at-14.49.27-300x135.jpeg",300,135,true],"large":["https:\/\/elconquistadorredloslagos.cl\/test\/wp-content\/uploads\/2024\/08\/WhatsApp-Image-2024-08-30-at-14.49.27.jpeg",556,250,false],"1536x1536":["https:\/\/elconquistadorredloslagos.cl\/test\/wp-content\/uploads\/2024\/08\/WhatsApp-Image-2024-08-30-at-14.49.27.jpeg",556,250,false],"2048x2048":["https:\/\/elconquistadorredloslagos.cl\/test\/wp-content\/uploads\/2024\/08\/WhatsApp-Image-2024-08-30-at-14.49.27.jpeg",556,250,false]},"rttpg_author":{"display_name":"ccardenas","author_link":"https:\/\/elconquistadorredloslagos.cl\/test\/blog\/author\/ccardenas\/"},"rttpg_comment":0,"rttpg_category":"<a href=\"https:\/\/elconquistadorredloslagos.cl\/test\/blog\/category\/actual\/acontecer\/\" rel=\"category tag\">Acontecer<\/a> <a href=\"https:\/\/elconquistadorredloslagos.cl\/test\/blog\/category\/actual\/\" rel=\"category tag\">Actualidad<\/a>","rttpg_excerpt":"Cerca de treinta instaladores de la provincia de Chilo\u00e9, participaron en un encuentro organizado por la empresa Saesa, en el cual se trataron temas importantes para su labor, potenciando el..","_links":{"self":[{"href":"https:\/\/elconquistadorredloslagos.cl\/test\/wp-json\/wp\/v2\/posts\/2615","targetHints":{"allow":["GET"]}}],"collection":[{"href":"https:\/\/elconquistadorredloslagos.cl\/test\/wp-json\/wp\/v2\/posts"}],"about":[{"href":"https:\/\/elconquistadorredloslagos.cl\/test\/wp-json\/wp\/v2\/types\/post"}],"author":[{"embeddable":true,"href":"https:\/\/elconquistadorredloslagos.cl\/test\/wp-json\/wp\/v2\/users\/2"}],"replies":[{"embeddable":true,"href":"https:\/\/elconquistadorredloslagos.cl\/test\/wp-json\/wp\/v2\/comments?post=2615"}],"version-history":[{"count":1,"href":"https:\/\/elconquistadorredloslagos.cl\/test\/wp-json\/wp\/v2\/posts\/2615\/revisions"}],"predecessor-version":[{"id":2619,"href":"https:\/\/elconquistadorredloslagos.cl\/test\/wp-json\/wp\/v2\/posts\/2615\/revisions\/2619"}],"wp:featuredmedia":[{"embeddable":true,"href":"https:\/\/elconquistadorredloslagos.cl\/test\/wp-json\/wp\/v2\/media\/2618"}],"wp:attachment":[{"href":"https:\/\/elconquistadorredloslagos.cl\/test\/wp-json\/wp\/v2\/media?parent=2615"}],"wp:term":[{"taxonomy":"category","embeddable":true,"href":"https:\/\/elconquistadorredloslagos.cl\/test\/wp-json\/wp\/v2\/categories?post=2615"},{"taxonomy":"post_tag","embeddable":true,"href":"https:\/\/elconquistadorredloslagos.cl\/test\/wp-json\/wp\/v2\/tags?post=2615"}],"curies":[{"name":"wp","href":"https:\/\/api.w.org\/{rel}","templated":true}]}}