{"id":2494,"date":"2024-08-28T10:51:34","date_gmt":"2024-08-28T14:51:34","guid":{"rendered":"https:\/\/elconquistadorredloslagos.cl\/test\/?p=2494"},"modified":"2024-08-28T10:52:59","modified_gmt":"2024-08-28T14:52:59","slug":"cambio-en-la-administracion-comunal-jacquelin-paz-es-la-nueva-alcaldesa-subrogante-de-puerto-montt","status":"publish","type":"post","link":"https:\/\/elconquistadorredloslagos.cl\/test\/blog\/2024\/08\/28\/cambio-en-la-administracion-comunal-jacquelin-paz-es-la-nueva-alcaldesa-subrogante-de-puerto-montt\/","title":{"rendered":"Cambio en la administraci\u00f3n comunal: Jacquelin Paz Cabrera es la nueva alcaldesa subrogante de Puerto Montt"},"content":{"rendered":"\n<p><strong>La Municipalidad de Puerto Montt anunci\u00f3 la designaci\u00f3n de Jacquelin Paz Cabrera como alcaldesa subrogante, tras la destituci\u00f3n del alcalde por parte del Tribunal Electoral Regional de Los Lagos.<\/strong><\/p>\n\n\n\n<p>En un comunicado oficial, la Municipalidad de Puerto Montt inform\u00f3 sobre la reciente reestructuraci\u00f3n en la administraci\u00f3n comunal, derivada de la destituci\u00f3n del alcalde, decretada por el Tribunal Electoral Regional de Los Lagos. Este cambio, que se enmarca dentro de lo dispuesto por la Ley Org\u00e1nica de Municipalidades, ha resultado en la designaci\u00f3n de Jacquelin Paz Cabrera, quien ha asumido el cargo de alcaldesa subrogante.<\/p>\n\n\n\n<p>El nombramiento de Paz Cabrera se formaliz\u00f3 mediante el Decreto Municipal n\u00b0 2154, fechado el 9 de febrero de 2023, y su gesti\u00f3n interina asegura la continuidad de las funciones municipales. La administraci\u00f3n ha garantizado que los empleados seguir\u00e1n desempe\u00f1ando sus labores con la misma dedicaci\u00f3n, manteniendo el enfoque en el bienestar de la comunidad de Puerto Montt.<\/p>\n\n\n\n<p>En este contexto de transici\u00f3n, la Municipalidad ha enfatizado su compromiso de asegurar que los servicios y proyectos en curso no se ver\u00e1n interrumpidos. La administraci\u00f3n comunal se mantiene firme en su prop\u00f3sito de brindar una atenci\u00f3n cercana y eficiente a la ciudadan\u00eda, reforzando la estabilidad institucional durante este periodo de cambios.<\/p>\n\n\n\n<p>4o<\/p>\n","protected":false},"excerpt":{"rendered":"<p>La Municipalidad de Puerto Montt anunci\u00f3 la designaci\u00f3n de Jacquelin Paz Cabrera como alcaldesa subrogante, tras la destituci\u00f3n del alcalde por parte del Tribunal Electoral Regional de Los Lagos. En..<\/p>\n","protected":false},"author":5,"featured_media":2498,"comment_status":"open","ping_status":"open","sticky":false,"template":"","format":"standard","meta":{"footnotes":""},"categories":[28,26,38],"tags":[],"class_list":["post-2494","post","type-post","status-publish","format-standard","has-post-thumbnail","hentry","category-actual","category-comunidad","category-politica"],"rttpg_featured_image_url":{"full":["https:\/\/elconquistadorredloslagos.cl\/test\/wp-content\/uploads\/2024\/08\/FvtYw34XoAwCxX5-e1724461853780.jpg",748,561,false],"landscape":["https:\/\/elconquistadorredloslagos.cl\/test\/wp-content\/uploads\/2024\/08\/FvtYw34XoAwCxX5-e1724461853780.jpg",748,561,false],"portraits":["https:\/\/elconquistadorredloslagos.cl\/test\/wp-content\/uploads\/2024\/08\/FvtYw34XoAwCxX5-e1724461853780.jpg",748,561,false],"thumbnail":["https:\/\/elconquistadorredloslagos.cl\/test\/wp-content\/uploads\/2024\/08\/FvtYw34XoAwCxX5-e1724461853780-150x150.jpg",150,150,true],"medium":["https:\/\/elconquistadorredloslagos.cl\/test\/wp-content\/uploads\/2024\/08\/FvtYw34XoAwCxX5-e1724461853780-300x225.jpg",300,225,true],"large":["https:\/\/elconquistadorredloslagos.cl\/test\/wp-content\/uploads\/2024\/08\/FvtYw34XoAwCxX5-e1724461853780.jpg",748,561,false],"1536x1536":["https:\/\/elconquistadorredloslagos.cl\/test\/wp-content\/uploads\/2024\/08\/FvtYw34XoAwCxX5-e1724461853780.jpg",748,561,false],"2048x2048":["https:\/\/elconquistadorredloslagos.cl\/test\/wp-content\/uploads\/2024\/08\/FvtYw34XoAwCxX5-e1724461853780.jpg",748,561,false]},"rttpg_author":{"display_name":"cavila","author_link":"https:\/\/elconquistadorredloslagos.cl\/test\/blog\/author\/cavila\/"},"rttpg_comment":0,"rttpg_category":"<a href=\"https:\/\/elconquistadorredloslagos.cl\/test\/blog\/category\/actual\/\" rel=\"category tag\">Actualidad<\/a> <a href=\"https:\/\/elconquistadorredloslagos.cl\/test\/blog\/category\/comunidad\/\" rel=\"category tag\">Comunidad<\/a> <a href=\"https:\/\/elconquistadorredloslagos.cl\/test\/blog\/category\/actual\/politica\/\" rel=\"category tag\">Politica<\/a>","rttpg_excerpt":"La Municipalidad de Puerto Montt anunci\u00f3 la designaci\u00f3n de Jacquelin Paz Cabrera como alcaldesa subrogante, tras la destituci\u00f3n del alcalde por parte del Tribunal Electoral Regional de Los Lagos. En..","_links":{"self":[{"href":"https:\/\/elconquistadorredloslagos.cl\/test\/wp-json\/wp\/v2\/posts\/2494","targetHints":{"allow":["GET"]}}],"collection":[{"href":"https:\/\/elconquistadorredloslagos.cl\/test\/wp-json\/wp\/v2\/posts"}],"about":[{"href":"https:\/\/elconquistadorredloslagos.cl\/test\/wp-json\/wp\/v2\/types\/post"}],"author":[{"embeddable":true,"href":"https:\/\/elconquistadorredloslagos.cl\/test\/wp-json\/wp\/v2\/users\/5"}],"replies":[{"embeddable":true,"href":"https:\/\/elconquistadorredloslagos.cl\/test\/wp-json\/wp\/v2\/comments?post=2494"}],"version-history":[{"count":2,"href":"https:\/\/elconquistadorredloslagos.cl\/test\/wp-json\/wp\/v2\/posts\/2494\/revisions"}],"predecessor-version":[{"id":2500,"href":"https:\/\/elconquistadorredloslagos.cl\/test\/wp-json\/wp\/v2\/posts\/2494\/revisions\/2500"}],"wp:featuredmedia":[{"embeddable":true,"href":"https:\/\/elconquistadorredloslagos.cl\/test\/wp-json\/wp\/v2\/media\/2498"}],"wp:attachment":[{"href":"https:\/\/elconquistadorredloslagos.cl\/test\/wp-json\/wp\/v2\/media?parent=2494"}],"wp:term":[{"taxonomy":"category","embeddable":true,"href":"https:\/\/elconquistadorredloslagos.cl\/test\/wp-json\/wp\/v2\/categories?post=2494"},{"taxonomy":"post_tag","embeddable":true,"href":"https:\/\/elconquistadorredloslagos.cl\/test\/wp-json\/wp\/v2\/tags?post=2494"}],"curies":[{"name":"wp","href":"https:\/\/api.w.org\/{rel}","templated":true}]}}