{"id":2441,"date":"2024-08-27T17:54:24","date_gmt":"2024-08-27T21:54:24","guid":{"rendered":"https:\/\/elconquistadorredloslagos.cl\/test\/?p=2441"},"modified":"2024-08-27T17:54:24","modified_gmt":"2024-08-27T21:54:24","slug":"sindicatos-de-conaf-inician-paro","status":"publish","type":"post","link":"https:\/\/elconquistadorredloslagos.cl\/test\/blog\/2024\/08\/27\/sindicatos-de-conaf-inician-paro\/","title":{"rendered":"Sindicatos de CONAF inician paro"},"content":{"rendered":"\n<p>A trav\u00e9s de un comunicado, los sindicatos de la Corporaci\u00f3n Nacional Forestal (CONAF), ratifican el inicio de un paro de funciones. <\/p>\n\n\n\n<p>El oficio se\u00f1ala entre otras cosas lo siguiente: \u201cAgradecemos, valoramos y respetamos profundamente el voto emitido desde las bases, por socias y socios, a tan importante instancia como es iniciar una movilizaci\u00f3n nacional, liderada por los sindicatos SINAPROF y SITREM\u201d.<\/p>\n\n\n\n<p>Asimismo, la declaraci\u00f3n agrega que \u201clas bases han emitido una decisi\u00f3n hist\u00f3rica por amplia mayor\u00eda, que es INICIAR UNA MOVILIZACI\u00d3N INDEFINIDA, A CONTAR DE ESTE LUNES 26 DE AGOSTO DESDE LAS 07:30 HORAS, por la situaci\u00f3n actual que esta viviendo la CORPORACI\u00d3N NACIONAL FORESTAL (CONAF). El principal requerimiento, antes de cualquier dialogo, es solicitar a nuestras autoridades y especialmente al Ministro de Agricultura Sr. Esteban Valenzuela Van-Treek, la inmediata salida del Director Ejecutivo de CONAF, Sr. Christian Little C\u00e1rdenas, dada su nula capacidad de dialogar y conversar con los sindicatos que firman este comunicado, su permanente cuestionamiento en su actuar institucional, la ausencia de habilidades blandas y duras para con las y los trabajadores, cero empat\u00eda y consideraci\u00f3n en las legitimas demandas, entre otras muchas m\u00e1s\u201d, se acota. <\/p>\n\n\n\n<p>Del mismo modo se incluye que \u201ccon profundo dolor, pero con mucha convicci\u00f3n y valent\u00eda iniciamos este proceso de movilizaci\u00f3n nacional, a la que esperamos se sigan sumando m\u00e1s sindicatos y trabajadores, quienes merecemos respeto por una noble instituci\u00f3n que es la Corporaci\u00f3n Nacional Forestal y sus trabajadores y trabajadoras, que por m\u00e1s de 50 a\u00f1os han estado al servicio del pa\u00eds\u201d, se precisa.<\/p>\n\n\n\n<p>Finalmente se adjunta que \u201ccon profundo dolor, pero con mucha convicci\u00f3n y valent\u00eda iniciamos este proceso de movilizaci\u00f3n nacional, a la que esperamos se sigan sumando m\u00e1s sindicatos y trabajadores, quienes merecemos respeto por una noble instituci\u00f3n que es la Corporaci\u00f3n Nacional Forestal y sus trabajadores y trabajadoras, que por m\u00e1s de 50 a\u00f1os han estado al servicio del pa\u00eds\u201d.<\/p>\n","protected":false},"excerpt":{"rendered":"<p>A trav\u00e9s de un comunicado, los sindicatos de la Corporaci\u00f3n Nacional Forestal (CONAF), ratifican el inicio de un paro de funciones. El oficio se\u00f1ala entre otras cosas lo siguiente: \u201cAgradecemos,..<\/p>\n","protected":false},"author":2,"featured_media":2442,"comment_status":"open","ping_status":"open","sticky":false,"template":"","format":"standard","meta":{"footnotes":""},"categories":[28],"tags":[],"class_list":["post-2441","post","type-post","status-publish","format-standard","has-post-thumbnail","hentry","category-actual"],"rttpg_featured_image_url":{"full":["https:\/\/elconquistadorredloslagos.cl\/test\/wp-content\/uploads\/2024\/08\/conaf.jpg",456,260,false],"landscape":["https:\/\/elconquistadorredloslagos.cl\/test\/wp-content\/uploads\/2024\/08\/conaf.jpg",456,260,false],"portraits":["https:\/\/elconquistadorredloslagos.cl\/test\/wp-content\/uploads\/2024\/08\/conaf.jpg",456,260,false],"thumbnail":["https:\/\/elconquistadorredloslagos.cl\/test\/wp-content\/uploads\/2024\/08\/conaf-150x150.jpg",150,150,true],"medium":["https:\/\/elconquistadorredloslagos.cl\/test\/wp-content\/uploads\/2024\/08\/conaf-300x171.jpg",300,171,true],"large":["https:\/\/elconquistadorredloslagos.cl\/test\/wp-content\/uploads\/2024\/08\/conaf.jpg",456,260,false],"1536x1536":["https:\/\/elconquistadorredloslagos.cl\/test\/wp-content\/uploads\/2024\/08\/conaf.jpg",456,260,false],"2048x2048":["https:\/\/elconquistadorredloslagos.cl\/test\/wp-content\/uploads\/2024\/08\/conaf.jpg",456,260,false]},"rttpg_author":{"display_name":"ccardenas","author_link":"https:\/\/elconquistadorredloslagos.cl\/test\/blog\/author\/ccardenas\/"},"rttpg_comment":0,"rttpg_category":"<a href=\"https:\/\/elconquistadorredloslagos.cl\/test\/blog\/category\/actual\/\" rel=\"category tag\">Actualidad<\/a>","rttpg_excerpt":"A trav\u00e9s de un comunicado, los sindicatos de la Corporaci\u00f3n Nacional Forestal (CONAF), ratifican el inicio de un paro de funciones. El oficio se\u00f1ala entre otras cosas lo siguiente: \u201cAgradecemos,..","_links":{"self":[{"href":"https:\/\/elconquistadorredloslagos.cl\/test\/wp-json\/wp\/v2\/posts\/2441","targetHints":{"allow":["GET"]}}],"collection":[{"href":"https:\/\/elconquistadorredloslagos.cl\/test\/wp-json\/wp\/v2\/posts"}],"about":[{"href":"https:\/\/elconquistadorredloslagos.cl\/test\/wp-json\/wp\/v2\/types\/post"}],"author":[{"embeddable":true,"href":"https:\/\/elconquistadorredloslagos.cl\/test\/wp-json\/wp\/v2\/users\/2"}],"replies":[{"embeddable":true,"href":"https:\/\/elconquistadorredloslagos.cl\/test\/wp-json\/wp\/v2\/comments?post=2441"}],"version-history":[{"count":1,"href":"https:\/\/elconquistadorredloslagos.cl\/test\/wp-json\/wp\/v2\/posts\/2441\/revisions"}],"predecessor-version":[{"id":2443,"href":"https:\/\/elconquistadorredloslagos.cl\/test\/wp-json\/wp\/v2\/posts\/2441\/revisions\/2443"}],"wp:featuredmedia":[{"embeddable":true,"href":"https:\/\/elconquistadorredloslagos.cl\/test\/wp-json\/wp\/v2\/media\/2442"}],"wp:attachment":[{"href":"https:\/\/elconquistadorredloslagos.cl\/test\/wp-json\/wp\/v2\/media?parent=2441"}],"wp:term":[{"taxonomy":"category","embeddable":true,"href":"https:\/\/elconquistadorredloslagos.cl\/test\/wp-json\/wp\/v2\/categories?post=2441"},{"taxonomy":"post_tag","embeddable":true,"href":"https:\/\/elconquistadorredloslagos.cl\/test\/wp-json\/wp\/v2\/tags?post=2441"}],"curies":[{"name":"wp","href":"https:\/\/api.w.org\/{rel}","templated":true}]}}