{"id":2437,"date":"2024-08-27T17:41:56","date_gmt":"2024-08-27T21:41:56","guid":{"rendered":"https:\/\/elconquistadorredloslagos.cl\/test\/?p=2437"},"modified":"2024-08-27T17:41:57","modified_gmt":"2024-08-27T21:41:57","slug":"prision-preventiva-para-luis-hermosilla-y-leonarda-villalobos-en-el-marco-del-caso-audios","status":"publish","type":"post","link":"https:\/\/elconquistadorredloslagos.cl\/test\/blog\/2024\/08\/27\/prision-preventiva-para-luis-hermosilla-y-leonarda-villalobos-en-el-marco-del-caso-audios\/","title":{"rendered":"Prisi\u00f3n Preventiva para Luis Hermosilla y Leonarda Villalobos en el Marco del Caso Audios"},"content":{"rendered":"\n<p><strong>La jueza Mariana Leyton orden\u00f3 prisi\u00f3n preventiva para el abogado Luis Hermosilla, acusado en el Caso Audios, quien fue trasladado a la C\u00e1rcel Santiago 1 debido a falta de cupo en el Anexo Capit\u00e1n Y\u00e1ber.<\/strong><\/p>\n\n\n\n<p>En una sorpresiva decisi\u00f3n del Cuarto Juzgado de Garant\u00eda de Santiago, la jueza Mariana Leyton decret\u00f3 prisi\u00f3n preventiva para el abogado Luis Hermosilla, imputado por delitos tributarios, soborno y lavado de activos en el marco del denominado \u201cCaso Audios\u201d. Hermosilla, conocido por su trabajo con grandes empresarios y figuras pol\u00edticas, fue enviado a la C\u00e1rcel Santiago 1 debido a la falta de cupo en el Anexo Capit\u00e1n Y\u00e1ber, donde inicialmente se esperaba que cumpliera la medida cautelar.<\/p>\n\n\n\n<p>La decisi\u00f3n de la jueza Leyton se fundament\u00f3 en la gravedad de los delitos imputados, destacando la existencia de conversaciones en el celular del abogado que corroboran las acusaciones. La magistrada se\u00f1al\u00f3 que la prisi\u00f3n preventiva es necesaria para garantizar que Hermosilla no se fugue durante los 180 d\u00edas que durar\u00e1 la investigaci\u00f3n. La defensa del abogado, encabezada por su hermano Juan Pablo Hermosilla, argument\u00f3 que la medida es excesiva, pero la jueza desestim\u00f3 estas reclamaciones.<\/p>\n\n\n\n<p>Leonarda Villalobos, la abogada que grab\u00f3 y filtr\u00f3 los audios que desencadenaron el caso, tambi\u00e9n fue enviada a prisi\u00f3n preventiva. Sin embargo, cumplir\u00e1 su cautelar en la c\u00e1rcel de mujeres de San Miguel. La jueza Leyton tambi\u00e9n accedi\u00f3 a la petici\u00f3n de arresto domiciliario nocturno para el esposo de Villalobos, Luis \u00c1ngulo, quien deber\u00e1 cuidar de su familia durante la detenci\u00f3n de su esposa.<\/p>\n\n\n\n<p>El caso ha causado gran revuelo, y se espera que las defensas de los imputados presenten apelaciones en los pr\u00f3ximos d\u00edas. El traslado de Hermosilla a Santiago 1 ha generado comentarios sobre las condiciones de su reclusi\u00f3n, mientras que el Ministerio P\u00fablico y los querellantes han expresado su conformidad con la decisi\u00f3n judicial.<\/p>\n","protected":false},"excerpt":{"rendered":"<p>La jueza Mariana Leyton orden\u00f3 prisi\u00f3n preventiva para el abogado Luis Hermosilla, acusado en el Caso Audios, quien fue trasladado a la C\u00e1rcel Santiago 1 debido a falta de cupo..<\/p>\n","protected":false},"author":5,"featured_media":2438,"comment_status":"open","ping_status":"open","sticky":false,"template":"","format":"standard","meta":{"footnotes":""},"categories":[28,25],"tags":[],"class_list":["post-2437","post","type-post","status-publish","format-standard","has-post-thumbnail","hentry","category-actual","category-empresas"],"rttpg_featured_image_url":{"full":["https:\/\/elconquistadorredloslagos.cl\/test\/wp-content\/uploads\/2024\/08\/3660-hermosilla-e1724794880769.jpeg",686,642,false],"landscape":["https:\/\/elconquistadorredloslagos.cl\/test\/wp-content\/uploads\/2024\/08\/3660-hermosilla-e1724794880769.jpeg",686,642,false],"portraits":["https:\/\/elconquistadorredloslagos.cl\/test\/wp-content\/uploads\/2024\/08\/3660-hermosilla-e1724794880769.jpeg",686,642,false],"thumbnail":["https:\/\/elconquistadorredloslagos.cl\/test\/wp-content\/uploads\/2024\/08\/3660-hermosilla-e1724794880769-150x150.jpeg",150,150,true],"medium":["https:\/\/elconquistadorredloslagos.cl\/test\/wp-content\/uploads\/2024\/08\/3660-hermosilla-e1724794880769-300x281.jpeg",300,281,true],"large":["https:\/\/elconquistadorredloslagos.cl\/test\/wp-content\/uploads\/2024\/08\/3660-hermosilla-e1724794880769.jpeg",686,642,false],"1536x1536":["https:\/\/elconquistadorredloslagos.cl\/test\/wp-content\/uploads\/2024\/08\/3660-hermosilla-e1724794880769.jpeg",686,642,false],"2048x2048":["https:\/\/elconquistadorredloslagos.cl\/test\/wp-content\/uploads\/2024\/08\/3660-hermosilla-e1724794880769.jpeg",686,642,false]},"rttpg_author":{"display_name":"cavila","author_link":"https:\/\/elconquistadorredloslagos.cl\/test\/blog\/author\/cavila\/"},"rttpg_comment":4,"rttpg_category":"<a href=\"https:\/\/elconquistadorredloslagos.cl\/test\/blog\/category\/actual\/\" rel=\"category tag\">Actualidad<\/a> <a href=\"https:\/\/elconquistadorredloslagos.cl\/test\/blog\/category\/empresas\/\" rel=\"category tag\">Empresarial<\/a>","rttpg_excerpt":"La jueza Mariana Leyton orden\u00f3 prisi\u00f3n preventiva para el abogado Luis Hermosilla, acusado en el Caso Audios, quien fue trasladado a la C\u00e1rcel Santiago 1 debido a falta de cupo..","_links":{"self":[{"href":"https:\/\/elconquistadorredloslagos.cl\/test\/wp-json\/wp\/v2\/posts\/2437","targetHints":{"allow":["GET"]}}],"collection":[{"href":"https:\/\/elconquistadorredloslagos.cl\/test\/wp-json\/wp\/v2\/posts"}],"about":[{"href":"https:\/\/elconquistadorredloslagos.cl\/test\/wp-json\/wp\/v2\/types\/post"}],"author":[{"embeddable":true,"href":"https:\/\/elconquistadorredloslagos.cl\/test\/wp-json\/wp\/v2\/users\/5"}],"replies":[{"embeddable":true,"href":"https:\/\/elconquistadorredloslagos.cl\/test\/wp-json\/wp\/v2\/comments?post=2437"}],"version-history":[{"count":1,"href":"https:\/\/elconquistadorredloslagos.cl\/test\/wp-json\/wp\/v2\/posts\/2437\/revisions"}],"predecessor-version":[{"id":2439,"href":"https:\/\/elconquistadorredloslagos.cl\/test\/wp-json\/wp\/v2\/posts\/2437\/revisions\/2439"}],"wp:featuredmedia":[{"embeddable":true,"href":"https:\/\/elconquistadorredloslagos.cl\/test\/wp-json\/wp\/v2\/media\/2438"}],"wp:attachment":[{"href":"https:\/\/elconquistadorredloslagos.cl\/test\/wp-json\/wp\/v2\/media?parent=2437"}],"wp:term":[{"taxonomy":"category","embeddable":true,"href":"https:\/\/elconquistadorredloslagos.cl\/test\/wp-json\/wp\/v2\/categories?post=2437"},{"taxonomy":"post_tag","embeddable":true,"href":"https:\/\/elconquistadorredloslagos.cl\/test\/wp-json\/wp\/v2\/tags?post=2437"}],"curies":[{"name":"wp","href":"https:\/\/api.w.org\/{rel}","templated":true}]}}