{"id":2433,"date":"2024-08-27T17:27:40","date_gmt":"2024-08-27T21:27:40","guid":{"rendered":"https:\/\/elconquistadorredloslagos.cl\/test\/?p=2433"},"modified":"2024-08-27T17:27:41","modified_gmt":"2024-08-27T21:27:41","slug":"claudio-bravo-pone-fin-a-su-trayectoria-en-el-futbol-profesional","status":"publish","type":"post","link":"https:\/\/elconquistadorredloslagos.cl\/test\/blog\/2024\/08\/27\/claudio-bravo-pone-fin-a-su-trayectoria-en-el-futbol-profesional\/","title":{"rendered":"Claudio Bravo Pone Fin a su Trayectoria en el F\u00fatbol Profesional"},"content":{"rendered":"\n<p><strong>El hist\u00f3rico capit\u00e1n de la selecci\u00f3n chilena, Claudio Bravo, ha anunciado su retiro del f\u00fatbol profesional a los 41 a\u00f1os, poniendo fin a una brillante carrera que dej\u00f3 huella en clubes de renombre y en la Roja.<\/strong><\/p>\n\n\n\n<p>En un emotivo video compartido a trav\u00e9s de sus redes sociales, Claudio Bravo, uno de los porteros m\u00e1s ic\u00f3nicos en la historia del f\u00fatbol chileno, anunci\u00f3 su decisi\u00f3n de retirarse del f\u00fatbol profesional. A los 41 a\u00f1os, el ex capit\u00e1n de la selecci\u00f3n chilena destac\u00f3 que esta es una decisi\u00f3n acertada y meditada, tomada en conjunto con su familia y su entorno cercano.<\/p>\n\n\n\n<p>Bravo, quien visti\u00f3 las camisetas de clubes como Colo Colo, Real Sociedad, FC Barcelona, Manchester City y Real Betis Balompi\u00e9, se convirti\u00f3 en un referente tanto a nivel nacional como internacional. Su carrera estuvo llena de \u00e9xitos, incluyendo t\u00edtulos de liga en Espa\u00f1a e Inglaterra, y dos hist\u00f3ricas victorias en la Copa Am\u00e9rica con la selecci\u00f3n chilena, donde fue pieza clave en el logro de estos t\u00edtulos.<\/p>\n\n\n\n<p>En su mensaje de despedida, Bravo expres\u00f3 su gratitud hacia los hinchas que lo apoyaron a lo largo de su carrera, y destac\u00f3 el papel fundamental que jugaron su esposa, Carla Pardo, sus hijos, y su familia en su trayectoria. \u00abHemos tenido la posibilidad de crecer juntos en esta larga carrera y bonita aventura, maravillosa en todo sentido\u00bb, dijo con emoci\u00f3n.<\/p>\n\n\n\n<p>El oriundo de Viluco tambi\u00e9n se refiri\u00f3 a su experiencia en la selecci\u00f3n chilena, con la que jug\u00f3 dos Copas del Mundo y lider\u00f3 a la Roja como capit\u00e1n en m\u00faltiples torneos. \u00abMe ha tocado llevar la bandera por todo el mundo, la he llevado con mucho orgullo\u00bb, reflexion\u00f3 Bravo, quien destac\u00f3 que su etapa en la selecci\u00f3n ha sido la m\u00e1s maravillosa de su carrera.<\/p>\n\n\n\n<p>Con su retiro, Claudio Bravo cierra un cap\u00edtulo lleno de logros y deja un legado imborrable en el f\u00fatbol chileno y mundial. Ahora, se prepara para comenzar una nueva etapa en su vida, con la misma pasi\u00f3n y dedicaci\u00f3n que lo caracteriz\u00f3 en las canchas.<\/p>\n","protected":false},"excerpt":{"rendered":"<p>El hist\u00f3rico capit\u00e1n de la selecci\u00f3n chilena, Claudio Bravo, ha anunciado su retiro del f\u00fatbol profesional a los 41 a\u00f1os, poniendo fin a una brillante carrera que dej\u00f3 huella en..<\/p>\n","protected":false},"author":5,"featured_media":2434,"comment_status":"open","ping_status":"open","sticky":false,"template":"","format":"standard","meta":{"footnotes":""},"categories":[28,26],"tags":[],"class_list":["post-2433","post","type-post","status-publish","format-standard","has-post-thumbnail","hentry","category-actual","category-comunidad"],"rttpg_featured_image_url":{"full":["https:\/\/elconquistadorredloslagos.cl\/test\/wp-content\/uploads\/2024\/08\/IMG_3694-960x640-1.jpg",960,640,false],"landscape":["https:\/\/elconquistadorredloslagos.cl\/test\/wp-content\/uploads\/2024\/08\/IMG_3694-960x640-1.jpg",960,640,false],"portraits":["https:\/\/elconquistadorredloslagos.cl\/test\/wp-content\/uploads\/2024\/08\/IMG_3694-960x640-1.jpg",960,640,false],"thumbnail":["https:\/\/elconquistadorredloslagos.cl\/test\/wp-content\/uploads\/2024\/08\/IMG_3694-960x640-1-150x150.jpg",150,150,true],"medium":["https:\/\/elconquistadorredloslagos.cl\/test\/wp-content\/uploads\/2024\/08\/IMG_3694-960x640-1-300x200.jpg",300,200,true],"large":["https:\/\/elconquistadorredloslagos.cl\/test\/wp-content\/uploads\/2024\/08\/IMG_3694-960x640-1.jpg",960,640,false],"1536x1536":["https:\/\/elconquistadorredloslagos.cl\/test\/wp-content\/uploads\/2024\/08\/IMG_3694-960x640-1.jpg",960,640,false],"2048x2048":["https:\/\/elconquistadorredloslagos.cl\/test\/wp-content\/uploads\/2024\/08\/IMG_3694-960x640-1.jpg",960,640,false]},"rttpg_author":{"display_name":"cavila","author_link":"https:\/\/elconquistadorredloslagos.cl\/test\/blog\/author\/cavila\/"},"rttpg_comment":0,"rttpg_category":"<a href=\"https:\/\/elconquistadorredloslagos.cl\/test\/blog\/category\/actual\/\" rel=\"category tag\">Actualidad<\/a> <a href=\"https:\/\/elconquistadorredloslagos.cl\/test\/blog\/category\/comunidad\/\" rel=\"category tag\">Comunidad<\/a>","rttpg_excerpt":"El hist\u00f3rico capit\u00e1n de la selecci\u00f3n chilena, Claudio Bravo, ha anunciado su retiro del f\u00fatbol profesional a los 41 a\u00f1os, poniendo fin a una brillante carrera que dej\u00f3 huella en..","_links":{"self":[{"href":"https:\/\/elconquistadorredloslagos.cl\/test\/wp-json\/wp\/v2\/posts\/2433","targetHints":{"allow":["GET"]}}],"collection":[{"href":"https:\/\/elconquistadorredloslagos.cl\/test\/wp-json\/wp\/v2\/posts"}],"about":[{"href":"https:\/\/elconquistadorredloslagos.cl\/test\/wp-json\/wp\/v2\/types\/post"}],"author":[{"embeddable":true,"href":"https:\/\/elconquistadorredloslagos.cl\/test\/wp-json\/wp\/v2\/users\/5"}],"replies":[{"embeddable":true,"href":"https:\/\/elconquistadorredloslagos.cl\/test\/wp-json\/wp\/v2\/comments?post=2433"}],"version-history":[{"count":2,"href":"https:\/\/elconquistadorredloslagos.cl\/test\/wp-json\/wp\/v2\/posts\/2433\/revisions"}],"predecessor-version":[{"id":2436,"href":"https:\/\/elconquistadorredloslagos.cl\/test\/wp-json\/wp\/v2\/posts\/2433\/revisions\/2436"}],"wp:featuredmedia":[{"embeddable":true,"href":"https:\/\/elconquistadorredloslagos.cl\/test\/wp-json\/wp\/v2\/media\/2434"}],"wp:attachment":[{"href":"https:\/\/elconquistadorredloslagos.cl\/test\/wp-json\/wp\/v2\/media?parent=2433"}],"wp:term":[{"taxonomy":"category","embeddable":true,"href":"https:\/\/elconquistadorredloslagos.cl\/test\/wp-json\/wp\/v2\/categories?post=2433"},{"taxonomy":"post_tag","embeddable":true,"href":"https:\/\/elconquistadorredloslagos.cl\/test\/wp-json\/wp\/v2\/tags?post=2433"}],"curies":[{"name":"wp","href":"https:\/\/api.w.org\/{rel}","templated":true}]}}