{"id":2376,"date":"2024-08-26T11:15:49","date_gmt":"2024-08-26T15:15:49","guid":{"rendered":"https:\/\/elconquistadorredloslagos.cl\/test\/?p=2376"},"modified":"2024-08-26T11:15:49","modified_gmt":"2024-08-26T15:15:49","slug":"confirman-operatividad-de-buses-electricos-para-puerto-varas-el-proximo-ano","status":"publish","type":"post","link":"https:\/\/elconquistadorredloslagos.cl\/test\/blog\/2024\/08\/26\/confirman-operatividad-de-buses-electricos-para-puerto-varas-el-proximo-ano\/","title":{"rendered":"Confirman operatividad de buses el\u00e9ctricos para Puerto Varas el pr\u00f3ximo a\u00f1o"},"content":{"rendered":"\n<p>Para el a\u00f1o 2025 est\u00e1 programado el inicio del funcionamiento de los buses el\u00e9ctricos para la ciudad de Puerto Varas. As\u00ed lo manifestaron las autoridades del Ministerio de Transportes y el municipio local, tras la firma del respectivo convenio que pretende incorporar 16 buses de este tipo.<\/p>\n\n\n\n<p>El objetivo es disminuir la congesti\u00f3n vehicular, dado que esta comuna lidera los rankings en este tema en la regi\u00f3n. Se trata de un proyecto que fue aprobado por el Consejo Regional de Los Lagos,&nbsp; para recibir los recursos necesarios desde el GORE.<\/p>\n\n\n\n<p>En torno a los aspectos t\u00e9cnicos de estas nuevas m\u00e1quinas, estos contar\u00e1n con WIFI, cargadores USB y c\u00e1maras de seguridad al interior del transporte. Referente a las tarifas, el alcalde de Puerto Varas, Tom\u00e1s G\u00e1rate, existir\u00e1 cobros diferenciados para escolares y personas de la tercera edad; junto con ello, se detall\u00f3 que las tarifas depender\u00e1n de la distancia de los recorridos. Asimismo, se precis\u00f3 que operar\u00e1n desde las 06.00 hasta las 23.00 horas.<\/p>\n\n\n\n<p>FOTO: \u00a0(Referencial)<\/p>\n","protected":false},"excerpt":{"rendered":"<p>Para el a\u00f1o 2025 est\u00e1 programado el inicio del funcionamiento de los buses el\u00e9ctricos para la ciudad de Puerto Varas. As\u00ed lo manifestaron las autoridades del Ministerio de Transportes y..<\/p>\n","protected":false},"author":2,"featured_media":2377,"comment_status":"open","ping_status":"open","sticky":false,"template":"","format":"standard","meta":{"footnotes":""},"categories":[28],"tags":[],"class_list":["post-2376","post","type-post","status-publish","format-standard","has-post-thumbnail","hentry","category-actual"],"rttpg_featured_image_url":{"full":["https:\/\/elconquistadorredloslagos.cl\/test\/wp-content\/uploads\/2024\/08\/hq720.jpg",566,385,false],"landscape":["https:\/\/elconquistadorredloslagos.cl\/test\/wp-content\/uploads\/2024\/08\/hq720.jpg",566,385,false],"portraits":["https:\/\/elconquistadorredloslagos.cl\/test\/wp-content\/uploads\/2024\/08\/hq720.jpg",566,385,false],"thumbnail":["https:\/\/elconquistadorredloslagos.cl\/test\/wp-content\/uploads\/2024\/08\/hq720-150x150.jpg",150,150,true],"medium":["https:\/\/elconquistadorredloslagos.cl\/test\/wp-content\/uploads\/2024\/08\/hq720-300x204.jpg",300,204,true],"large":["https:\/\/elconquistadorredloslagos.cl\/test\/wp-content\/uploads\/2024\/08\/hq720.jpg",566,385,false],"1536x1536":["https:\/\/elconquistadorredloslagos.cl\/test\/wp-content\/uploads\/2024\/08\/hq720.jpg",566,385,false],"2048x2048":["https:\/\/elconquistadorredloslagos.cl\/test\/wp-content\/uploads\/2024\/08\/hq720.jpg",566,385,false]},"rttpg_author":{"display_name":"ccardenas","author_link":"https:\/\/elconquistadorredloslagos.cl\/test\/blog\/author\/ccardenas\/"},"rttpg_comment":0,"rttpg_category":"<a href=\"https:\/\/elconquistadorredloslagos.cl\/test\/blog\/category\/actual\/\" rel=\"category tag\">Actualidad<\/a>","rttpg_excerpt":"Para el a\u00f1o 2025 est\u00e1 programado el inicio del funcionamiento de los buses el\u00e9ctricos para la ciudad de Puerto Varas. As\u00ed lo manifestaron las autoridades del Ministerio de Transportes y..","_links":{"self":[{"href":"https:\/\/elconquistadorredloslagos.cl\/test\/wp-json\/wp\/v2\/posts\/2376","targetHints":{"allow":["GET"]}}],"collection":[{"href":"https:\/\/elconquistadorredloslagos.cl\/test\/wp-json\/wp\/v2\/posts"}],"about":[{"href":"https:\/\/elconquistadorredloslagos.cl\/test\/wp-json\/wp\/v2\/types\/post"}],"author":[{"embeddable":true,"href":"https:\/\/elconquistadorredloslagos.cl\/test\/wp-json\/wp\/v2\/users\/2"}],"replies":[{"embeddable":true,"href":"https:\/\/elconquistadorredloslagos.cl\/test\/wp-json\/wp\/v2\/comments?post=2376"}],"version-history":[{"count":1,"href":"https:\/\/elconquistadorredloslagos.cl\/test\/wp-json\/wp\/v2\/posts\/2376\/revisions"}],"predecessor-version":[{"id":2378,"href":"https:\/\/elconquistadorredloslagos.cl\/test\/wp-json\/wp\/v2\/posts\/2376\/revisions\/2378"}],"wp:featuredmedia":[{"embeddable":true,"href":"https:\/\/elconquistadorredloslagos.cl\/test\/wp-json\/wp\/v2\/media\/2377"}],"wp:attachment":[{"href":"https:\/\/elconquistadorredloslagos.cl\/test\/wp-json\/wp\/v2\/media?parent=2376"}],"wp:term":[{"taxonomy":"category","embeddable":true,"href":"https:\/\/elconquistadorredloslagos.cl\/test\/wp-json\/wp\/v2\/categories?post=2376"},{"taxonomy":"post_tag","embeddable":true,"href":"https:\/\/elconquistadorredloslagos.cl\/test\/wp-json\/wp\/v2\/tags?post=2376"}],"curies":[{"name":"wp","href":"https:\/\/api.w.org\/{rel}","templated":true}]}}