{"id":2367,"date":"2024-08-26T10:33:29","date_gmt":"2024-08-26T14:33:29","guid":{"rendered":"https:\/\/elconquistadorredloslagos.cl\/test\/?p=2367"},"modified":"2024-08-26T10:33:30","modified_gmt":"2024-08-26T14:33:30","slug":"conductor-de-camioneta-murio-tras-violento-choque-en-quellon","status":"publish","type":"post","link":"https:\/\/elconquistadorredloslagos.cl\/test\/blog\/2024\/08\/26\/conductor-de-camioneta-murio-tras-violento-choque-en-quellon\/","title":{"rendered":"Conductor de camioneta muri\u00f3 tras violento choque en Quell\u00f3n"},"content":{"rendered":"\n<p>Una persona fallecida fue el saldo que dej\u00f3 una colisi\u00f3n de alta energ\u00eda entre un cami\u00f3n y una camioneta dej\u00f3 en la comuna de Quell\u00f3n. El conductor del veh\u00edculo menor perdi\u00f3 la vida tras el impacto de frente ambos m\u00f3viles.<\/p>\n\n\n\n<p>El lamentable hecho tuvo lugar en el sector rural conocido como Kil\u00f3metro 14, hasta donde arribaron las unidades de emergencia, pasado la cuesta Ag\u00fcero para auxiliar a los heridos. Lamentablemente uno de los conductores falleci\u00f3 de forma instant\u00e1nea.<\/p>\n\n\n\n<p>A causa de la colisi\u00f3n ambos m\u00f3viles quedaron a un costado de la Ruta 5 Sur. Uno de ellos, el cami\u00f3n que cargaba salmones desde Quell\u00f3n a Puerto Montt, el cual qued\u00f3 en gran parte desparramada en la carretera.<\/p>\n\n\n\n<p>Personal especializado de la Unidad Investigadora de Accidentes de Tr\u00e1nsito (UIAT) de prefectura de Carabineros de Chilo\u00e9, est\u00e1 investigando las causas basales de lo ocurrido.<\/p>\n\n\n\n<p>FOTO: Ram\u00f3n Aguero<\/p>\n","protected":false},"excerpt":{"rendered":"<p>Una persona fallecida fue el saldo que dej\u00f3 una colisi\u00f3n de alta energ\u00eda entre un cami\u00f3n y una camioneta dej\u00f3 en la comuna de Quell\u00f3n. El conductor del veh\u00edculo menor..<\/p>\n","protected":false},"author":2,"featured_media":2368,"comment_status":"open","ping_status":"open","sticky":false,"template":"","format":"standard","meta":{"footnotes":""},"categories":[28],"tags":[],"class_list":["post-2367","post","type-post","status-publish","format-standard","has-post-thumbnail","hentry","category-actual"],"rttpg_featured_image_url":{"full":["https:\/\/elconquistadorredloslagos.cl\/test\/wp-content\/uploads\/2024\/08\/457231386_1084045117054012_4405973560891975143_n.jpg",525,312,false],"landscape":["https:\/\/elconquistadorredloslagos.cl\/test\/wp-content\/uploads\/2024\/08\/457231386_1084045117054012_4405973560891975143_n.jpg",525,312,false],"portraits":["https:\/\/elconquistadorredloslagos.cl\/test\/wp-content\/uploads\/2024\/08\/457231386_1084045117054012_4405973560891975143_n.jpg",525,312,false],"thumbnail":["https:\/\/elconquistadorredloslagos.cl\/test\/wp-content\/uploads\/2024\/08\/457231386_1084045117054012_4405973560891975143_n-150x150.jpg",150,150,true],"medium":["https:\/\/elconquistadorredloslagos.cl\/test\/wp-content\/uploads\/2024\/08\/457231386_1084045117054012_4405973560891975143_n-300x178.jpg",300,178,true],"large":["https:\/\/elconquistadorredloslagos.cl\/test\/wp-content\/uploads\/2024\/08\/457231386_1084045117054012_4405973560891975143_n.jpg",525,312,false],"1536x1536":["https:\/\/elconquistadorredloslagos.cl\/test\/wp-content\/uploads\/2024\/08\/457231386_1084045117054012_4405973560891975143_n.jpg",525,312,false],"2048x2048":["https:\/\/elconquistadorredloslagos.cl\/test\/wp-content\/uploads\/2024\/08\/457231386_1084045117054012_4405973560891975143_n.jpg",525,312,false]},"rttpg_author":{"display_name":"ccardenas","author_link":"https:\/\/elconquistadorredloslagos.cl\/test\/blog\/author\/ccardenas\/"},"rttpg_comment":0,"rttpg_category":"<a href=\"https:\/\/elconquistadorredloslagos.cl\/test\/blog\/category\/actual\/\" rel=\"category tag\">Actualidad<\/a>","rttpg_excerpt":"Una persona fallecida fue el saldo que dej\u00f3 una colisi\u00f3n de alta energ\u00eda entre un cami\u00f3n y una camioneta dej\u00f3 en la comuna de Quell\u00f3n. El conductor del veh\u00edculo menor..","_links":{"self":[{"href":"https:\/\/elconquistadorredloslagos.cl\/test\/wp-json\/wp\/v2\/posts\/2367","targetHints":{"allow":["GET"]}}],"collection":[{"href":"https:\/\/elconquistadorredloslagos.cl\/test\/wp-json\/wp\/v2\/posts"}],"about":[{"href":"https:\/\/elconquistadorredloslagos.cl\/test\/wp-json\/wp\/v2\/types\/post"}],"author":[{"embeddable":true,"href":"https:\/\/elconquistadorredloslagos.cl\/test\/wp-json\/wp\/v2\/users\/2"}],"replies":[{"embeddable":true,"href":"https:\/\/elconquistadorredloslagos.cl\/test\/wp-json\/wp\/v2\/comments?post=2367"}],"version-history":[{"count":1,"href":"https:\/\/elconquistadorredloslagos.cl\/test\/wp-json\/wp\/v2\/posts\/2367\/revisions"}],"predecessor-version":[{"id":2369,"href":"https:\/\/elconquistadorredloslagos.cl\/test\/wp-json\/wp\/v2\/posts\/2367\/revisions\/2369"}],"wp:featuredmedia":[{"embeddable":true,"href":"https:\/\/elconquistadorredloslagos.cl\/test\/wp-json\/wp\/v2\/media\/2368"}],"wp:attachment":[{"href":"https:\/\/elconquistadorredloslagos.cl\/test\/wp-json\/wp\/v2\/media?parent=2367"}],"wp:term":[{"taxonomy":"category","embeddable":true,"href":"https:\/\/elconquistadorredloslagos.cl\/test\/wp-json\/wp\/v2\/categories?post=2367"},{"taxonomy":"post_tag","embeddable":true,"href":"https:\/\/elconquistadorredloslagos.cl\/test\/wp-json\/wp\/v2\/tags?post=2367"}],"curies":[{"name":"wp","href":"https:\/\/api.w.org\/{rel}","templated":true}]}}