{"id":2363,"date":"2024-08-23T21:07:14","date_gmt":"2024-08-24T01:07:14","guid":{"rendered":"https:\/\/elconquistadorredloslagos.cl\/test\/?p=2363"},"modified":"2024-08-23T21:07:15","modified_gmt":"2024-08-24T01:07:15","slug":"diputado-borquez-pide-urgencia-a-proyecto-de-ley-que-obliga-a-distribuidoras-electricas-y-de-agua-potable-el-incluir-recomendaciones-de-consumo-eficiente-en-boletas","status":"publish","type":"post","link":"https:\/\/elconquistadorredloslagos.cl\/test\/blog\/2024\/08\/23\/diputado-borquez-pide-urgencia-a-proyecto-de-ley-que-obliga-a-distribuidoras-electricas-y-de-agua-potable-el-incluir-recomendaciones-de-consumo-eficiente-en-boletas\/","title":{"rendered":"Diputado B\u00f3rquez pide urgencia a proyecto de ley que obliga a distribuidoras el\u00e9ctricas y de agua potable el incluir recomendaciones de consumo eficiente en boletas"},"content":{"rendered":"\n<p>Tras el aumento de los precios en las boletas de los servicios b\u00e1sicos, especialmente de la luz, tras el descongelamiento de las tarifas el\u00e9ctricas, el diputado de la UDI, Fernando B\u00f3rquez, hizo un llamado al Ejecutivo a patrocinar y darle urgencia al proyecto de ley ingresado en octubre de 2022, que busca imponer a las empresas distribuidoras de agua potable y energ\u00eda el\u00e9ctrica la obligaci\u00f3n de se\u00f1alar, en las cuentas f\u00edsicas y digitales, niveles de consumo m\u00e1s eficientes y recomendaciones para optimizar el uso de estos recursos en el sector residencial, de manera de promover una cultura de cuidado de los recursos naturales y el medio ambiente y contribuir al presupuesto de las familias, especialmente de aquellas que pertenecen a los sectores medios y m\u00e1s vulnerables de la poblaci\u00f3n.<\/p>\n\n\n\n<figure class=\"wp-block-audio\"><audio controls src=\"https:\/\/elconquistadorredloslagos.cl\/test\/wp-content\/uploads\/2024\/08\/F-BORQUEZ.mp3\"><\/audio><\/figure>\n\n\n\n<p>Cabe recordar que en Chile, desde el a\u00f1o 2021, se encuentra vigente la ley N\u00ba21.305, sobre eficiencia energ\u00e9tica, legislaci\u00f3n que constituye un gran avance en el objetivo de maximizar el consumo, sin perjudicar las condiciones en que se presta el servicio y la calidad de vida de los usuarios.<\/p>\n","protected":false},"excerpt":{"rendered":"<p>Tras el aumento de los precios en las boletas de los servicios b\u00e1sicos, especialmente de la luz, tras el descongelamiento de las tarifas el\u00e9ctricas, el diputado de la UDI, Fernando..<\/p>\n","protected":false},"author":2,"featured_media":2365,"comment_status":"open","ping_status":"open","sticky":false,"template":"","format":"standard","meta":{"footnotes":""},"categories":[28],"tags":[],"class_list":["post-2363","post","type-post","status-publish","format-standard","has-post-thumbnail","hentry","category-actual"],"rttpg_featured_image_url":{"full":["https:\/\/elconquistadorredloslagos.cl\/test\/wp-content\/uploads\/2024\/08\/WhatsApp-Image-2024-08-23-at-17.32.40.jpeg",1280,852,false],"landscape":["https:\/\/elconquistadorredloslagos.cl\/test\/wp-content\/uploads\/2024\/08\/WhatsApp-Image-2024-08-23-at-17.32.40.jpeg",1280,852,false],"portraits":["https:\/\/elconquistadorredloslagos.cl\/test\/wp-content\/uploads\/2024\/08\/WhatsApp-Image-2024-08-23-at-17.32.40.jpeg",1280,852,false],"thumbnail":["https:\/\/elconquistadorredloslagos.cl\/test\/wp-content\/uploads\/2024\/08\/WhatsApp-Image-2024-08-23-at-17.32.40-150x150.jpeg",150,150,true],"medium":["https:\/\/elconquistadorredloslagos.cl\/test\/wp-content\/uploads\/2024\/08\/WhatsApp-Image-2024-08-23-at-17.32.40-300x200.jpeg",300,200,true],"large":["https:\/\/elconquistadorredloslagos.cl\/test\/wp-content\/uploads\/2024\/08\/WhatsApp-Image-2024-08-23-at-17.32.40-1024x682.jpeg",1024,682,true],"1536x1536":["https:\/\/elconquistadorredloslagos.cl\/test\/wp-content\/uploads\/2024\/08\/WhatsApp-Image-2024-08-23-at-17.32.40.jpeg",1280,852,false],"2048x2048":["https:\/\/elconquistadorredloslagos.cl\/test\/wp-content\/uploads\/2024\/08\/WhatsApp-Image-2024-08-23-at-17.32.40.jpeg",1280,852,false]},"rttpg_author":{"display_name":"ccardenas","author_link":"https:\/\/elconquistadorredloslagos.cl\/test\/blog\/author\/ccardenas\/"},"rttpg_comment":0,"rttpg_category":"<a href=\"https:\/\/elconquistadorredloslagos.cl\/test\/blog\/category\/actual\/\" rel=\"category tag\">Actualidad<\/a>","rttpg_excerpt":"Tras el aumento de los precios en las boletas de los servicios b\u00e1sicos, especialmente de la luz, tras el descongelamiento de las tarifas el\u00e9ctricas, el diputado de la UDI, Fernando..","_links":{"self":[{"href":"https:\/\/elconquistadorredloslagos.cl\/test\/wp-json\/wp\/v2\/posts\/2363","targetHints":{"allow":["GET"]}}],"collection":[{"href":"https:\/\/elconquistadorredloslagos.cl\/test\/wp-json\/wp\/v2\/posts"}],"about":[{"href":"https:\/\/elconquistadorredloslagos.cl\/test\/wp-json\/wp\/v2\/types\/post"}],"author":[{"embeddable":true,"href":"https:\/\/elconquistadorredloslagos.cl\/test\/wp-json\/wp\/v2\/users\/2"}],"replies":[{"embeddable":true,"href":"https:\/\/elconquistadorredloslagos.cl\/test\/wp-json\/wp\/v2\/comments?post=2363"}],"version-history":[{"count":1,"href":"https:\/\/elconquistadorredloslagos.cl\/test\/wp-json\/wp\/v2\/posts\/2363\/revisions"}],"predecessor-version":[{"id":2366,"href":"https:\/\/elconquistadorredloslagos.cl\/test\/wp-json\/wp\/v2\/posts\/2363\/revisions\/2366"}],"wp:featuredmedia":[{"embeddable":true,"href":"https:\/\/elconquistadorredloslagos.cl\/test\/wp-json\/wp\/v2\/media\/2365"}],"wp:attachment":[{"href":"https:\/\/elconquistadorredloslagos.cl\/test\/wp-json\/wp\/v2\/media?parent=2363"}],"wp:term":[{"taxonomy":"category","embeddable":true,"href":"https:\/\/elconquistadorredloslagos.cl\/test\/wp-json\/wp\/v2\/categories?post=2363"},{"taxonomy":"post_tag","embeddable":true,"href":"https:\/\/elconquistadorredloslagos.cl\/test\/wp-json\/wp\/v2\/tags?post=2363"}],"curies":[{"name":"wp","href":"https:\/\/api.w.org\/{rel}","templated":true}]}}