{"id":2360,"date":"2024-08-23T16:18:42","date_gmt":"2024-08-23T20:18:42","guid":{"rendered":"https:\/\/elconquistadorredloslagos.cl\/test\/?p=2360"},"modified":"2024-08-23T16:18:43","modified_gmt":"2024-08-23T20:18:43","slug":"noticia-de-ultima-hora-alcalde-gervoy-paredes-destituido-por-escandalo-de-probidad-en-puerto-montt","status":"publish","type":"post","link":"https:\/\/elconquistadorredloslagos.cl\/test\/blog\/2024\/08\/23\/noticia-de-ultima-hora-alcalde-gervoy-paredes-destituido-por-escandalo-de-probidad-en-puerto-montt\/","title":{"rendered":"\u00a1Noticia de \u00daltima Hora! Alcalde Gervoy Paredes Destituido por Esc\u00e1ndalo de Probidad en Puerto Montt"},"content":{"rendered":"\n<p><strong>El Tribunal Electoral Regional de Los Lagos destituy\u00f3 este viernes al alcalde de Puerto Montt, Gervoy Paredes Rojas, tras ser acusado de incumplimiento de deberes y probidad administrativa. La decisi\u00f3n fue casi un\u00e1nime, dejando al edil con la opci\u00f3n de apelar en los pr\u00f3ximos d\u00edas.<\/strong><\/p>\n\n\n\n<p>Este viernes, el Tribunal Electoral Regional (TER) de Los Lagos resolvi\u00f3 destituir a Gervoy Paredes Rojas, alcalde de Puerto Montt y miembro del Partido Socialista (PS), por incumplimiento de sus deberes y transgresiones a la probidad administrativa. La determinaci\u00f3n se tom\u00f3 tras una solicitud de remoci\u00f3n presentada por varios concejales del municipio.<\/p>\n\n\n\n<p>De acuerdo con la informaci\u00f3n proporcionada por medios locales, Paredes fue acusado de 17 cargos, entre ellos la transferencia irregular de fondos municipales y la apertura de un juicio de cuentas por parte de la Contralor\u00eda General de la Rep\u00fablica contra la Municipalidad de Puerto Montt. La resoluci\u00f3n del TER cont\u00f3 con el apoyo mayoritario de sus miembros, excepto por el voto en contra de la jueza Teresa Mora Torres.<\/p>\n\n\n\n<p>El ahora exalcalde tiene la posibilidad de apelar la decisi\u00f3n ante el Tribunal Calificador de Elecciones (Tricel) dentro de un plazo de cinco d\u00edas h\u00e1biles. En el fallo del TER se detalla que, aunque algunos cargos fueron desestimados, la remoci\u00f3n se fundamenta en una conducta reiterada de abandono de sus funciones y vulneraci\u00f3n de principios \u00e9ticos.<\/p>\n","protected":false},"excerpt":{"rendered":"<p>El Tribunal Electoral Regional de Los Lagos destituy\u00f3 este viernes al alcalde de Puerto Montt, Gervoy Paredes Rojas, tras ser acusado de incumplimiento de deberes y probidad administrativa. La decisi\u00f3n..<\/p>\n","protected":false},"author":5,"featured_media":2361,"comment_status":"open","ping_status":"open","sticky":false,"template":"","format":"standard","meta":{"footnotes":""},"categories":[28,26,38],"tags":[],"class_list":["post-2360","post","type-post","status-publish","format-standard","has-post-thumbnail","hentry","category-actual","category-comunidad","category-politica"],"rttpg_featured_image_url":{"full":["https:\/\/elconquistadorredloslagos.cl\/test\/wp-content\/uploads\/2024\/08\/Gervoy-Paredes.jpeg",1280,854,false],"landscape":["https:\/\/elconquistadorredloslagos.cl\/test\/wp-content\/uploads\/2024\/08\/Gervoy-Paredes.jpeg",1280,854,false],"portraits":["https:\/\/elconquistadorredloslagos.cl\/test\/wp-content\/uploads\/2024\/08\/Gervoy-Paredes.jpeg",1280,854,false],"thumbnail":["https:\/\/elconquistadorredloslagos.cl\/test\/wp-content\/uploads\/2024\/08\/Gervoy-Paredes-150x150.jpeg",150,150,true],"medium":["https:\/\/elconquistadorredloslagos.cl\/test\/wp-content\/uploads\/2024\/08\/Gervoy-Paredes-300x200.jpeg",300,200,true],"large":["https:\/\/elconquistadorredloslagos.cl\/test\/wp-content\/uploads\/2024\/08\/Gervoy-Paredes-1024x683.jpeg",1024,683,true],"1536x1536":["https:\/\/elconquistadorredloslagos.cl\/test\/wp-content\/uploads\/2024\/08\/Gervoy-Paredes.jpeg",1280,854,false],"2048x2048":["https:\/\/elconquistadorredloslagos.cl\/test\/wp-content\/uploads\/2024\/08\/Gervoy-Paredes.jpeg",1280,854,false]},"rttpg_author":{"display_name":"cavila","author_link":"https:\/\/elconquistadorredloslagos.cl\/test\/blog\/author\/cavila\/"},"rttpg_comment":0,"rttpg_category":"<a href=\"https:\/\/elconquistadorredloslagos.cl\/test\/blog\/category\/actual\/\" rel=\"category tag\">Actualidad<\/a> <a href=\"https:\/\/elconquistadorredloslagos.cl\/test\/blog\/category\/comunidad\/\" rel=\"category tag\">Comunidad<\/a> <a href=\"https:\/\/elconquistadorredloslagos.cl\/test\/blog\/category\/actual\/politica\/\" rel=\"category tag\">Politica<\/a>","rttpg_excerpt":"El Tribunal Electoral Regional de Los Lagos destituy\u00f3 este viernes al alcalde de Puerto Montt, Gervoy Paredes Rojas, tras ser acusado de incumplimiento de deberes y probidad administrativa. La decisi\u00f3n..","_links":{"self":[{"href":"https:\/\/elconquistadorredloslagos.cl\/test\/wp-json\/wp\/v2\/posts\/2360","targetHints":{"allow":["GET"]}}],"collection":[{"href":"https:\/\/elconquistadorredloslagos.cl\/test\/wp-json\/wp\/v2\/posts"}],"about":[{"href":"https:\/\/elconquistadorredloslagos.cl\/test\/wp-json\/wp\/v2\/types\/post"}],"author":[{"embeddable":true,"href":"https:\/\/elconquistadorredloslagos.cl\/test\/wp-json\/wp\/v2\/users\/5"}],"replies":[{"embeddable":true,"href":"https:\/\/elconquistadorredloslagos.cl\/test\/wp-json\/wp\/v2\/comments?post=2360"}],"version-history":[{"count":1,"href":"https:\/\/elconquistadorredloslagos.cl\/test\/wp-json\/wp\/v2\/posts\/2360\/revisions"}],"predecessor-version":[{"id":2362,"href":"https:\/\/elconquistadorredloslagos.cl\/test\/wp-json\/wp\/v2\/posts\/2360\/revisions\/2362"}],"wp:featuredmedia":[{"embeddable":true,"href":"https:\/\/elconquistadorredloslagos.cl\/test\/wp-json\/wp\/v2\/media\/2361"}],"wp:attachment":[{"href":"https:\/\/elconquistadorredloslagos.cl\/test\/wp-json\/wp\/v2\/media?parent=2360"}],"wp:term":[{"taxonomy":"category","embeddable":true,"href":"https:\/\/elconquistadorredloslagos.cl\/test\/wp-json\/wp\/v2\/categories?post=2360"},{"taxonomy":"post_tag","embeddable":true,"href":"https:\/\/elconquistadorredloslagos.cl\/test\/wp-json\/wp\/v2\/tags?post=2360"}],"curies":[{"name":"wp","href":"https:\/\/api.w.org\/{rel}","templated":true}]}}