{"id":23578,"date":"2026-09-04T16:15:43","date_gmt":"2026-09-04T20:15:43","guid":{"rendered":"https:\/\/elconquistadorredloslagos.cl\/test\/?p=23578"},"modified":"2026-09-04T16:15:43","modified_gmt":"2026-09-04T20:15:43","slug":"clases-en-el-liceo-de-hombres-se-reanudaran-este-lunes-tras-recuperar-sistema-de-calefaccion","status":"publish","type":"post","link":"https:\/\/elconquistadorredloslagos.cl\/test\/blog\/2026\/09\/04\/clases-en-el-liceo-de-hombres-se-reanudaran-este-lunes-tras-recuperar-sistema-de-calefaccion\/","title":{"rendered":"Clases en el Liceo de Hombres se reanudar\u00e1n este lunes tras recuperar sistema de calefacci\u00f3n"},"content":{"rendered":"\n<p class=\"wp-block-paragraph\">Luego de los trabajos ejecutados en el sistema de calefacci\u00f3n del Liceo de Hombres Manuel Montt, durante la jornada de este viernes se realizaron pruebas en el sistema el\u00e9ctrico de las calderas, con el objetivo de verificar su operatividad.<\/p>\n\n\n\n<p class=\"wp-block-paragraph\">Los trabajos finalizaron exitosamente, lo que permitir\u00e1 reiniciar las clases el pr\u00f3ximo lunes 7 de septiembre seg\u00fan confirm\u00f3 el rector (s) del Liceo de Hombres, V\u00edctor Uribe Radatz.<\/p>\n\n\n\n<p class=\"wp-block-paragraph\">\u201cHoy d\u00eda han finalizado los trabajos de mantenci\u00f3n de los radiadores y del tablero el\u00e9ctrico, con entera satisfacci\u00f3n del Centro de Alumnos y el Centro de Padres. Agradecer la gran disposici\u00f3n de sostenedor y tambi\u00e9n del DAEM de Puerto Montt\u201d, inform\u00f3, para agregar que \u201clas clases se reanudan el d\u00eda lunes a partir de las 8 de la ma\u00f1ana, as\u00ed que todos bienvenidos\u201d.<\/p>\n\n\n\n<p class=\"wp-block-paragraph\">Una comisi\u00f3n integrada por el Centro de Padres y Apoderados, el Centro de Alumnos, la rector\u00eda del establecimiento, el DAEM y la Municipalidad verific\u00f3 en terreno el funcionamiento del sistema de calefacci\u00f3n.<\/p>\n\n\n\n<p class=\"wp-block-paragraph\">Tom\u00e1s Godoy, presidente del Centro de Alumnos del Liceo de Hombres, valor\u00f3 el t\u00e9rmino de los trabajos y la reanudaci\u00f3n de las clases.<\/p>\n\n\n\n<p class=\"wp-block-paragraph\">\u201cQueremos agradecer a las autoridades, quienes han fiscalizado que se haya hecho la gesti\u00f3n pertinente para que podamos retornar a clases el d\u00eda lunes. Lamentamos que se hayan perdido clases estos d\u00edas, pero como Centro de Alumnos insistimos en que vamos a seguir fiscalizando y luchando para que todas estas gestiones se lleven a cabo de la manera correcta\u201d, indic\u00f3.<\/p>\n\n\n\n<p class=\"wp-block-paragraph\">Desde el Departamento de Administraci\u00f3n de Educaci\u00f3n Municipal (DAEM), el jefe de la unidad T\u00e9cnico Pedag\u00f3gica, H\u00e9ctor Ruiz, destac\u00f3 la reparaci\u00f3n del sistema para otorgar a los estudiantes las mejores condiciones. \u201cLos trabajos en la calefacci\u00f3n ya han sido solucionados y los estudiantes van a poder volver a sus clases normales a partir del lunes\u201d, coment\u00f3.<\/p>\n\n\n\n<p class=\"wp-block-paragraph\">Los problemas se generaron luego que personal del DAEM realizara una mantenci\u00f3n del sistema, algo que no hab\u00eda ocurrido desde hac\u00eda m\u00e1s de 15 a\u00f1os.<\/p>\n","protected":false},"excerpt":{"rendered":"<p>Luego de los trabajos ejecutados en el sistema de calefacci\u00f3n del Liceo de Hombres Manuel Montt, durante la jornada de este viernes se realizaron pruebas en el sistema el\u00e9ctrico de..<\/p>\n","protected":false},"author":8,"featured_media":23579,"comment_status":"closed","ping_status":"open","sticky":false,"template":"","format":"standard","meta":{"footnotes":""},"categories":[26,39,56],"tags":[],"class_list":["post-23578","post","type-post","status-publish","format-standard","has-post-thumbnail","hentry","category-comunidad","category-educacion","category-puerto-montt"],"rttpg_featured_image_url":{"full":["https:\/\/elconquistadorredloslagos.cl\/test\/wp-content\/uploads\/2026\/09\/PHOTO-2026-09-04-16-08-30.jpg",1600,1200,false],"landscape":["https:\/\/elconquistadorredloslagos.cl\/test\/wp-content\/uploads\/2026\/09\/PHOTO-2026-09-04-16-08-30.jpg",1600,1200,false],"portraits":["https:\/\/elconquistadorredloslagos.cl\/test\/wp-content\/uploads\/2026\/09\/PHOTO-2026-09-04-16-08-30.jpg",1600,1200,false],"thumbnail":["https:\/\/elconquistadorredloslagos.cl\/test\/wp-content\/uploads\/2026\/09\/PHOTO-2026-09-04-16-08-30-150x150.jpg",150,150,true],"medium":["https:\/\/elconquistadorredloslagos.cl\/test\/wp-content\/uploads\/2026\/09\/PHOTO-2026-09-04-16-08-30-300x225.jpg",300,225,true],"large":["https:\/\/elconquistadorredloslagos.cl\/test\/wp-content\/uploads\/2026\/09\/PHOTO-2026-09-04-16-08-30-1024x768.jpg",1024,768,true],"1536x1536":["https:\/\/elconquistadorredloslagos.cl\/test\/wp-content\/uploads\/2026\/09\/PHOTO-2026-09-04-16-08-30-1536x1152.jpg",1536,1152,true],"2048x2048":["https:\/\/elconquistadorredloslagos.cl\/test\/wp-content\/uploads\/2026\/09\/PHOTO-2026-09-04-16-08-30.jpg",1600,1200,false]},"rttpg_author":{"display_name":"cmansilla","author_link":"https:\/\/elconquistadorredloslagos.cl\/test\/blog\/author\/cmansilla\/"},"rttpg_comment":0,"rttpg_category":"<a href=\"https:\/\/elconquistadorredloslagos.cl\/test\/blog\/category\/comunidad\/\" rel=\"category tag\">Comunidad<\/a> <a href=\"https:\/\/elconquistadorredloslagos.cl\/test\/blog\/category\/actual\/educacion\/\" rel=\"category tag\">Educaci\u00f3n<\/a> <a href=\"https:\/\/elconquistadorredloslagos.cl\/test\/blog\/category\/chile\/puerto-montt\/\" rel=\"category tag\">Puerto Montt<\/a>","rttpg_excerpt":"Luego de los trabajos ejecutados en el sistema de calefacci\u00f3n del Liceo de Hombres Manuel Montt, durante la jornada de este viernes se realizaron pruebas en el sistema el\u00e9ctrico de..","_links":{"self":[{"href":"https:\/\/elconquistadorredloslagos.cl\/test\/wp-json\/wp\/v2\/posts\/23578","targetHints":{"allow":["GET"]}}],"collection":[{"href":"https:\/\/elconquistadorredloslagos.cl\/test\/wp-json\/wp\/v2\/posts"}],"about":[{"href":"https:\/\/elconquistadorredloslagos.cl\/test\/wp-json\/wp\/v2\/types\/post"}],"author":[{"embeddable":true,"href":"https:\/\/elconquistadorredloslagos.cl\/test\/wp-json\/wp\/v2\/users\/8"}],"replies":[{"embeddable":true,"href":"https:\/\/elconquistadorredloslagos.cl\/test\/wp-json\/wp\/v2\/comments?post=23578"}],"version-history":[{"count":1,"href":"https:\/\/elconquistadorredloslagos.cl\/test\/wp-json\/wp\/v2\/posts\/23578\/revisions"}],"predecessor-version":[{"id":23580,"href":"https:\/\/elconquistadorredloslagos.cl\/test\/wp-json\/wp\/v2\/posts\/23578\/revisions\/23580"}],"wp:featuredmedia":[{"embeddable":true,"href":"https:\/\/elconquistadorredloslagos.cl\/test\/wp-json\/wp\/v2\/media\/23579"}],"wp:attachment":[{"href":"https:\/\/elconquistadorredloslagos.cl\/test\/wp-json\/wp\/v2\/media?parent=23578"}],"wp:term":[{"taxonomy":"category","embeddable":true,"href":"https:\/\/elconquistadorredloslagos.cl\/test\/wp-json\/wp\/v2\/categories?post=23578"},{"taxonomy":"post_tag","embeddable":true,"href":"https:\/\/elconquistadorredloslagos.cl\/test\/wp-json\/wp\/v2\/tags?post=23578"}],"curies":[{"name":"wp","href":"https:\/\/api.w.org\/{rel}","templated":true}]}}