{"id":23574,"date":"2026-09-04T14:52:26","date_gmt":"2026-09-04T18:52:26","guid":{"rendered":"https:\/\/elconquistadorredloslagos.cl\/test\/?p=23574"},"modified":"2026-09-04T14:52:27","modified_gmt":"2026-09-04T18:52:27","slug":"gobierno-asegura-continuidad-del-proyecto-para-modernizar-complejo-cardenal-samore","status":"publish","type":"post","link":"https:\/\/elconquistadorredloslagos.cl\/test\/blog\/2026\/09\/04\/gobierno-asegura-continuidad-del-proyecto-para-modernizar-complejo-cardenal-samore\/","title":{"rendered":"Gobierno asegura continuidad del proyecto para modernizar Complejo Cardenal Samor\u00e9"},"content":{"rendered":"\n<p class=\"wp-block-paragraph\">La modernizaci\u00f3n del Complejo Fronterizo Cardenal Samor\u00e9 seguir\u00e1 adelante, aunque el proyecto enfrenta ajustes t\u00e9cnicos y desaf\u00edos presupuestarios. As\u00ed lo reafirmaron autoridades de Gobierno, quienes descartaron que las obras vayan a ser suspendidas en este estrat\u00e9gico punto de conexi\u00f3n entre Chile y Argentina.<\/p>\n\n\n\n<p class=\"wp-block-paragraph\">El delegado presidencial provincial de Osorno, Alejandro Rehbein, asegur\u00f3 que el Ejecutivo mantiene su compromiso con la iniciativa. En tanto, el subsecretario de Obras P\u00fablicas, Nicol\u00e1s Balmaceda, explic\u00f3 que actualmente se trabaja para resolver la situaci\u00f3n de la Tenencia Pajarito, cuyo contrato fue adjudicado sin contar con presupuesto suficiente para su ejecuci\u00f3n.<\/p>\n\n\n\n<p class=\"wp-block-paragraph\">La autoridad se\u00f1al\u00f3 que se impulsar\u00e1n medidas de corto plazo para dar viabilidad a las obras, mientras que a futuro se eval\u00faan alternativas mediante concesiones que permitan elevar el est\u00e1ndar del complejo.<\/p>\n\n\n\n<p class=\"wp-block-paragraph\">Por su parte, el delegado presidencial regional, Cristian Palma, destac\u00f3 la importancia de Cardenal Samor\u00e9, considerado el segundo paso fronterizo con mayor flujo terrestre del pa\u00eds, y se\u00f1al\u00f3 que se gestionan recursos junto al subsecretario del Interior, M\u00e1ximo Pavez.<\/p>\n\n\n\n<p class=\"wp-block-paragraph\">Rehbein enfatiz\u00f3 que, debido a la magnitud de la inversi\u00f3n, el proyecto requiere responsabilidad fiscal y una planificaci\u00f3n cuidadosa. Las mesas t\u00e9cnicas continuar\u00e1n trabajando en el dise\u00f1o definitivo y la ejecuci\u00f3n de las obras.<\/p>\n\n\n\n<p class=\"wp-block-paragraph\">\ud83d\udcf7 Referencial<\/p>\n","protected":false},"excerpt":{"rendered":"<p>La modernizaci\u00f3n del Complejo Fronterizo Cardenal Samor\u00e9 seguir\u00e1 adelante, aunque el proyecto enfrenta ajustes t\u00e9cnicos y desaf\u00edos presupuestarios. As\u00ed lo reafirmaron autoridades de Gobierno, quienes descartaron que las obras vayan..<\/p>\n","protected":false},"author":2,"featured_media":23575,"comment_status":"closed","ping_status":"open","sticky":false,"template":"","format":"standard","meta":{"footnotes":""},"categories":[1,28,67],"tags":[],"class_list":["post-23574","post","type-post","status-publish","format-standard","has-post-thumbnail","hentry","category-acontecer","category-actual","category-regional"],"rttpg_featured_image_url":{"full":["https:\/\/elconquistadorredloslagos.cl\/test\/wp-content\/uploads\/2026\/09\/Diseno-sin-titulo-2-3.jpg",1920,1080,false],"landscape":["https:\/\/elconquistadorredloslagos.cl\/test\/wp-content\/uploads\/2026\/09\/Diseno-sin-titulo-2-3.jpg",1920,1080,false],"portraits":["https:\/\/elconquistadorredloslagos.cl\/test\/wp-content\/uploads\/2026\/09\/Diseno-sin-titulo-2-3.jpg",1920,1080,false],"thumbnail":["https:\/\/elconquistadorredloslagos.cl\/test\/wp-content\/uploads\/2026\/09\/Diseno-sin-titulo-2-3-150x150.jpg",150,150,true],"medium":["https:\/\/elconquistadorredloslagos.cl\/test\/wp-content\/uploads\/2026\/09\/Diseno-sin-titulo-2-3-300x169.jpg",300,169,true],"large":["https:\/\/elconquistadorredloslagos.cl\/test\/wp-content\/uploads\/2026\/09\/Diseno-sin-titulo-2-3-1024x576.jpg",1024,576,true],"1536x1536":["https:\/\/elconquistadorredloslagos.cl\/test\/wp-content\/uploads\/2026\/09\/Diseno-sin-titulo-2-3-1536x864.jpg",1536,864,true],"2048x2048":["https:\/\/elconquistadorredloslagos.cl\/test\/wp-content\/uploads\/2026\/09\/Diseno-sin-titulo-2-3.jpg",1920,1080,false]},"rttpg_author":{"display_name":"ccardenas","author_link":"https:\/\/elconquistadorredloslagos.cl\/test\/blog\/author\/ccardenas\/"},"rttpg_comment":0,"rttpg_category":"<a href=\"https:\/\/elconquistadorredloslagos.cl\/test\/blog\/category\/actual\/acontecer\/\" rel=\"category tag\">Acontecer<\/a> <a href=\"https:\/\/elconquistadorredloslagos.cl\/test\/blog\/category\/actual\/\" rel=\"category tag\">Actualidad<\/a> <a href=\"https:\/\/elconquistadorredloslagos.cl\/test\/blog\/category\/regional\/\" rel=\"category tag\">Regional<\/a>","rttpg_excerpt":"La modernizaci\u00f3n del Complejo Fronterizo Cardenal Samor\u00e9 seguir\u00e1 adelante, aunque el proyecto enfrenta ajustes t\u00e9cnicos y desaf\u00edos presupuestarios. As\u00ed lo reafirmaron autoridades de Gobierno, quienes descartaron que las obras vayan..","_links":{"self":[{"href":"https:\/\/elconquistadorredloslagos.cl\/test\/wp-json\/wp\/v2\/posts\/23574","targetHints":{"allow":["GET"]}}],"collection":[{"href":"https:\/\/elconquistadorredloslagos.cl\/test\/wp-json\/wp\/v2\/posts"}],"about":[{"href":"https:\/\/elconquistadorredloslagos.cl\/test\/wp-json\/wp\/v2\/types\/post"}],"author":[{"embeddable":true,"href":"https:\/\/elconquistadorredloslagos.cl\/test\/wp-json\/wp\/v2\/users\/2"}],"replies":[{"embeddable":true,"href":"https:\/\/elconquistadorredloslagos.cl\/test\/wp-json\/wp\/v2\/comments?post=23574"}],"version-history":[{"count":1,"href":"https:\/\/elconquistadorredloslagos.cl\/test\/wp-json\/wp\/v2\/posts\/23574\/revisions"}],"predecessor-version":[{"id":23576,"href":"https:\/\/elconquistadorredloslagos.cl\/test\/wp-json\/wp\/v2\/posts\/23574\/revisions\/23576"}],"wp:featuredmedia":[{"embeddable":true,"href":"https:\/\/elconquistadorredloslagos.cl\/test\/wp-json\/wp\/v2\/media\/23575"}],"wp:attachment":[{"href":"https:\/\/elconquistadorredloslagos.cl\/test\/wp-json\/wp\/v2\/media?parent=23574"}],"wp:term":[{"taxonomy":"category","embeddable":true,"href":"https:\/\/elconquistadorredloslagos.cl\/test\/wp-json\/wp\/v2\/categories?post=23574"},{"taxonomy":"post_tag","embeddable":true,"href":"https:\/\/elconquistadorredloslagos.cl\/test\/wp-json\/wp\/v2\/tags?post=23574"}],"curies":[{"name":"wp","href":"https:\/\/api.w.org\/{rel}","templated":true}]}}