{"id":23570,"date":"2026-09-04T14:44:06","date_gmt":"2026-09-04T18:44:06","guid":{"rendered":"https:\/\/elconquistadorredloslagos.cl\/test\/?p=23570"},"modified":"2026-09-04T14:44:07","modified_gmt":"2026-09-04T18:44:07","slug":"hombre-muere-tras-ataque-con-arma-blanca-en-plaza-de-rahue-alto","status":"publish","type":"post","link":"https:\/\/elconquistadorredloslagos.cl\/test\/blog\/2026\/09\/04\/hombre-muere-tras-ataque-con-arma-blanca-en-plaza-de-rahue-alto\/","title":{"rendered":"Hombre muere tras ataque con arma blanca en plaza de Rahue Alto"},"content":{"rendered":"\n<p class=\"wp-block-paragraph\">Un hombre de 39 a\u00f1os perdi\u00f3 la vida durante la madrugada de este viernes en Osorno, luego de resultar gravemente herido en un aparente enfrentamiento ocurrido en el sector de Rahue Alto. El hecho es investigado por la Brigada de Homicidios de la PDI.<\/p>\n\n\n\n<p class=\"wp-block-paragraph\">La emergencia fue reportada cerca de las 00.42 horas a Cenco de Carabineros, tras el llamado de un testigo que alert\u00f3 sobre una persona lesionada en la intersecci\u00f3n de Chacarillas con Yumbel. Al llegar, los funcionarios encontraron a la v\u00edctima tendida junto a un banco de la plaza, con heridas en una pierna y a la altura de los hombros.<\/p>\n\n\n\n<p class=\"wp-block-paragraph\">De acuerdo con antecedentes recogidos en el lugar, el hombre habr\u00eda llegado solicitando ayuda despu\u00e9s de participar presuntamente en una ri\u00f1a. Vecinos intentaban controlar el sangrado cuando arrib\u00f3 una ambulancia del SAMU, cuyo personal estabiliz\u00f3 al paciente y lo traslad\u00f3 de urgencia al Hospital Base San Jos\u00e9.<\/p>\n\n\n\n<p class=\"wp-block-paragraph\">Pese a la atenci\u00f3n m\u00e9dica, a las 01.49 horas se confirm\u00f3 su fallecimiento debido a la gravedad de las lesiones provocadas con un arma cortopunzante.<\/p>\n\n\n\n<p class=\"wp-block-paragraph\">Por instrucci\u00f3n del fiscal de turno, detectives de la Brigada de Homicidios y peritos del Laboratorio de Criminal\u00edstica quedaron a cargo de las diligencias para esclarecer la din\u00e1mica del hecho y determinar responsabilidades.<\/p>\n\n\n\n<p class=\"wp-block-paragraph\">\ud83d\udcf7 Referencial<\/p>\n","protected":false},"excerpt":{"rendered":"<p>Un hombre de 39 a\u00f1os perdi\u00f3 la vida durante la madrugada de este viernes en Osorno, luego de resultar gravemente herido en un aparente enfrentamiento ocurrido en el sector de..<\/p>\n","protected":false},"author":2,"featured_media":23571,"comment_status":"closed","ping_status":"open","sticky":false,"template":"","format":"standard","meta":{"footnotes":""},"categories":[1,28,55],"tags":[],"class_list":["post-23570","post","type-post","status-publish","format-standard","has-post-thumbnail","hentry","category-acontecer","category-actual","category-osorno"],"rttpg_featured_image_url":{"full":["https:\/\/elconquistadorredloslagos.cl\/test\/wp-content\/uploads\/2026\/09\/Diseno-sin-titulo-1-4.jpg",1920,1080,false],"landscape":["https:\/\/elconquistadorredloslagos.cl\/test\/wp-content\/uploads\/2026\/09\/Diseno-sin-titulo-1-4.jpg",1920,1080,false],"portraits":["https:\/\/elconquistadorredloslagos.cl\/test\/wp-content\/uploads\/2026\/09\/Diseno-sin-titulo-1-4.jpg",1920,1080,false],"thumbnail":["https:\/\/elconquistadorredloslagos.cl\/test\/wp-content\/uploads\/2026\/09\/Diseno-sin-titulo-1-4-150x150.jpg",150,150,true],"medium":["https:\/\/elconquistadorredloslagos.cl\/test\/wp-content\/uploads\/2026\/09\/Diseno-sin-titulo-1-4-300x169.jpg",300,169,true],"large":["https:\/\/elconquistadorredloslagos.cl\/test\/wp-content\/uploads\/2026\/09\/Diseno-sin-titulo-1-4-1024x576.jpg",1024,576,true],"1536x1536":["https:\/\/elconquistadorredloslagos.cl\/test\/wp-content\/uploads\/2026\/09\/Diseno-sin-titulo-1-4-1536x864.jpg",1536,864,true],"2048x2048":["https:\/\/elconquistadorredloslagos.cl\/test\/wp-content\/uploads\/2026\/09\/Diseno-sin-titulo-1-4.jpg",1920,1080,false]},"rttpg_author":{"display_name":"ccardenas","author_link":"https:\/\/elconquistadorredloslagos.cl\/test\/blog\/author\/ccardenas\/"},"rttpg_comment":0,"rttpg_category":"<a href=\"https:\/\/elconquistadorredloslagos.cl\/test\/blog\/category\/actual\/acontecer\/\" rel=\"category tag\">Acontecer<\/a> <a href=\"https:\/\/elconquistadorredloslagos.cl\/test\/blog\/category\/actual\/\" rel=\"category tag\">Actualidad<\/a> <a href=\"https:\/\/elconquistadorredloslagos.cl\/test\/blog\/category\/chile\/osorno\/\" rel=\"category tag\">Osorno<\/a>","rttpg_excerpt":"Un hombre de 39 a\u00f1os perdi\u00f3 la vida durante la madrugada de este viernes en Osorno, luego de resultar gravemente herido en un aparente enfrentamiento ocurrido en el sector de..","_links":{"self":[{"href":"https:\/\/elconquistadorredloslagos.cl\/test\/wp-json\/wp\/v2\/posts\/23570","targetHints":{"allow":["GET"]}}],"collection":[{"href":"https:\/\/elconquistadorredloslagos.cl\/test\/wp-json\/wp\/v2\/posts"}],"about":[{"href":"https:\/\/elconquistadorredloslagos.cl\/test\/wp-json\/wp\/v2\/types\/post"}],"author":[{"embeddable":true,"href":"https:\/\/elconquistadorredloslagos.cl\/test\/wp-json\/wp\/v2\/users\/2"}],"replies":[{"embeddable":true,"href":"https:\/\/elconquistadorredloslagos.cl\/test\/wp-json\/wp\/v2\/comments?post=23570"}],"version-history":[{"count":1,"href":"https:\/\/elconquistadorredloslagos.cl\/test\/wp-json\/wp\/v2\/posts\/23570\/revisions"}],"predecessor-version":[{"id":23572,"href":"https:\/\/elconquistadorredloslagos.cl\/test\/wp-json\/wp\/v2\/posts\/23570\/revisions\/23572"}],"wp:featuredmedia":[{"embeddable":true,"href":"https:\/\/elconquistadorredloslagos.cl\/test\/wp-json\/wp\/v2\/media\/23571"}],"wp:attachment":[{"href":"https:\/\/elconquistadorredloslagos.cl\/test\/wp-json\/wp\/v2\/media?parent=23570"}],"wp:term":[{"taxonomy":"category","embeddable":true,"href":"https:\/\/elconquistadorredloslagos.cl\/test\/wp-json\/wp\/v2\/categories?post=23570"},{"taxonomy":"post_tag","embeddable":true,"href":"https:\/\/elconquistadorredloslagos.cl\/test\/wp-json\/wp\/v2\/tags?post=23570"}],"curies":[{"name":"wp","href":"https:\/\/api.w.org\/{rel}","templated":true}]}}