{"id":23563,"date":"2026-09-04T14:39:56","date_gmt":"2026-09-04T18:39:56","guid":{"rendered":"https:\/\/elconquistadorredloslagos.cl\/test\/?p=23563"},"modified":"2026-09-04T14:39:56","modified_gmt":"2026-09-04T18:39:56","slug":"saesa-inaugura-totem-de-carga-para-celulares-en-terminal-municipal-de-ancud","status":"publish","type":"post","link":"https:\/\/elconquistadorredloslagos.cl\/test\/blog\/2026\/09\/04\/saesa-inaugura-totem-de-carga-para-celulares-en-terminal-municipal-de-ancud\/","title":{"rendered":"Saesa inaugura t\u00f3tem de carga para celulares en Terminal Municipal de Ancud"},"content":{"rendered":"\n<p class=\"wp-block-paragraph\">Con el prop\u00f3sito de acercar la energ\u00eda y la tecnolog\u00eda a la comunidad, Saesa inaugur\u00f3 un nuevo t\u00f3tem de carga gratuita para tel\u00e9fonos celulares en el Terminal Municipal Interurbano de Ancud, un espacio de alto tr\u00e1nsito que diariamente recibe a cientos de usuarios que viajan dentro y fuera de la comuna.<\/p>\n\n\n\n<p class=\"wp-block-paragraph\">La actividad cont\u00f3 con la participaci\u00f3n de locatarios del terminal, representantes de la Secretar\u00eda Comunal de Planificaci\u00f3n (Secplan) y de la Direcci\u00f3n de Tr\u00e1nsito de la Municipalidad de Ancud, adem\u00e1s de personal de Saesa.<\/p>\n\n\n\n<p class=\"wp-block-paragraph\">Javiera Fontecilla, jefa de Servicio al Cliente de Saesa en Chilo\u00e9, indic\u00f3 que este nuevo punto de carga permitir\u00e1 que vecinos y vecinas puedan recargar gratuitamente sus tel\u00e9fonos m\u00f3viles mientras esperan o realizan viajes interurbanos. <\/p>\n\n\n\n<figure class=\"wp-block-audio\"><audio controls src=\"https:\/\/elconquistadorredloslagos.cl\/test\/wp-content\/uploads\/2026\/09\/Javiera-Fontecilla-cuna-04-09.mp3\"><\/audio><\/figure>\n\n\n\n<p class=\"wp-block-paragraph\">Por su parte, el director de Secplan de la Municipalidad de Ancud, Andr\u00e9s Sch\u00e4fer, valor\u00f3 el aporte: <\/p>\n\n\n\n<figure class=\"wp-block-audio\"><audio controls src=\"https:\/\/elconquistadorredloslagos.cl\/test\/wp-content\/uploads\/2026\/09\/Andres-Schafer-cuna-04-09.mp3\"><\/audio><\/figure>\n\n\n\n<p class=\"wp-block-paragraph\">En tanto, el administrador del Terminal Municipal Interurbano de Ancud, Rodrigo Ram\u00edrez, destac\u00f3 el impacto.<\/p>\n\n\n\n<figure class=\"wp-block-audio\"><audio controls src=\"https:\/\/elconquistadorredloslagos.cl\/test\/wp-content\/uploads\/2026\/09\/Rodrigo-Ramirez-cuna-04-09.mp3\"><\/audio><\/figure>\n\n\n\n<p class=\"wp-block-paragraph\">La instalaci\u00f3n del t\u00f3tem forma parte del programa de vinculaci\u00f3n Conecta tu Energ\u00eda, iniciativa mediante la cual Saesa impulsa proyectos que aportan al bienestar de las comunidades y fortalecen el uso de espacios p\u00fablicos mediante soluciones pr\u00e1cticas y accesibles.<\/p>\n\n\n\n<p class=\"wp-block-paragraph\">Desde su implementaci\u00f3n hace cinco a\u00f1os, el programa ha permitido la instalaci\u00f3n de 126 t\u00f3tems de carga en la zona de concesi\u00f3n de la compa\u00f1\u00eda, beneficiando a m\u00e1s de 114 mil personas.<\/p>\n\n\n\n<figure class=\"wp-block-gallery has-nested-images columns-default is-cropped wp-block-gallery-1 is-layout-flex wp-block-gallery-is-layout-flex\">\n<figure class=\"wp-block-image size-large\"><img loading=\"lazy\" decoding=\"async\" width=\"1024\" height=\"768\" data-id=\"23567\" src=\"https:\/\/elconquistadorredloslagos.cl\/test\/wp-content\/uploads\/2026\/09\/WhatsApp-Image-2026-08-12-at-12.50.55-PM-1024x768.jpeg\" alt=\"\" class=\"wp-image-23567\" \/><\/figure>\n<\/figure>\n","protected":false},"excerpt":{"rendered":"<p>Con el prop\u00f3sito de acercar la energ\u00eda y la tecnolog\u00eda a la comunidad, Saesa inaugur\u00f3 un nuevo t\u00f3tem de carga gratuita para tel\u00e9fonos celulares en el Terminal Municipal Interurbano de..<\/p>\n","protected":false},"author":2,"featured_media":23568,"comment_status":"closed","ping_status":"open","sticky":false,"template":"","format":"standard","meta":{"footnotes":""},"categories":[1,28,51],"tags":[],"class_list":["post-23563","post","type-post","status-publish","format-standard","has-post-thumbnail","hentry","category-acontecer","category-actual","category-chiloe"],"rttpg_featured_image_url":{"full":["https:\/\/elconquistadorredloslagos.cl\/test\/wp-content\/uploads\/2026\/09\/Diseno-sin-titulo-14.jpg",1920,1080,false],"landscape":["https:\/\/elconquistadorredloslagos.cl\/test\/wp-content\/uploads\/2026\/09\/Diseno-sin-titulo-14.jpg",1920,1080,false],"portraits":["https:\/\/elconquistadorredloslagos.cl\/test\/wp-content\/uploads\/2026\/09\/Diseno-sin-titulo-14.jpg",1920,1080,false],"thumbnail":["https:\/\/elconquistadorredloslagos.cl\/test\/wp-content\/uploads\/2026\/09\/Diseno-sin-titulo-14-150x150.jpg",150,150,true],"medium":["https:\/\/elconquistadorredloslagos.cl\/test\/wp-content\/uploads\/2026\/09\/Diseno-sin-titulo-14-300x169.jpg",300,169,true],"large":["https:\/\/elconquistadorredloslagos.cl\/test\/wp-content\/uploads\/2026\/09\/Diseno-sin-titulo-14-1024x576.jpg",1024,576,true],"1536x1536":["https:\/\/elconquistadorredloslagos.cl\/test\/wp-content\/uploads\/2026\/09\/Diseno-sin-titulo-14-1536x864.jpg",1536,864,true],"2048x2048":["https:\/\/elconquistadorredloslagos.cl\/test\/wp-content\/uploads\/2026\/09\/Diseno-sin-titulo-14.jpg",1920,1080,false]},"rttpg_author":{"display_name":"ccardenas","author_link":"https:\/\/elconquistadorredloslagos.cl\/test\/blog\/author\/ccardenas\/"},"rttpg_comment":0,"rttpg_category":"<a href=\"https:\/\/elconquistadorredloslagos.cl\/test\/blog\/category\/actual\/acontecer\/\" rel=\"category tag\">Acontecer<\/a> <a href=\"https:\/\/elconquistadorredloslagos.cl\/test\/blog\/category\/actual\/\" rel=\"category tag\">Actualidad<\/a> <a href=\"https:\/\/elconquistadorredloslagos.cl\/test\/blog\/category\/chile\/chiloe\/\" rel=\"category tag\">Chilo\u00e9<\/a>","rttpg_excerpt":"Con el prop\u00f3sito de acercar la energ\u00eda y la tecnolog\u00eda a la comunidad, Saesa inaugur\u00f3 un nuevo t\u00f3tem de carga gratuita para tel\u00e9fonos celulares en el Terminal Municipal Interurbano de..","_links":{"self":[{"href":"https:\/\/elconquistadorredloslagos.cl\/test\/wp-json\/wp\/v2\/posts\/23563","targetHints":{"allow":["GET"]}}],"collection":[{"href":"https:\/\/elconquistadorredloslagos.cl\/test\/wp-json\/wp\/v2\/posts"}],"about":[{"href":"https:\/\/elconquistadorredloslagos.cl\/test\/wp-json\/wp\/v2\/types\/post"}],"author":[{"embeddable":true,"href":"https:\/\/elconquistadorredloslagos.cl\/test\/wp-json\/wp\/v2\/users\/2"}],"replies":[{"embeddable":true,"href":"https:\/\/elconquistadorredloslagos.cl\/test\/wp-json\/wp\/v2\/comments?post=23563"}],"version-history":[{"count":1,"href":"https:\/\/elconquistadorredloslagos.cl\/test\/wp-json\/wp\/v2\/posts\/23563\/revisions"}],"predecessor-version":[{"id":23569,"href":"https:\/\/elconquistadorredloslagos.cl\/test\/wp-json\/wp\/v2\/posts\/23563\/revisions\/23569"}],"wp:featuredmedia":[{"embeddable":true,"href":"https:\/\/elconquistadorredloslagos.cl\/test\/wp-json\/wp\/v2\/media\/23568"}],"wp:attachment":[{"href":"https:\/\/elconquistadorredloslagos.cl\/test\/wp-json\/wp\/v2\/media?parent=23563"}],"wp:term":[{"taxonomy":"category","embeddable":true,"href":"https:\/\/elconquistadorredloslagos.cl\/test\/wp-json\/wp\/v2\/categories?post=23563"},{"taxonomy":"post_tag","embeddable":true,"href":"https:\/\/elconquistadorredloslagos.cl\/test\/wp-json\/wp\/v2\/tags?post=23563"}],"curies":[{"name":"wp","href":"https:\/\/api.w.org\/{rel}","templated":true}]}}