{"id":2356,"date":"2024-08-23T16:03:12","date_gmt":"2024-08-23T20:03:12","guid":{"rendered":"https:\/\/elconquistadorredloslagos.cl\/test\/?p=2356"},"modified":"2024-08-23T16:04:28","modified_gmt":"2024-08-23T20:04:28","slug":"alcalde-de-puerto-montt-es-destituido-por-faltas-a-la-probidad-y-notable-abandono-de-deberes","status":"publish","type":"post","link":"https:\/\/elconquistadorredloslagos.cl\/test\/blog\/2024\/08\/23\/alcalde-de-puerto-montt-es-destituido-por-faltas-a-la-probidad-y-notable-abandono-de-deberes\/","title":{"rendered":"Alcalde de Puerto Montt es destituido por \u201cfaltas a la probidad y notable abandono de deberes\u201d"},"content":{"rendered":"\n<p>En medio de la expectaci\u00f3n que hab\u00eda generado este caso, finalmente el alcalde de Puerto Montt, Gervoy Paredes fue destituido de sus funciones, luego de que el Tribunal Electoral Regional (TER) en Los Lagos determinara que vulner\u00f3 normas sobre probidad administrativa, existiendo adem\u00e1s un notable abandono de deberes correspondientes a su cargo.<\/p>\n\n\n\n<p>La sentencia del tribunal se da luego de que cuatro de los diez concejales del municipio, como es el caso de Yerko Rodr\u00edguez, Fernando Binder, Juan Carlos Cuiti\u00f1o y Emilio Garrido, presentaran el juicio de remoci\u00f3n por notable abandono de deberes e infracci\u00f3n grave al principio de probidad administrativa.<\/p>\n\n\n\n<p>Entre las principales acusaciones que en total completaban 17, estaba el pol\u00e9mico caso de la pileta de aguas danzantes, sumado a la cr\u00edtica por el juicio de cuentas que lleva adelante la Contralor\u00eda por esta situaci\u00f3n.<\/p>\n","protected":false},"excerpt":{"rendered":"<p>En medio de la expectaci\u00f3n que hab\u00eda generado este caso, finalmente el alcalde de Puerto Montt, Gervoy Paredes fue destituido de sus funciones, luego de que el Tribunal Electoral Regional..<\/p>\n","protected":false},"author":2,"featured_media":2357,"comment_status":"open","ping_status":"open","sticky":false,"template":"","format":"standard","meta":{"footnotes":""},"categories":[28],"tags":[],"class_list":["post-2356","post","type-post","status-publish","format-standard","has-post-thumbnail","hentry","category-actual"],"rttpg_featured_image_url":{"full":["https:\/\/elconquistadorredloslagos.cl\/test\/wp-content\/uploads\/2024\/08\/municipio-3.jpg",2048,1147,false],"landscape":["https:\/\/elconquistadorredloslagos.cl\/test\/wp-content\/uploads\/2024\/08\/municipio-3.jpg",2048,1147,false],"portraits":["https:\/\/elconquistadorredloslagos.cl\/test\/wp-content\/uploads\/2024\/08\/municipio-3.jpg",2048,1147,false],"thumbnail":["https:\/\/elconquistadorredloslagos.cl\/test\/wp-content\/uploads\/2024\/08\/municipio-3-150x150.jpg",150,150,true],"medium":["https:\/\/elconquistadorredloslagos.cl\/test\/wp-content\/uploads\/2024\/08\/municipio-3-300x168.jpg",300,168,true],"large":["https:\/\/elconquistadorredloslagos.cl\/test\/wp-content\/uploads\/2024\/08\/municipio-3-1024x574.jpg",1024,574,true],"1536x1536":["https:\/\/elconquistadorredloslagos.cl\/test\/wp-content\/uploads\/2024\/08\/municipio-3-1536x860.jpg",1536,860,true],"2048x2048":["https:\/\/elconquistadorredloslagos.cl\/test\/wp-content\/uploads\/2024\/08\/municipio-3.jpg",2048,1147,false]},"rttpg_author":{"display_name":"ccardenas","author_link":"https:\/\/elconquistadorredloslagos.cl\/test\/blog\/author\/ccardenas\/"},"rttpg_comment":1,"rttpg_category":"<a href=\"https:\/\/elconquistadorredloslagos.cl\/test\/blog\/category\/actual\/\" rel=\"category tag\">Actualidad<\/a>","rttpg_excerpt":"En medio de la expectaci\u00f3n que hab\u00eda generado este caso, finalmente el alcalde de Puerto Montt, Gervoy Paredes fue destituido de sus funciones, luego de que el Tribunal Electoral Regional..","_links":{"self":[{"href":"https:\/\/elconquistadorredloslagos.cl\/test\/wp-json\/wp\/v2\/posts\/2356","targetHints":{"allow":["GET"]}}],"collection":[{"href":"https:\/\/elconquistadorredloslagos.cl\/test\/wp-json\/wp\/v2\/posts"}],"about":[{"href":"https:\/\/elconquistadorredloslagos.cl\/test\/wp-json\/wp\/v2\/types\/post"}],"author":[{"embeddable":true,"href":"https:\/\/elconquistadorredloslagos.cl\/test\/wp-json\/wp\/v2\/users\/2"}],"replies":[{"embeddable":true,"href":"https:\/\/elconquistadorredloslagos.cl\/test\/wp-json\/wp\/v2\/comments?post=2356"}],"version-history":[{"count":2,"href":"https:\/\/elconquistadorredloslagos.cl\/test\/wp-json\/wp\/v2\/posts\/2356\/revisions"}],"predecessor-version":[{"id":2359,"href":"https:\/\/elconquistadorredloslagos.cl\/test\/wp-json\/wp\/v2\/posts\/2356\/revisions\/2359"}],"wp:featuredmedia":[{"embeddable":true,"href":"https:\/\/elconquistadorredloslagos.cl\/test\/wp-json\/wp\/v2\/media\/2357"}],"wp:attachment":[{"href":"https:\/\/elconquistadorredloslagos.cl\/test\/wp-json\/wp\/v2\/media?parent=2356"}],"wp:term":[{"taxonomy":"category","embeddable":true,"href":"https:\/\/elconquistadorredloslagos.cl\/test\/wp-json\/wp\/v2\/categories?post=2356"},{"taxonomy":"post_tag","embeddable":true,"href":"https:\/\/elconquistadorredloslagos.cl\/test\/wp-json\/wp\/v2\/tags?post=2356"}],"curies":[{"name":"wp","href":"https:\/\/api.w.org\/{rel}","templated":true}]}}