{"id":23556,"date":"2026-09-04T14:36:48","date_gmt":"2026-09-04T18:36:48","guid":{"rendered":"https:\/\/elconquistadorredloslagos.cl\/test\/?p=23556"},"modified":"2026-09-04T14:36:49","modified_gmt":"2026-09-04T18:36:49","slug":"consejeros-regionales-visitan-la-central-canutillar-para-conocer-su-rol-estrategico-en-el-sistema-electrico-nacional","status":"publish","type":"post","link":"https:\/\/elconquistadorredloslagos.cl\/test\/blog\/2026\/09\/04\/consejeros-regionales-visitan-la-central-canutillar-para-conocer-su-rol-estrategico-en-el-sistema-electrico-nacional\/","title":{"rendered":"Consejeros Regionales visitan la Central Canutillar para conocer su rol estrat\u00e9gico en el sistema el\u00e9ctrico nacional"},"content":{"rendered":"\n<p class=\"wp-block-paragraph\"><strong><em>La actividad permiti\u00f3 a los CORES conocer en terreno el funcionamiento de la planta y su importancia para la seguridad y estabilidad del suministro, adem\u00e1s de los avances de la propuesta del Plan de Reparaci\u00f3n que la generadora presentar\u00e1 en octubre<\/em><\/strong><\/p>\n\n\n\n<p class=\"wp-block-paragraph\">En una iniciativa que busca fortalecer el v\u00ednculo entre las autoridades regionales y la infraestructura energ\u00e9tica clave para la zona, una delegaci\u00f3n del Consejo Regional (CORE) de Los Lagos visit\u00f3 las instalaciones de la Central Hidroel\u00e9ctrica Canutillar, operada por Colb\u00fan.&nbsp; La comitiva del CORE estuvo integrada por Rodrigo Arismendi, presidente de la Comisi\u00f3n de Infraestructura; Javier Cabello, presidente de la Comisi\u00f3n de Medio Ambiente; y los consejeros Francisco Reyes y Luis Becerra. Por parte de Colb\u00fan, participaron Pedro Pablo D\u00edaz, Gerente de Sistemas de Gesti\u00f3n de Energ\u00eda; Eduardo Carmona, Jefe de Relacionamiento Institucional; Claudio Melgarejo, l\u00edder de Comunidades Zona Sur; Tamara Villablanca, Supervisora de Medio Ambiente, Seguridad y Salud Ocupacional de la central; y Mario Mena, jefe de operaciones de la Central Canutillar.<\/p>\n\n\n\n<p class=\"wp-block-paragraph\">La visita se enmarca en un contexto en que la seguridad energ\u00e9tica cobra especial relevancia. La Central Canutillar, ubicada en la comuna de Cocham\u00f3, tiene una capacidad instalada de 172 MW y durante 2025 cubri\u00f3 el 33% del consumo el\u00e9ctrico de la Regi\u00f3n de Los Lagos, equivalente al consumo promedio de casi 300 mil hogares. Su relevancia estrat\u00e9gica qued\u00f3 demostrada durante el apag\u00f3n nacional del 25 de febrero de 2025, cuando se convirti\u00f3 en una de las primeras instalaciones en volver a operar sin recibir energ\u00eda de la red, lo que permiti\u00f3 que Puerto Montt estuviera entre las primeras ciudades en recuperar el suministro el\u00e9ctrico.<\/p>\n\n\n\n<p class=\"wp-block-paragraph\">\u201cEste es un compromiso que ten\u00edamos como Comisi\u00f3n de Medio Ambiente, de poder conocer la planta de Canutillar, de c\u00f3mo funciona, todo lo que produce. Y la verdad es que hay sentimientos encontrados, en el sentido de que es s\u00faper necesaria la energ\u00eda que se produce; no s\u00f3lo es una central de respaldo cuando falla la energ\u00eda que viene desde el norte, sino que produce cerca del 30% de la energ\u00eda que se consume en la regi\u00f3n. Pero el costo ha sido bastante elevado, con un fallo del Tribunal Ambiental y ratificado por la Corte de Apelaciones respecto a un da\u00f1o ambiental. Ahora queda esperar este plan de reparaci\u00f3n que tienen que presentar, y ah\u00ed tiene que haber una evaluaci\u00f3n tambi\u00e9n de la Superintendencia de completar este plan de reparaci\u00f3n y luego hacerlo part\u00edcipe con la comunidad\u201d, sostuvo el presidente de la Comisi\u00f3n de Medio Ambiente del Core, Javier Cabello.<\/p>\n\n\n\n<p class=\"wp-block-paragraph\">Mientras que el consejero Francisco Reyes, sostuvo que \u201chemos propiciado un di\u00e1logo franco, directo y transparente con la empresa Colb\u00fan, respecto al plan de recuperaci\u00f3n que deben presentar en octubre al Tercer Tribunal Ambiental y esperamos que, en el marco de este di\u00e1logo iniciado, se generen tambi\u00e9n acciones de transparencia y de mayor sentido pedag\u00f3gico con la comunidad de lo que est\u00e1 haciendo la empresa. Esperamos que a partir de esa disposici\u00f3n que ha mostrado Colb\u00fan de dialogar, de recuperar confianzas, a partir de la acci\u00f3n; tambi\u00e9n se vaya construyendo una l\u00f3gica de responsabilidad y corresponsabilidad en torno a la energ\u00eda, pero por supuesto, por sobre todo, respecto a nuestro ecosistema y respecto a nuestro medio ambiente\u201d.<\/p>\n\n\n\n<p class=\"wp-block-paragraph\"><strong>Di\u00e1logo entre autoridades y empresa<\/strong><\/p>\n\n\n\n<p class=\"wp-block-paragraph\">La instancia permiti\u00f3 a los consejeros regionales interiorizarse sobre el funcionamiento general del sistema el\u00e9ctrico y el rol que cumplen centrales como Canutillar para otorgar estabilidad y seguridad al sistema en la zona sur, especialmente ante contingencias. Esto cobra mayor relevancia tras la advertencia del Coordinador El\u00e9ctrico Nacional (CEN), que en su Estudio de Seguridad de Abastecimiento de junio de 2026 proyect\u00f3 un per\u00edodo de estrechez y un riesgo de d\u00e9ficit para las regiones de Los R\u00edos y Los Lagos entre noviembre de 2026 y enero de 2027, condicionado a factores como bajos caudales, altas temperaturas y bajo aporte e\u00f3lico.<\/p>\n\n\n\n<p class=\"wp-block-paragraph\">La visita a la central se suma a las recientes actividades de di\u00e1logo y seguimiento que el CORE y Colb\u00fan han mantenido respecto a la operaci\u00f3n de Canutillar y su relaci\u00f3n con el entorno, en el marco de la sentencia del Tercer Tribunal Ambiental de Valdivia que establece que la empresa debe presentar un plan de reparaci\u00f3n por los impactos en el Lago Chapo.<\/p>\n\n\n\n<p class=\"wp-block-paragraph\">En ese sentido, Eduardo Carmona, jefe de Relacionamiento Institucional de Colb\u00fan, valor\u00f3 la instancia. \u201cAgradecemos la visita de la comisi\u00f3n de medio ambiente y de infraestructura del consejo regional. Fue una visita muy importante, porque pudimos darle a conocer c\u00f3mo funciona la central, y la importancia que tiene Canutillar para el sur del pa\u00eds y para el sistema el\u00e9ctrico\u201d.&nbsp; El ejecutivo ratific\u00f3 que durante octubre la compa\u00f1\u00eda presentar\u00e1 la propuesta de Plan de Reparaci\u00f3n Ambiental ante el Tercer Tribunal Ambiental de Valdivia.<\/p>\n\n\n\n<figure class=\"wp-block-gallery has-nested-images columns-default is-cropped wp-block-gallery-1 is-layout-flex wp-block-gallery-is-layout-flex\">\n<figure class=\"wp-block-image size-large\"><img loading=\"lazy\" decoding=\"async\" width=\"1024\" height=\"768\" data-id=\"23558\" src=\"https:\/\/elconquistadorredloslagos.cl\/test\/wp-content\/uploads\/2026\/09\/WhatsApp-Image-2026-09-03-at-5.08.00-PM-1-1024x768.jpeg\" alt=\"\" class=\"wp-image-23558\" \/><\/figure>\n\n\n\n<figure class=\"wp-block-image size-large\"><img loading=\"lazy\" decoding=\"async\" width=\"1024\" height=\"768\" data-id=\"23561\" src=\"https:\/\/elconquistadorredloslagos.cl\/test\/wp-content\/uploads\/2026\/09\/WhatsApp-Image-2026-09-03-at-5.08.00-PM-1024x768.jpeg\" alt=\"\" class=\"wp-image-23561\" \/><\/figure>\n\n\n\n<figure class=\"wp-block-image size-large\"><img loading=\"lazy\" decoding=\"async\" width=\"1024\" height=\"768\" data-id=\"23559\" src=\"https:\/\/elconquistadorredloslagos.cl\/test\/wp-content\/uploads\/2026\/09\/WhatsApp-Image-2026-09-04-at-12.22.16-PM-1024x768.jpeg\" alt=\"\" class=\"wp-image-23559\" \/><\/figure>\n\n\n\n<figure class=\"wp-block-image size-large\"><img loading=\"lazy\" decoding=\"async\" width=\"1024\" height=\"768\" data-id=\"23560\" src=\"https:\/\/elconquistadorredloslagos.cl\/test\/wp-content\/uploads\/2026\/09\/WhatsApp-Image-2026-09-04-at-12.22.17-PM-1024x768.jpeg\" alt=\"\" class=\"wp-image-23560\" \/><\/figure>\n<\/figure>\n","protected":false},"excerpt":{"rendered":"<p>La actividad permiti\u00f3 a los CORES conocer en terreno el funcionamiento de la planta y su importancia para la seguridad y estabilidad del suministro, adem\u00e1s de los avances de la..<\/p>\n","protected":false},"author":2,"featured_media":23557,"comment_status":"closed","ping_status":"open","sticky":false,"template":"","format":"standard","meta":{"footnotes":""},"categories":[1,28,67],"tags":[],"class_list":["post-23556","post","type-post","status-publish","format-standard","has-post-thumbnail","hentry","category-acontecer","category-actual","category-regional"],"rttpg_featured_image_url":{"full":["https:\/\/elconquistadorredloslagos.cl\/test\/wp-content\/uploads\/2026\/09\/Diseno-sin-titulo-2-2.jpg",1920,1080,false],"landscape":["https:\/\/elconquistadorredloslagos.cl\/test\/wp-content\/uploads\/2026\/09\/Diseno-sin-titulo-2-2.jpg",1920,1080,false],"portraits":["https:\/\/elconquistadorredloslagos.cl\/test\/wp-content\/uploads\/2026\/09\/Diseno-sin-titulo-2-2.jpg",1920,1080,false],"thumbnail":["https:\/\/elconquistadorredloslagos.cl\/test\/wp-content\/uploads\/2026\/09\/Diseno-sin-titulo-2-2-150x150.jpg",150,150,true],"medium":["https:\/\/elconquistadorredloslagos.cl\/test\/wp-content\/uploads\/2026\/09\/Diseno-sin-titulo-2-2-300x169.jpg",300,169,true],"large":["https:\/\/elconquistadorredloslagos.cl\/test\/wp-content\/uploads\/2026\/09\/Diseno-sin-titulo-2-2-1024x576.jpg",1024,576,true],"1536x1536":["https:\/\/elconquistadorredloslagos.cl\/test\/wp-content\/uploads\/2026\/09\/Diseno-sin-titulo-2-2-1536x864.jpg",1536,864,true],"2048x2048":["https:\/\/elconquistadorredloslagos.cl\/test\/wp-content\/uploads\/2026\/09\/Diseno-sin-titulo-2-2.jpg",1920,1080,false]},"rttpg_author":{"display_name":"ccardenas","author_link":"https:\/\/elconquistadorredloslagos.cl\/test\/blog\/author\/ccardenas\/"},"rttpg_comment":0,"rttpg_category":"<a href=\"https:\/\/elconquistadorredloslagos.cl\/test\/blog\/category\/actual\/acontecer\/\" rel=\"category tag\">Acontecer<\/a> <a href=\"https:\/\/elconquistadorredloslagos.cl\/test\/blog\/category\/actual\/\" rel=\"category tag\">Actualidad<\/a> <a href=\"https:\/\/elconquistadorredloslagos.cl\/test\/blog\/category\/regional\/\" rel=\"category tag\">Regional<\/a>","rttpg_excerpt":"La actividad permiti\u00f3 a los CORES conocer en terreno el funcionamiento de la planta y su importancia para la seguridad y estabilidad del suministro, adem\u00e1s de los avances de la..","_links":{"self":[{"href":"https:\/\/elconquistadorredloslagos.cl\/test\/wp-json\/wp\/v2\/posts\/23556","targetHints":{"allow":["GET"]}}],"collection":[{"href":"https:\/\/elconquistadorredloslagos.cl\/test\/wp-json\/wp\/v2\/posts"}],"about":[{"href":"https:\/\/elconquistadorredloslagos.cl\/test\/wp-json\/wp\/v2\/types\/post"}],"author":[{"embeddable":true,"href":"https:\/\/elconquistadorredloslagos.cl\/test\/wp-json\/wp\/v2\/users\/2"}],"replies":[{"embeddable":true,"href":"https:\/\/elconquistadorredloslagos.cl\/test\/wp-json\/wp\/v2\/comments?post=23556"}],"version-history":[{"count":1,"href":"https:\/\/elconquistadorredloslagos.cl\/test\/wp-json\/wp\/v2\/posts\/23556\/revisions"}],"predecessor-version":[{"id":23562,"href":"https:\/\/elconquistadorredloslagos.cl\/test\/wp-json\/wp\/v2\/posts\/23556\/revisions\/23562"}],"wp:featuredmedia":[{"embeddable":true,"href":"https:\/\/elconquistadorredloslagos.cl\/test\/wp-json\/wp\/v2\/media\/23557"}],"wp:attachment":[{"href":"https:\/\/elconquistadorredloslagos.cl\/test\/wp-json\/wp\/v2\/media?parent=23556"}],"wp:term":[{"taxonomy":"category","embeddable":true,"href":"https:\/\/elconquistadorredloslagos.cl\/test\/wp-json\/wp\/v2\/categories?post=23556"},{"taxonomy":"post_tag","embeddable":true,"href":"https:\/\/elconquistadorredloslagos.cl\/test\/wp-json\/wp\/v2\/tags?post=23556"}],"curies":[{"name":"wp","href":"https:\/\/api.w.org\/{rel}","templated":true}]}}