{"id":23553,"date":"2026-09-04T14:32:56","date_gmt":"2026-09-04T18:32:56","guid":{"rendered":"https:\/\/elconquistadorredloslagos.cl\/test\/?p=23553"},"modified":"2026-09-04T14:32:56","modified_gmt":"2026-09-04T18:32:56","slug":"lorena-leiva-personificara-a-la-myriam-hernandez-en-dreams","status":"publish","type":"post","link":"https:\/\/elconquistadorredloslagos.cl\/test\/blog\/2026\/09\/04\/lorena-leiva-personificara-a-la-myriam-hernandez-en-dreams\/","title":{"rendered":"Lorena Leiva personificar\u00e1 a la Myriam Hern\u00e1ndez en Dreams"},"content":{"rendered":"\n<p class=\"wp-block-paragraph\">Luego de una destacada participaci\u00f3n en \u201cYo Soy Chile\u00bb y \u201cYo Soy Per\u00fa\u201d,la temuquense Lorena Leiva se posiciona como una voz emergente en la escena chilena. Gracias a su colaboraci\u00f3n con Marcos Llunas y ser corista de artistas internacionales como \u00c1lvaro Torres en sus conciertos en Chile , contin\u00faa creciendo en el rubro, pero tambi\u00e9n mantiene la calma. \u00abTrabajar con artistas de esa talla es un gran honor, pero tambi\u00e9n una responsabilidad. Hay que estar enfocada en todo momento y ser muy profesional\u00bb, detall\u00f3.<\/p>\n\n\n\n<p class=\"wp-block-paragraph\"><strong>Repertorio<\/strong><\/p>\n\n\n\n<p class=\"wp-block-paragraph\">Para Lorena, Myriam es una figura simb\u00f3lica. Alguien que representa una inspiraci\u00f3n para entrar al mundo de la m\u00fasica, esperando abarcar gran parte de su discograf\u00eda. \u00abSiempre disfruto subirme al escenario y gozar con cada letra de ella. Esta vez mi show est\u00e1 basado en el Concierto de Vi\u00f1a del Mar, incluye los principales cl\u00e1sicos, como \u00abHuele A Peligro\u00bb, \u00abEl Hombre Que Yo Amo\u00bb, etc. Parte importante de los 90&#8217;s, 2000&#8217;s y por ah\u00ed alg\u00fan single m\u00e1s contempor\u00e1neo\u00bb, se\u00f1al\u00f3.<\/p>\n\n\n\n<p class=\"wp-block-paragraph\"><strong>Sur<\/strong><\/p>\n\n\n\n<p class=\"wp-block-paragraph\">No es primera vez que se presenta en Puerto Varas , por lo que conoce bien al p\u00fablico. \u00abIr a Puerto Varas es un placer. El casino ha sido mi escenario desde mis inicios, el p\u00fablico siempre ha sido muy cari\u00f1oso, lo que te genera ese nervio de querer salir a encontrarte con los espectadores. Ser\u00e1 un show entretenido, d\u00f3nde cantaremos todos juntos los principales exitos de Hern\u00e1ndez\u00bb, cerr\u00f3 la imitadora.<\/p>\n\n\n\n<p class=\"wp-block-paragraph\">El evento de Lorena Leiva, Doble Oficial de Myriam Hern\u00e1ndez en Chile , ser\u00e1 este s\u00e1bado, desde pasadas las 22:00 horas en el escenario del restobar Lucky Seven en Dreams. El acceso es liberado, portando la entrada al casino.<\/p>\n\n\n\n<p class=\"wp-block-paragraph\"><\/p>\n","protected":false},"excerpt":{"rendered":"<p>Luego de una destacada participaci\u00f3n en \u201cYo Soy Chile\u00bb y \u201cYo Soy Per\u00fa\u201d,la temuquense Lorena Leiva se posiciona como una voz emergente en la escena chilena. Gracias a su colaboraci\u00f3n..<\/p>\n","protected":false},"author":2,"featured_media":23554,"comment_status":"closed","ping_status":"open","sticky":false,"template":"","format":"standard","meta":{"footnotes":""},"categories":[1,28,63],"tags":[],"class_list":["post-23553","post","type-post","status-publish","format-standard","has-post-thumbnail","hentry","category-acontecer","category-actual","category-puerto-varas"],"rttpg_featured_image_url":{"full":["https:\/\/elconquistadorredloslagos.cl\/test\/wp-content\/uploads\/2026\/09\/Diseno-sin-titulo-1-3.jpg",1920,1080,false],"landscape":["https:\/\/elconquistadorredloslagos.cl\/test\/wp-content\/uploads\/2026\/09\/Diseno-sin-titulo-1-3.jpg",1920,1080,false],"portraits":["https:\/\/elconquistadorredloslagos.cl\/test\/wp-content\/uploads\/2026\/09\/Diseno-sin-titulo-1-3.jpg",1920,1080,false],"thumbnail":["https:\/\/elconquistadorredloslagos.cl\/test\/wp-content\/uploads\/2026\/09\/Diseno-sin-titulo-1-3-150x150.jpg",150,150,true],"medium":["https:\/\/elconquistadorredloslagos.cl\/test\/wp-content\/uploads\/2026\/09\/Diseno-sin-titulo-1-3-300x169.jpg",300,169,true],"large":["https:\/\/elconquistadorredloslagos.cl\/test\/wp-content\/uploads\/2026\/09\/Diseno-sin-titulo-1-3-1024x576.jpg",1024,576,true],"1536x1536":["https:\/\/elconquistadorredloslagos.cl\/test\/wp-content\/uploads\/2026\/09\/Diseno-sin-titulo-1-3-1536x864.jpg",1536,864,true],"2048x2048":["https:\/\/elconquistadorredloslagos.cl\/test\/wp-content\/uploads\/2026\/09\/Diseno-sin-titulo-1-3.jpg",1920,1080,false]},"rttpg_author":{"display_name":"ccardenas","author_link":"https:\/\/elconquistadorredloslagos.cl\/test\/blog\/author\/ccardenas\/"},"rttpg_comment":0,"rttpg_category":"<a href=\"https:\/\/elconquistadorredloslagos.cl\/test\/blog\/category\/actual\/acontecer\/\" rel=\"category tag\">Acontecer<\/a> <a href=\"https:\/\/elconquistadorredloslagos.cl\/test\/blog\/category\/actual\/\" rel=\"category tag\">Actualidad<\/a> <a href=\"https:\/\/elconquistadorredloslagos.cl\/test\/blog\/category\/puerto-varas\/\" rel=\"category tag\">Puerto Varas<\/a>","rttpg_excerpt":"Luego de una destacada participaci\u00f3n en \u201cYo Soy Chile\u00bb y \u201cYo Soy Per\u00fa\u201d,la temuquense Lorena Leiva se posiciona como una voz emergente en la escena chilena. Gracias a su colaboraci\u00f3n..","_links":{"self":[{"href":"https:\/\/elconquistadorredloslagos.cl\/test\/wp-json\/wp\/v2\/posts\/23553","targetHints":{"allow":["GET"]}}],"collection":[{"href":"https:\/\/elconquistadorredloslagos.cl\/test\/wp-json\/wp\/v2\/posts"}],"about":[{"href":"https:\/\/elconquistadorredloslagos.cl\/test\/wp-json\/wp\/v2\/types\/post"}],"author":[{"embeddable":true,"href":"https:\/\/elconquistadorredloslagos.cl\/test\/wp-json\/wp\/v2\/users\/2"}],"replies":[{"embeddable":true,"href":"https:\/\/elconquistadorredloslagos.cl\/test\/wp-json\/wp\/v2\/comments?post=23553"}],"version-history":[{"count":1,"href":"https:\/\/elconquistadorredloslagos.cl\/test\/wp-json\/wp\/v2\/posts\/23553\/revisions"}],"predecessor-version":[{"id":23555,"href":"https:\/\/elconquistadorredloslagos.cl\/test\/wp-json\/wp\/v2\/posts\/23553\/revisions\/23555"}],"wp:featuredmedia":[{"embeddable":true,"href":"https:\/\/elconquistadorredloslagos.cl\/test\/wp-json\/wp\/v2\/media\/23554"}],"wp:attachment":[{"href":"https:\/\/elconquistadorredloslagos.cl\/test\/wp-json\/wp\/v2\/media?parent=23553"}],"wp:term":[{"taxonomy":"category","embeddable":true,"href":"https:\/\/elconquistadorredloslagos.cl\/test\/wp-json\/wp\/v2\/categories?post=23553"},{"taxonomy":"post_tag","embeddable":true,"href":"https:\/\/elconquistadorredloslagos.cl\/test\/wp-json\/wp\/v2\/tags?post=23553"}],"curies":[{"name":"wp","href":"https:\/\/api.w.org\/{rel}","templated":true}]}}