{"id":23548,"date":"2026-09-04T14:25:02","date_gmt":"2026-09-04T18:25:02","guid":{"rendered":"https:\/\/elconquistadorredloslagos.cl\/test\/?p=23548"},"modified":"2026-09-04T14:25:03","modified_gmt":"2026-09-04T18:25:03","slug":"mas-de-50-mujeres-de-la-provincia-de-llanquihue-construyen-las-bases-de-la-agenda-regional-de-genero-2026-2030","status":"publish","type":"post","link":"https:\/\/elconquistadorredloslagos.cl\/test\/blog\/2026\/09\/04\/mas-de-50-mujeres-de-la-provincia-de-llanquihue-construyen-las-bases-de-la-agenda-regional-de-genero-2026-2030\/","title":{"rendered":"M\u00e1s de 50 mujeres de la provincia de Llanquihue construyen las bases de la Agenda Regional de G\u00e9nero 2026-2030"},"content":{"rendered":"\n<p class=\"wp-block-paragraph\"><em>La instancia reuni\u00f3 a representantes de organizaciones sociales, municipios y servicios p\u00fablicos para recoger propuestas y prioridades que ser\u00e1n incorporadas en la construcci\u00f3n de la Agenda Regional de G\u00e9nero de Los Lagos.<\/em><\/p>\n\n\n\n<p class=\"wp-block-paragraph\">M\u00e1s de 50 mujeres provenientes de distintas comunas de la provincia de Llanquihue participaron en un di\u00e1logo ciudadano, con el objetivo de recoger propuestas, experiencias y prioridades que contribuir\u00e1n a la construcci\u00f3n de la Agenda Regional de G\u00e9nero 2026- 2030.<br>La jornada se enmarca en los lineamientos impulsados por el Gobierno del Presidente Jos\u00e9 Antonio Kast, orientados a construir una Agenda Regional basada en evidencia y en la participaci\u00f3n activa de las mujeres. La actividad, convocada por la seremi de la Mujer y la Equidad de G\u00e9nero, Karen Berr\u00edos Guerra, cont\u00f3 con la participaci\u00f3n de la directora regional de SernamEG, Mar\u00eda Francisca P\u00e9rez; el jefe regional de Subdere, Eduardo Winkler; el seremi de Seguridad P\u00fablica, Francisco Mu\u00f1oz; la consejera regional Marion Fern\u00e1ndez y los concejales de Puerto Varas; Pamela Bongain y Ra\u00fal Monsalves.<br>La seremi de la Mujer, Karen Berr\u00edos Guerra, destac\u00f3 la participaci\u00f3n de mujeres provenientes de diversas comunas de la provincia y relev\u00f3 la importancia de construir este instrumento de manera descentralizada y representativa. \u201cComo Seremi de la Mujer y la Equidad de G\u00e9nero vamos a replicar este proceso participativo en las dem\u00e1s provincias de nuestra regi\u00f3n, de manera que la Agenda Regional de G\u00e9nero refleje de forma pertinente la diversidad de realidades, desaf\u00edos y necesidades que enfrentan las mujeres de Los Lagos, desde la provincia de Osorno hasta la provincia de Palena\u201d<br>Durante la jornada, las participantes dialogaron sobre distintas tem\u00e1ticas vinculadas a violencias de g\u00e9nero, autonom\u00eda econ\u00f3mica, salud integral, cuidados, maternidad, conciliaci\u00f3n de la vida laboral y familiar, as\u00ed como otros desaf\u00edos y prioridades para las<br>mujeres de la regi\u00f3n. <\/p>\n\n\n\n<p class=\"wp-block-paragraph\">Por su parte, el seremi de Seguridad P\u00fablica, Francisco Mu\u00f1oz, relev\u00f3 la importancia de incorporar la mirada de las mujeres en el dise\u00f1o de las pol\u00edticas p\u00fablicas \u201cDesde nuestro rol institucional buscamos recoger estas conversaciones y contribuir a generar respuestas m\u00e1s efectivas. En materia de seguridad, particularmente frente a la violencia intrafamiliar, una problem\u00e1tica que afecta significativamente a nuestra regi\u00f3n, tenemos el desaf\u00edo de fortalecer la respuesta del Estado y avanzar en medidas de prevenci\u00f3n que permitan construir hogares y comunidades m\u00e1s seguras\u201d, afirm\u00f3.<br>Alejandra Lukaschewsky, coordinadora de la oficina de la mujer de la municipalidad de Puerto Varas y participante del encuentro, destac\u00f3 el valor de estos espacios de participaci\u00f3n. \u201cLas mujeres somos diversas y los desaf\u00edos que enfrentamos como<br>comuna, provincia o regi\u00f3n no son necesariamente los mismos que se observan a nivel nacional. Por eso, promover instancias de participaci\u00f3n que permitan identificar esas necesidades y desaf\u00edos es fundamental para seguir disminuyendo brechas y fortaleciendo los derechos de las mujeres\u201d, expres\u00f3.<br>Los resultados del di\u00e1logo ciudadano ser\u00e1n sistematizados e incorporados al proceso de elaboraci\u00f3n del diagn\u00f3stico regional, insumo clave para la construcci\u00f3n de la Agenda Regional de G\u00e9nero 2026-2030. Este instrumento orientar\u00e1 el trabajo intersectorial de los servicios p\u00fablicos y actores estrat\u00e9gicos de la Regi\u00f3n de Los Lagos, con el prop\u00f3sito de avanzar hacia una mayor igualdad de g\u00e9nero, fortaleciendo la autonom\u00eda, la seguridad, el bienestar y la calidad de vida de las mujeres.<\/p>\n","protected":false},"excerpt":{"rendered":"<p>La instancia reuni\u00f3 a representantes de organizaciones sociales, municipios y servicios p\u00fablicos para recoger propuestas y prioridades que ser\u00e1n incorporadas en la construcci\u00f3n de la Agenda Regional de G\u00e9nero de..<\/p>\n","protected":false},"author":8,"featured_media":23549,"comment_status":"closed","ping_status":"open","sticky":false,"template":"","format":"standard","meta":{"footnotes":""},"categories":[1,28,26,38,67],"tags":[],"class_list":["post-23548","post","type-post","status-publish","format-standard","has-post-thumbnail","hentry","category-acontecer","category-actual","category-comunidad","category-politica","category-regional"],"rttpg_featured_image_url":{"full":["https:\/\/elconquistadorredloslagos.cl\/test\/wp-content\/uploads\/2026\/09\/WhatsApp-Image-2026-09-04-at-11.46.06-AM.jpeg",1600,1200,false],"landscape":["https:\/\/elconquistadorredloslagos.cl\/test\/wp-content\/uploads\/2026\/09\/WhatsApp-Image-2026-09-04-at-11.46.06-AM.jpeg",1600,1200,false],"portraits":["https:\/\/elconquistadorredloslagos.cl\/test\/wp-content\/uploads\/2026\/09\/WhatsApp-Image-2026-09-04-at-11.46.06-AM.jpeg",1600,1200,false],"thumbnail":["https:\/\/elconquistadorredloslagos.cl\/test\/wp-content\/uploads\/2026\/09\/WhatsApp-Image-2026-09-04-at-11.46.06-AM-150x150.jpeg",150,150,true],"medium":["https:\/\/elconquistadorredloslagos.cl\/test\/wp-content\/uploads\/2026\/09\/WhatsApp-Image-2026-09-04-at-11.46.06-AM-300x225.jpeg",300,225,true],"large":["https:\/\/elconquistadorredloslagos.cl\/test\/wp-content\/uploads\/2026\/09\/WhatsApp-Image-2026-09-04-at-11.46.06-AM-1024x768.jpeg",1024,768,true],"1536x1536":["https:\/\/elconquistadorredloslagos.cl\/test\/wp-content\/uploads\/2026\/09\/WhatsApp-Image-2026-09-04-at-11.46.06-AM-1536x1152.jpeg",1536,1152,true],"2048x2048":["https:\/\/elconquistadorredloslagos.cl\/test\/wp-content\/uploads\/2026\/09\/WhatsApp-Image-2026-09-04-at-11.46.06-AM.jpeg",1600,1200,false]},"rttpg_author":{"display_name":"cmansilla","author_link":"https:\/\/elconquistadorredloslagos.cl\/test\/blog\/author\/cmansilla\/"},"rttpg_comment":0,"rttpg_category":"<a href=\"https:\/\/elconquistadorredloslagos.cl\/test\/blog\/category\/actual\/acontecer\/\" rel=\"category tag\">Acontecer<\/a> <a href=\"https:\/\/elconquistadorredloslagos.cl\/test\/blog\/category\/actual\/\" rel=\"category tag\">Actualidad<\/a> <a href=\"https:\/\/elconquistadorredloslagos.cl\/test\/blog\/category\/comunidad\/\" rel=\"category tag\">Comunidad<\/a> <a href=\"https:\/\/elconquistadorredloslagos.cl\/test\/blog\/category\/actual\/politica\/\" rel=\"category tag\">Politica<\/a> <a href=\"https:\/\/elconquistadorredloslagos.cl\/test\/blog\/category\/regional\/\" rel=\"category tag\">Regional<\/a>","rttpg_excerpt":"La instancia reuni\u00f3 a representantes de organizaciones sociales, municipios y servicios p\u00fablicos para recoger propuestas y prioridades que ser\u00e1n incorporadas en la construcci\u00f3n de la Agenda Regional de G\u00e9nero de..","_links":{"self":[{"href":"https:\/\/elconquistadorredloslagos.cl\/test\/wp-json\/wp\/v2\/posts\/23548","targetHints":{"allow":["GET"]}}],"collection":[{"href":"https:\/\/elconquistadorredloslagos.cl\/test\/wp-json\/wp\/v2\/posts"}],"about":[{"href":"https:\/\/elconquistadorredloslagos.cl\/test\/wp-json\/wp\/v2\/types\/post"}],"author":[{"embeddable":true,"href":"https:\/\/elconquistadorredloslagos.cl\/test\/wp-json\/wp\/v2\/users\/8"}],"replies":[{"embeddable":true,"href":"https:\/\/elconquistadorredloslagos.cl\/test\/wp-json\/wp\/v2\/comments?post=23548"}],"version-history":[{"count":1,"href":"https:\/\/elconquistadorredloslagos.cl\/test\/wp-json\/wp\/v2\/posts\/23548\/revisions"}],"predecessor-version":[{"id":23550,"href":"https:\/\/elconquistadorredloslagos.cl\/test\/wp-json\/wp\/v2\/posts\/23548\/revisions\/23550"}],"wp:featuredmedia":[{"embeddable":true,"href":"https:\/\/elconquistadorredloslagos.cl\/test\/wp-json\/wp\/v2\/media\/23549"}],"wp:attachment":[{"href":"https:\/\/elconquistadorredloslagos.cl\/test\/wp-json\/wp\/v2\/media?parent=23548"}],"wp:term":[{"taxonomy":"category","embeddable":true,"href":"https:\/\/elconquistadorredloslagos.cl\/test\/wp-json\/wp\/v2\/categories?post=23548"},{"taxonomy":"post_tag","embeddable":true,"href":"https:\/\/elconquistadorredloslagos.cl\/test\/wp-json\/wp\/v2\/tags?post=23548"}],"curies":[{"name":"wp","href":"https:\/\/api.w.org\/{rel}","templated":true}]}}