{"id":23539,"date":"2026-09-04T14:04:35","date_gmt":"2026-09-04T18:04:35","guid":{"rendered":"https:\/\/elconquistadorredloslagos.cl\/test\/?p=23539"},"modified":"2026-09-04T14:04:36","modified_gmt":"2026-09-04T18:04:36","slug":"paciente-fue-detenido-con-mas-de-320-gramos-de-marihuana-al-interior-del-hospital-de-ancud","status":"publish","type":"post","link":"https:\/\/elconquistadorredloslagos.cl\/test\/blog\/2026\/09\/04\/paciente-fue-detenido-con-mas-de-320-gramos-de-marihuana-al-interior-del-hospital-de-ancud\/","title":{"rendered":"Paciente fue detenido con m\u00e1s de 320 gramos de marihuana al interior del Hospital de Ancud"},"content":{"rendered":"\n<p class=\"wp-block-paragraph\">Una particular situaci\u00f3n qued\u00f3 al descubierto al interior del Hospital de Ancud, luego de que personal del recinto detectara un fuerte olor a cannabis asociado a las pertenencias de un paciente de 28 a\u00f1os, quien permanec\u00eda internado tras sufrir una crisis de epilepsia.<\/p>\n\n\n\n<p class=\"wp-block-paragraph\">La situaci\u00f3n fue comunicada a Carabineros, concurriendo funcionarios de la SIP, quienes realizaron una revisi\u00f3n de sus pertenencias y encontraron m\u00e1s de 320 gramos de marihuana prensada. Ante este hallazgo, el joven fue detenido.<\/p>\n\n\n\n<p class=\"wp-block-paragraph\">El mayor Osvaldo Loyola, jefe de la Primera Comisar\u00eda de Ancud, inform\u00f3 que el imputado mantiene m\u00e1s de 15 detenciones anteriores por delitos como robo con violencia, robo en lugar habitado y porte ilegal de arma de fuego.<\/p>\n\n\n\n<p class=\"wp-block-paragraph\">El oficial adem\u00e1s resalt\u00f3 la magnitud del decomiso, precisando que la cantidad incautada equivale a casi la mitad de toda la marihuana decomisada en la comuna durante 2025.<\/p>\n\n\n\n<p class=\"wp-block-paragraph\">Por disposici\u00f3n de la Fiscal\u00eda, el detenido pas\u00f3 a control ante el Juzgado de Garant\u00eda de Ancud. No obstante, su defensa pidi\u00f3 su libertad para que pudiera continuar hospitalizado. Finalmente, el Ministerio P\u00fablico desisti\u00f3 de formalizarlo, quedando pendiente su recuperaci\u00f3n.<\/p>\n\n\n\n<p class=\"wp-block-paragraph\">\ud83d\udcf7 Cedida<\/p>\n","protected":false},"excerpt":{"rendered":"<p>Una particular situaci\u00f3n qued\u00f3 al descubierto al interior del Hospital de Ancud, luego de que personal del recinto detectara un fuerte olor a cannabis asociado a las pertenencias de un..<\/p>\n","protected":false},"author":2,"featured_media":23540,"comment_status":"closed","ping_status":"open","sticky":false,"template":"","format":"standard","meta":{"footnotes":""},"categories":[1,28,51],"tags":[],"class_list":["post-23539","post","type-post","status-publish","format-standard","has-post-thumbnail","hentry","category-acontecer","category-actual","category-chiloe"],"rttpg_featured_image_url":{"full":["https:\/\/elconquistadorredloslagos.cl\/test\/wp-content\/uploads\/2026\/09\/Sin-titulo-1.png",1920,1080,false],"landscape":["https:\/\/elconquistadorredloslagos.cl\/test\/wp-content\/uploads\/2026\/09\/Sin-titulo-1.png",1920,1080,false],"portraits":["https:\/\/elconquistadorredloslagos.cl\/test\/wp-content\/uploads\/2026\/09\/Sin-titulo-1.png",1920,1080,false],"thumbnail":["https:\/\/elconquistadorredloslagos.cl\/test\/wp-content\/uploads\/2026\/09\/Sin-titulo-1-150x150.png",150,150,true],"medium":["https:\/\/elconquistadorredloslagos.cl\/test\/wp-content\/uploads\/2026\/09\/Sin-titulo-1-300x169.png",300,169,true],"large":["https:\/\/elconquistadorredloslagos.cl\/test\/wp-content\/uploads\/2026\/09\/Sin-titulo-1-1024x576.png",1024,576,true],"1536x1536":["https:\/\/elconquistadorredloslagos.cl\/test\/wp-content\/uploads\/2026\/09\/Sin-titulo-1-1536x864.png",1536,864,true],"2048x2048":["https:\/\/elconquistadorredloslagos.cl\/test\/wp-content\/uploads\/2026\/09\/Sin-titulo-1.png",1920,1080,false]},"rttpg_author":{"display_name":"ccardenas","author_link":"https:\/\/elconquistadorredloslagos.cl\/test\/blog\/author\/ccardenas\/"},"rttpg_comment":0,"rttpg_category":"<a href=\"https:\/\/elconquistadorredloslagos.cl\/test\/blog\/category\/actual\/acontecer\/\" rel=\"category tag\">Acontecer<\/a> <a href=\"https:\/\/elconquistadorredloslagos.cl\/test\/blog\/category\/actual\/\" rel=\"category tag\">Actualidad<\/a> <a href=\"https:\/\/elconquistadorredloslagos.cl\/test\/blog\/category\/chile\/chiloe\/\" rel=\"category tag\">Chilo\u00e9<\/a>","rttpg_excerpt":"Una particular situaci\u00f3n qued\u00f3 al descubierto al interior del Hospital de Ancud, luego de que personal del recinto detectara un fuerte olor a cannabis asociado a las pertenencias de un..","_links":{"self":[{"href":"https:\/\/elconquistadorredloslagos.cl\/test\/wp-json\/wp\/v2\/posts\/23539","targetHints":{"allow":["GET"]}}],"collection":[{"href":"https:\/\/elconquistadorredloslagos.cl\/test\/wp-json\/wp\/v2\/posts"}],"about":[{"href":"https:\/\/elconquistadorredloslagos.cl\/test\/wp-json\/wp\/v2\/types\/post"}],"author":[{"embeddable":true,"href":"https:\/\/elconquistadorredloslagos.cl\/test\/wp-json\/wp\/v2\/users\/2"}],"replies":[{"embeddable":true,"href":"https:\/\/elconquistadorredloslagos.cl\/test\/wp-json\/wp\/v2\/comments?post=23539"}],"version-history":[{"count":1,"href":"https:\/\/elconquistadorredloslagos.cl\/test\/wp-json\/wp\/v2\/posts\/23539\/revisions"}],"predecessor-version":[{"id":23541,"href":"https:\/\/elconquistadorredloslagos.cl\/test\/wp-json\/wp\/v2\/posts\/23539\/revisions\/23541"}],"wp:featuredmedia":[{"embeddable":true,"href":"https:\/\/elconquistadorredloslagos.cl\/test\/wp-json\/wp\/v2\/media\/23540"}],"wp:attachment":[{"href":"https:\/\/elconquistadorredloslagos.cl\/test\/wp-json\/wp\/v2\/media?parent=23539"}],"wp:term":[{"taxonomy":"category","embeddable":true,"href":"https:\/\/elconquistadorredloslagos.cl\/test\/wp-json\/wp\/v2\/categories?post=23539"},{"taxonomy":"post_tag","embeddable":true,"href":"https:\/\/elconquistadorredloslagos.cl\/test\/wp-json\/wp\/v2\/tags?post=23539"}],"curies":[{"name":"wp","href":"https:\/\/api.w.org\/{rel}","templated":true}]}}