{"id":23536,"date":"2026-09-04T11:18:30","date_gmt":"2026-09-04T15:18:30","guid":{"rendered":"https:\/\/elconquistadorredloslagos.cl\/test\/?p=23536"},"modified":"2026-09-04T11:18:31","modified_gmt":"2026-09-04T15:18:31","slug":"aguinaldo-de-fiestas-patrias-2026-se-pagara-automaticamente-durante-septiembre","status":"publish","type":"post","link":"https:\/\/elconquistadorredloslagos.cl\/test\/blog\/2026\/09\/04\/aguinaldo-de-fiestas-patrias-2026-se-pagara-automaticamente-durante-septiembre\/","title":{"rendered":"Aguinaldo de Fiestas Patrias 2026 se pagar\u00e1 autom\u00e1ticamente durante septiembre"},"content":{"rendered":"\n<p class=\"wp-block-paragraph\">El Gobierno inform\u00f3 que durante septiembre se realizar\u00e1 el pago del Aguinaldo de Fiestas Patrias 2026 a las personas pensionadas que cumplan con los requisitos establecidos.<\/p>\n\n\n\n<p class=\"wp-block-paragraph\">Este a\u00f1o, el beneficio considera un monto de $25.280 por persona, al que se pueden sumar $12.969 por cada carga familiar que se encuentre debidamente acreditada al 31 de agosto de 2026.<\/p>\n\n\n\n<p class=\"wp-block-paragraph\">El pago se realiza de manera autom\u00e1tica junto con la pensi\u00f3n correspondiente al mes de septiembre, por lo que las personas beneficiarias no deben postular ni efectuar tr\u00e1mites adicionales para recibirlo.<\/p>\n\n\n\n<p class=\"wp-block-paragraph\">Desde la Secretar\u00eda Regional Ministerial de Gobierno de Los Lagos, el Seremi de Rodrigo D\u00edaz Gonz\u00e1lez hizo un llamado a la comunidad a informarse a trav\u00e9s de los canales oficiales y a evitar entregar datos personales o ingresar a enlaces desconocidos, considerando que este beneficio no requiere inscripci\u00f3n ni postulaci\u00f3n.<\/p>\n\n\n\n<p class=\"wp-block-paragraph\">El Aguinaldo de Fiestas Patrias forma parte de los apoyos que entrega el Estado durante septiembre a las personas pensionadas que cumplen las condiciones establecidas por ley.<\/p>\n\n\n\n<p class=\"wp-block-paragraph\">Para conocer los requisitos y detalles del beneficio, la informaci\u00f3n oficial se encuentra disponible a trav\u00e9s de ChileAtiende y el Instituto de Previsi\u00f3n Social, IPS.<\/p>\n","protected":false},"excerpt":{"rendered":"<p>El Gobierno inform\u00f3 que durante septiembre se realizar\u00e1 el pago del Aguinaldo de Fiestas Patrias 2026 a las personas pensionadas que cumplan con los requisitos establecidos. Este a\u00f1o, el beneficio..<\/p>\n","protected":false},"author":8,"featured_media":23537,"comment_status":"closed","ping_status":"open","sticky":false,"template":"","format":"standard","meta":{"footnotes":""},"categories":[1,28,26,69,67],"tags":[],"class_list":["post-23536","post","type-post","status-publish","format-standard","has-post-thumbnail","hentry","category-acontecer","category-actual","category-comunidad","category-economia","category-regional"],"rttpg_featured_image_url":{"full":["https:\/\/elconquistadorredloslagos.cl\/test\/wp-content\/uploads\/2026\/09\/ab75f25a-8173-4af9-bf61-96ff2699edc8.jpg",1080,1350,false],"landscape":["https:\/\/elconquistadorredloslagos.cl\/test\/wp-content\/uploads\/2026\/09\/ab75f25a-8173-4af9-bf61-96ff2699edc8.jpg",1080,1350,false],"portraits":["https:\/\/elconquistadorredloslagos.cl\/test\/wp-content\/uploads\/2026\/09\/ab75f25a-8173-4af9-bf61-96ff2699edc8.jpg",1080,1350,false],"thumbnail":["https:\/\/elconquistadorredloslagos.cl\/test\/wp-content\/uploads\/2026\/09\/ab75f25a-8173-4af9-bf61-96ff2699edc8-150x150.jpg",150,150,true],"medium":["https:\/\/elconquistadorredloslagos.cl\/test\/wp-content\/uploads\/2026\/09\/ab75f25a-8173-4af9-bf61-96ff2699edc8-240x300.jpg",240,300,true],"large":["https:\/\/elconquistadorredloslagos.cl\/test\/wp-content\/uploads\/2026\/09\/ab75f25a-8173-4af9-bf61-96ff2699edc8-819x1024.jpg",819,1024,true],"1536x1536":["https:\/\/elconquistadorredloslagos.cl\/test\/wp-content\/uploads\/2026\/09\/ab75f25a-8173-4af9-bf61-96ff2699edc8.jpg",1080,1350,false],"2048x2048":["https:\/\/elconquistadorredloslagos.cl\/test\/wp-content\/uploads\/2026\/09\/ab75f25a-8173-4af9-bf61-96ff2699edc8.jpg",1080,1350,false]},"rttpg_author":{"display_name":"cmansilla","author_link":"https:\/\/elconquistadorredloslagos.cl\/test\/blog\/author\/cmansilla\/"},"rttpg_comment":0,"rttpg_category":"<a href=\"https:\/\/elconquistadorredloslagos.cl\/test\/blog\/category\/actual\/acontecer\/\" rel=\"category tag\">Acontecer<\/a> <a href=\"https:\/\/elconquistadorredloslagos.cl\/test\/blog\/category\/actual\/\" rel=\"category tag\">Actualidad<\/a> <a href=\"https:\/\/elconquistadorredloslagos.cl\/test\/blog\/category\/comunidad\/\" rel=\"category tag\">Comunidad<\/a> <a href=\"https:\/\/elconquistadorredloslagos.cl\/test\/blog\/category\/economia\/\" rel=\"category tag\">Econom\u00eda<\/a> <a href=\"https:\/\/elconquistadorredloslagos.cl\/test\/blog\/category\/regional\/\" rel=\"category tag\">Regional<\/a>","rttpg_excerpt":"El Gobierno inform\u00f3 que durante septiembre se realizar\u00e1 el pago del Aguinaldo de Fiestas Patrias 2026 a las personas pensionadas que cumplan con los requisitos establecidos. Este a\u00f1o, el beneficio..","_links":{"self":[{"href":"https:\/\/elconquistadorredloslagos.cl\/test\/wp-json\/wp\/v2\/posts\/23536","targetHints":{"allow":["GET"]}}],"collection":[{"href":"https:\/\/elconquistadorredloslagos.cl\/test\/wp-json\/wp\/v2\/posts"}],"about":[{"href":"https:\/\/elconquistadorredloslagos.cl\/test\/wp-json\/wp\/v2\/types\/post"}],"author":[{"embeddable":true,"href":"https:\/\/elconquistadorredloslagos.cl\/test\/wp-json\/wp\/v2\/users\/8"}],"replies":[{"embeddable":true,"href":"https:\/\/elconquistadorredloslagos.cl\/test\/wp-json\/wp\/v2\/comments?post=23536"}],"version-history":[{"count":1,"href":"https:\/\/elconquistadorredloslagos.cl\/test\/wp-json\/wp\/v2\/posts\/23536\/revisions"}],"predecessor-version":[{"id":23538,"href":"https:\/\/elconquistadorredloslagos.cl\/test\/wp-json\/wp\/v2\/posts\/23536\/revisions\/23538"}],"wp:featuredmedia":[{"embeddable":true,"href":"https:\/\/elconquistadorredloslagos.cl\/test\/wp-json\/wp\/v2\/media\/23537"}],"wp:attachment":[{"href":"https:\/\/elconquistadorredloslagos.cl\/test\/wp-json\/wp\/v2\/media?parent=23536"}],"wp:term":[{"taxonomy":"category","embeddable":true,"href":"https:\/\/elconquistadorredloslagos.cl\/test\/wp-json\/wp\/v2\/categories?post=23536"},{"taxonomy":"post_tag","embeddable":true,"href":"https:\/\/elconquistadorredloslagos.cl\/test\/wp-json\/wp\/v2\/tags?post=23536"}],"curies":[{"name":"wp","href":"https:\/\/api.w.org\/{rel}","templated":true}]}}