{"id":23533,"date":"2026-09-04T10:12:42","date_gmt":"2026-09-04T14:12:42","guid":{"rendered":"https:\/\/elconquistadorredloslagos.cl\/test\/?p=23533"},"modified":"2026-09-04T10:12:43","modified_gmt":"2026-09-04T14:12:43","slug":"colegio-montessori-frutillar-abre-sus-puertas-a-las-familias-de-la-cuenca-del-lago-llanquihue","status":"publish","type":"post","link":"https:\/\/elconquistadorredloslagos.cl\/test\/blog\/2026\/09\/04\/colegio-montessori-frutillar-abre-sus-puertas-a-las-familias-de-la-cuenca-del-lago-llanquihue\/","title":{"rendered":"Colegio Montessori Frutillar abre sus puertas a las familias de la cuenca del Lago Llanquihue"},"content":{"rendered":"\n<p class=\"wp-block-paragraph\"><em><strong>La comunidad educativa realizar\u00e1 este s\u00e1bado 5 de septiembre una Jornada de Puertas Abiertas, instancia en la que madres, padres y apoderados podr\u00e1n conocer sus espacios, materiales y metodolog\u00eda de aprendizaje, en el marco del Proceso de Admisi\u00f3n 2027.<\/strong><\/em><\/p>\n\n\n\n<p class=\"wp-block-paragraph\">Una invitaci\u00f3n a conocer de cerca una propuesta educativa basada en la autonom\u00eda, el respeto y el amor por aprender realizar\u00e1 el Colegio Montessori Frutillar este s\u00e1bado 5 de septiembre, con una Jornada de Puertas Abiertas dirigida a familias interesadas en conocer su proyecto educativo y el proceso de admisi\u00f3n para 2027.<\/p>\n\n\n\n<p class=\"wp-block-paragraph\">La actividad comenzar\u00e1 a las 10:30 horas y permitir\u00e1 a los asistentes recorrer las instalaciones del establecimiento, conocer sus distintos ambientes educativos y acercarse a los materiales Montessori que forman parte del trabajo cotidiano con ni\u00f1os, ni\u00f1as y adolescentes.<\/p>\n\n\n\n<p class=\"wp-block-paragraph\">La propuesta del colegio se sustenta en la filosof\u00eda y metodolog\u00eda Montessori, con un enfoque que busca acompa\u00f1ar el desarrollo integral de cada estudiante, estimulando su autonom\u00eda, curiosidad y amor por aprender, junto con promover el respeto por s\u00ed mismo, por los dem\u00e1s y por el medio ambiente.<\/p>\n\n\n\n<h2 class=\"wp-block-heading\"><a><\/a>Una educaci\u00f3n centrada en el desarrollo de cada estudiante<\/h2>\n\n\n\n<p class=\"wp-block-paragraph\">El Colegio Montessori Frutillar acompa\u00f1a a ni\u00f1os, ni\u00f1as y j\u00f3venes desde los 3 hasta los 18 a\u00f1os, respetando las necesidades y caracter\u00edsticas propias de cada etapa del desarrollo.<\/p>\n\n\n\n<p class=\"wp-block-paragraph\">La propuesta busca que el aprendizaje sea una experiencia activa, significativa y vinculada con la realidad, promoviendo progresivamente la autonom\u00eda, la responsabilidad y el pensamiento cr\u00edtico.<\/p>\n\n\n\n<p class=\"wp-block-paragraph\">Entre los 3 y 6 a\u00f1os, los ni\u00f1os y ni\u00f1as desarrollan confianza, concentraci\u00f3n, independencia y amor por aprender a trav\u00e9s de un ambiente preparado y materiales concretos que les permiten explorar y descubrir de manera aut\u00f3noma.<\/p>\n\n\n\n<p class=\"wp-block-paragraph\">De los 6 a los 12 a\u00f1os, el aprendizaje se ampl\u00eda hacia la comprensi\u00f3n del mundo y sus relaciones. Se estimula la curiosidad, la investigaci\u00f3n, la colaboraci\u00f3n y la capacidad de formular preguntas, integrando las distintas \u00e1reas del conocimiento.<\/p>\n\n\n\n<p class=\"wp-block-paragraph\">Durante la adolescencia, entre los 12 y 18 a\u00f1os, el enfoque pone especial atenci\u00f3n en el desarrollo de la identidad, el pensamiento cr\u00edtico, la responsabilidad y la preparaci\u00f3n para la vida adulta. Los j\u00f3venes tienen la oportunidad de desarrollar proyectos, vincular sus aprendizajes con experiencias reales y asumir un rol activo dentro de su comunidad.<\/p>\n\n\n\n<p class=\"wp-block-paragraph\">De esta manera, la educaci\u00f3n Montessori busca ir m\u00e1s all\u00e1 de la adquisici\u00f3n de contenidos, acompa\u00f1ando a cada estudiante en la construcci\u00f3n de herramientas que le permitan desenvolverse de manera aut\u00f3noma, consciente, solidaria y responsable, manteniendo la curiosidad y el deseo de aprender a lo largo de la vida.<\/p>\n\n\n\n<h2 class=\"wp-block-heading\"><a><\/a>Conocer el m\u00e9todo desde dentro<\/h2>\n\n\n\n<p class=\"wp-block-paragraph\">La Jornada de Puertas Abiertas busca que las familias puedan conocer esta experiencia de manera directa, recorriendo los espacios donde se desarrolla el aprendizaje y observando los materiales especialmente preparados para favorecer una educaci\u00f3n respetuosa y acorde a las distintas etapas del desarrollo.<\/p>\n\n\n\n<p class=\"wp-block-paragraph\">M\u00e1s que una visita a las instalaciones, la actividad ser\u00e1 una oportunidad para que madres, padres y apoderados conozcan los principios que orientan el trabajo del colegio, puedan resolver sus dudas sobre la propuesta educativa y consultar por las vacantes disponibles para el Proceso de Admisi\u00f3n 2027.<\/p>\n\n\n\n<p class=\"wp-block-paragraph\">Desde la comunidad educativa destacan la importancia de generar espacios de encuentro con las familias, de manera que puedan conocer c\u00f3mo la metodolog\u00eda Montessori se lleva a la pr\u00e1ctica en el d\u00eda a d\u00eda y c\u00f3mo se acompa\u00f1a el desarrollo de los estudiantes desde la primera infancia hasta la adolescencia.<\/p>\n\n\n\n<p class=\"wp-block-paragraph\">La invitaci\u00f3n es abierta a las familias de Frutillar y de las distintas localidades de la cuenca del Lago Llanquihue interesadas en conocer una alternativa educativa que pone en el centro el desarrollo integral, la autonom\u00eda y el respeto por los procesos individuales de cada estudiante.<\/p>\n\n\n\n<h3 class=\"wp-block-heading\"><a><\/a>Jornada de Puertas Abiertas<\/h3>\n\n\n\n<p class=\"wp-block-paragraph\">Fecha: S\u00e1bado 5 de septiembre<br>Hora: 10:30 horas<br>Lugar: Colegio Montessori Frutillar, Las Azaleas, Parcela 11, Jardines de Frutillar, Frutillar.<\/p>\n\n\n\n<p class=\"wp-block-paragraph\">Inscripciones y consultas sobre admisi\u00f3n: <a href=\"https:\/\/www.montessorifrutillar.cl\/admision?gad_source=1&amp;gad_campaignid=23886394008&amp;gbraid=0AAAABDyDvNtYL8UKMt--WtsW9znQix3si&amp;gclid=CjwKCAjw48TUBhBREiwAK0GnQcmJDjb0ZKQS0oWAoiMwDj9aGlnWphcKBRvseqxxrQxIWBY7MeSgchoCRvgQAvD_BwE\">https:\/\/www.montessorifrutillar.cl\/admision?gad_source=1&amp;gad_campaignid=23886394008&amp;gbraid=0AAAABDyDvNtYL8UKMt&#8211;WtsW9znQix3si&amp;gclid=CjwKCAjw48TUBhBREiwAK0GnQcmJDjb0ZKQS0oWAoiMwDj9aGlnWphcKBRvseqxxrQxIWBY7MeSgchoCRvgQAvD_BwE<\/a><\/p>\n\n\n\n<p class=\"wp-block-paragraph\">WhatsApp \/ Tel\u00e9fono: +56 9 4782 9864<\/p>\n\n\n\n<p class=\"wp-block-paragraph\">Redes sociales: <a href=\"https:\/\/www.instagram.com\/colegiomontessorifrutillar\/?hl=es\">@montessorifrutillar<\/a><\/p>\n","protected":false},"excerpt":{"rendered":"<p>La comunidad educativa realizar\u00e1 este s\u00e1bado 5 de septiembre una Jornada de Puertas Abiertas, instancia en la que madres, padres y apoderados podr\u00e1n conocer sus espacios, materiales y metodolog\u00eda de..<\/p>\n","protected":false},"author":8,"featured_media":23534,"comment_status":"closed","ping_status":"open","sticky":false,"template":"","format":"standard","meta":{"footnotes":""},"categories":[26,39,62],"tags":[],"class_list":["post-23533","post","type-post","status-publish","format-standard","has-post-thumbnail","hentry","category-comunidad","category-educacion","category-frutillar"],"rttpg_featured_image_url":{"full":["https:\/\/elconquistadorredloslagos.cl\/test\/wp-content\/uploads\/2026\/09\/Gemini_Generated_Image_vz67irvz67irvz67.jpeg",1376,768,false],"landscape":["https:\/\/elconquistadorredloslagos.cl\/test\/wp-content\/uploads\/2026\/09\/Gemini_Generated_Image_vz67irvz67irvz67.jpeg",1376,768,false],"portraits":["https:\/\/elconquistadorredloslagos.cl\/test\/wp-content\/uploads\/2026\/09\/Gemini_Generated_Image_vz67irvz67irvz67.jpeg",1376,768,false],"thumbnail":["https:\/\/elconquistadorredloslagos.cl\/test\/wp-content\/uploads\/2026\/09\/Gemini_Generated_Image_vz67irvz67irvz67-150x150.jpeg",150,150,true],"medium":["https:\/\/elconquistadorredloslagos.cl\/test\/wp-content\/uploads\/2026\/09\/Gemini_Generated_Image_vz67irvz67irvz67-300x167.jpeg",300,167,true],"large":["https:\/\/elconquistadorredloslagos.cl\/test\/wp-content\/uploads\/2026\/09\/Gemini_Generated_Image_vz67irvz67irvz67-1024x572.jpeg",1024,572,true],"1536x1536":["https:\/\/elconquistadorredloslagos.cl\/test\/wp-content\/uploads\/2026\/09\/Gemini_Generated_Image_vz67irvz67irvz67.jpeg",1376,768,false],"2048x2048":["https:\/\/elconquistadorredloslagos.cl\/test\/wp-content\/uploads\/2026\/09\/Gemini_Generated_Image_vz67irvz67irvz67.jpeg",1376,768,false]},"rttpg_author":{"display_name":"cmansilla","author_link":"https:\/\/elconquistadorredloslagos.cl\/test\/blog\/author\/cmansilla\/"},"rttpg_comment":0,"rttpg_category":"<a href=\"https:\/\/elconquistadorredloslagos.cl\/test\/blog\/category\/comunidad\/\" rel=\"category tag\">Comunidad<\/a> <a href=\"https:\/\/elconquistadorredloslagos.cl\/test\/blog\/category\/actual\/educacion\/\" rel=\"category tag\">Educaci\u00f3n<\/a> <a href=\"https:\/\/elconquistadorredloslagos.cl\/test\/blog\/category\/frutillar\/\" rel=\"category tag\">Frutillar<\/a>","rttpg_excerpt":"La comunidad educativa realizar\u00e1 este s\u00e1bado 5 de septiembre una Jornada de Puertas Abiertas, instancia en la que madres, padres y apoderados podr\u00e1n conocer sus espacios, materiales y metodolog\u00eda de..","_links":{"self":[{"href":"https:\/\/elconquistadorredloslagos.cl\/test\/wp-json\/wp\/v2\/posts\/23533","targetHints":{"allow":["GET"]}}],"collection":[{"href":"https:\/\/elconquistadorredloslagos.cl\/test\/wp-json\/wp\/v2\/posts"}],"about":[{"href":"https:\/\/elconquistadorredloslagos.cl\/test\/wp-json\/wp\/v2\/types\/post"}],"author":[{"embeddable":true,"href":"https:\/\/elconquistadorredloslagos.cl\/test\/wp-json\/wp\/v2\/users\/8"}],"replies":[{"embeddable":true,"href":"https:\/\/elconquistadorredloslagos.cl\/test\/wp-json\/wp\/v2\/comments?post=23533"}],"version-history":[{"count":1,"href":"https:\/\/elconquistadorredloslagos.cl\/test\/wp-json\/wp\/v2\/posts\/23533\/revisions"}],"predecessor-version":[{"id":23535,"href":"https:\/\/elconquistadorredloslagos.cl\/test\/wp-json\/wp\/v2\/posts\/23533\/revisions\/23535"}],"wp:featuredmedia":[{"embeddable":true,"href":"https:\/\/elconquistadorredloslagos.cl\/test\/wp-json\/wp\/v2\/media\/23534"}],"wp:attachment":[{"href":"https:\/\/elconquistadorredloslagos.cl\/test\/wp-json\/wp\/v2\/media?parent=23533"}],"wp:term":[{"taxonomy":"category","embeddable":true,"href":"https:\/\/elconquistadorredloslagos.cl\/test\/wp-json\/wp\/v2\/categories?post=23533"},{"taxonomy":"post_tag","embeddable":true,"href":"https:\/\/elconquistadorredloslagos.cl\/test\/wp-json\/wp\/v2\/tags?post=23533"}],"curies":[{"name":"wp","href":"https:\/\/api.w.org\/{rel}","templated":true}]}}