{"id":2353,"date":"2024-08-23T16:00:38","date_gmt":"2024-08-23T20:00:38","guid":{"rendered":"https:\/\/elconquistadorredloslagos.cl\/test\/?p=2353"},"modified":"2024-08-23T16:00:39","modified_gmt":"2024-08-23T20:00:39","slug":"violento-incendio-en-castro-deja-saldo-de-dos-casas-siniestradas-y-siete-personas-damnificadas","status":"publish","type":"post","link":"https:\/\/elconquistadorredloslagos.cl\/test\/blog\/2024\/08\/23\/violento-incendio-en-castro-deja-saldo-de-dos-casas-siniestradas-y-siete-personas-damnificadas\/","title":{"rendered":"Violento incendio en Castro deja saldo de dos casas siniestradas y siete personas damnificadas"},"content":{"rendered":"\n<p>Un dantesco incendio redujo a cenizas dos casas y dej\u00f3 siete personas damnificadas en Castro. El llamado de comandancia se produjo a eso de las 20.33 horas de este jueves, una vez que la central bomberil&nbsp; fue informada v\u00eda telef\u00f3nica de un siniestro que compromet\u00eda a esta infraestructura, en calle Diego Bustamante de la capital chilota.<\/p>\n\n\n\n<p>De acuerdo con lo se\u00f1alado por el Segundo Comandante de Bomberos, Patricio Torres, el trabajo de los voluntarios se enfoc\u00f3 en disminuir la carga cal\u00f3rica en estos inmuebles, y as\u00ed impedir que las llamas se propaguen a otras viviendas contiguas.<\/p>\n\n\n\n<p>El trabajo de extinci\u00f3n, hasta el control de las llamas, se extendi\u00f3 por varios minutos; respecto a las causas de la emergencia est\u00e1s ser\u00e1n parte de la investigaci\u00f3n que efect\u00faa los peritos del Departamento de Estudios T\u00e9cnicos de Bomberos, DET. Carabineros de la Segunda Comisar\u00eda en tanto, levant\u00f3 los antecedentes para remitirlos a la Fiscal\u00eda.<\/p>\n","protected":false},"excerpt":{"rendered":"<p>Un dantesco incendio redujo a cenizas dos casas y dej\u00f3 siete personas damnificadas en Castro. El llamado de comandancia se produjo a eso de las 20.33 horas de este jueves,..<\/p>\n","protected":false},"author":2,"featured_media":2354,"comment_status":"open","ping_status":"open","sticky":false,"template":"","format":"standard","meta":{"footnotes":""},"categories":[28],"tags":[],"class_list":["post-2353","post","type-post","status-publish","format-standard","has-post-thumbnail","hentry","category-actual"],"rttpg_featured_image_url":{"full":["https:\/\/elconquistadorredloslagos.cl\/test\/wp-content\/uploads\/2024\/08\/INCENDIOC.jpg",1920,1080,false],"landscape":["https:\/\/elconquistadorredloslagos.cl\/test\/wp-content\/uploads\/2024\/08\/INCENDIOC.jpg",1920,1080,false],"portraits":["https:\/\/elconquistadorredloslagos.cl\/test\/wp-content\/uploads\/2024\/08\/INCENDIOC.jpg",1920,1080,false],"thumbnail":["https:\/\/elconquistadorredloslagos.cl\/test\/wp-content\/uploads\/2024\/08\/INCENDIOC-150x150.jpg",150,150,true],"medium":["https:\/\/elconquistadorredloslagos.cl\/test\/wp-content\/uploads\/2024\/08\/INCENDIOC-300x169.jpg",300,169,true],"large":["https:\/\/elconquistadorredloslagos.cl\/test\/wp-content\/uploads\/2024\/08\/INCENDIOC-1024x576.jpg",1024,576,true],"1536x1536":["https:\/\/elconquistadorredloslagos.cl\/test\/wp-content\/uploads\/2024\/08\/INCENDIOC-1536x864.jpg",1536,864,true],"2048x2048":["https:\/\/elconquistadorredloslagos.cl\/test\/wp-content\/uploads\/2024\/08\/INCENDIOC.jpg",1920,1080,false]},"rttpg_author":{"display_name":"ccardenas","author_link":"https:\/\/elconquistadorredloslagos.cl\/test\/blog\/author\/ccardenas\/"},"rttpg_comment":1,"rttpg_category":"<a href=\"https:\/\/elconquistadorredloslagos.cl\/test\/blog\/category\/actual\/\" rel=\"category tag\">Actualidad<\/a>","rttpg_excerpt":"Un dantesco incendio redujo a cenizas dos casas y dej\u00f3 siete personas damnificadas en Castro. El llamado de comandancia se produjo a eso de las 20.33 horas de este jueves,..","_links":{"self":[{"href":"https:\/\/elconquistadorredloslagos.cl\/test\/wp-json\/wp\/v2\/posts\/2353","targetHints":{"allow":["GET"]}}],"collection":[{"href":"https:\/\/elconquistadorredloslagos.cl\/test\/wp-json\/wp\/v2\/posts"}],"about":[{"href":"https:\/\/elconquistadorredloslagos.cl\/test\/wp-json\/wp\/v2\/types\/post"}],"author":[{"embeddable":true,"href":"https:\/\/elconquistadorredloslagos.cl\/test\/wp-json\/wp\/v2\/users\/2"}],"replies":[{"embeddable":true,"href":"https:\/\/elconquistadorredloslagos.cl\/test\/wp-json\/wp\/v2\/comments?post=2353"}],"version-history":[{"count":1,"href":"https:\/\/elconquistadorredloslagos.cl\/test\/wp-json\/wp\/v2\/posts\/2353\/revisions"}],"predecessor-version":[{"id":2355,"href":"https:\/\/elconquistadorredloslagos.cl\/test\/wp-json\/wp\/v2\/posts\/2353\/revisions\/2355"}],"wp:featuredmedia":[{"embeddable":true,"href":"https:\/\/elconquistadorredloslagos.cl\/test\/wp-json\/wp\/v2\/media\/2354"}],"wp:attachment":[{"href":"https:\/\/elconquistadorredloslagos.cl\/test\/wp-json\/wp\/v2\/media?parent=2353"}],"wp:term":[{"taxonomy":"category","embeddable":true,"href":"https:\/\/elconquistadorredloslagos.cl\/test\/wp-json\/wp\/v2\/categories?post=2353"},{"taxonomy":"post_tag","embeddable":true,"href":"https:\/\/elconquistadorredloslagos.cl\/test\/wp-json\/wp\/v2\/tags?post=2353"}],"curies":[{"name":"wp","href":"https:\/\/api.w.org\/{rel}","templated":true}]}}