{"id":23527,"date":"2026-09-03T19:39:59","date_gmt":"2026-09-03T23:39:59","guid":{"rendered":"https:\/\/elconquistadorredloslagos.cl\/test\/?p=23527"},"modified":"2026-09-03T19:40:00","modified_gmt":"2026-09-03T23:40:00","slug":"vecinos-y-vecinas-de-lago-chapo-y-pocoihuen-dan-vida-a-proyectos-comunitarios","status":"publish","type":"post","link":"https:\/\/elconquistadorredloslagos.cl\/test\/blog\/2026\/09\/03\/vecinos-y-vecinas-de-lago-chapo-y-pocoihuen-dan-vida-a-proyectos-comunitarios\/","title":{"rendered":"Vecinos y vecinas de Lago Chapo y Pocoihu\u00e9n dan vida a proyectos comunitarios"},"content":{"rendered":"\n<p class=\"wp-block-paragraph\"><strong><em>14 iniciativas fueron financiadas por la empresa Colb\u00fan, en el marco de los Fondos de Desarrollo Social 2026 que la compa\u00f1\u00eda desarrolla como parte de su relacionamiento y gesti\u00f3n social en Los Lagos<\/em><\/strong><\/p>\n\n\n\n<p class=\"wp-block-paragraph\">Con un balance positivo y la satisfacci\u00f3n de los vecinos y vecinas, se realizaron las ceremonias de cierre de los Fondos de Desarrollo Social 2026 en las localidades de Lago Chapo y Pocoihu\u00e9n. La iniciativa, impulsada por la empresa Colb\u00fan en alianza con la Fundaci\u00f3n Sim\u00f3n de Cirene, busca fortalecer la autogesti\u00f3n de organizaciones funcionales y territoriales a trav\u00e9s del financiamiento directo de proyectos generados por la propia comunidad.<\/p>\n\n\n\n<p class=\"wp-block-paragraph\">Los recursos se distribuyeron en seis l\u00edneas de financiamiento: Bienestar F\u00edsico, Deportes y Recreaci\u00f3n; Formaci\u00f3n y Capacitaci\u00f3n; Protecci\u00f3n y Cuidado del Medio Ambiente; Educaci\u00f3n, Cultura y Arte; Infraestructura Comunitaria e Insumos. En esta oportunidad, fueron ocho las organizaciones beneficiadas en el sector de Lago Chapo (comuna de Puerto Montt), mientras que el sector de Pocoihu\u00e9n (comuna de Cocham\u00f3) fueron 6 los proyectos desarrollados.<\/p>\n\n\n\n<p class=\"wp-block-paragraph\"><strong>Proyectos ejecutados<\/strong><\/p>\n\n\n\n<p class=\"wp-block-paragraph\">Las iniciativas seleccionadas reflejan la diversidad de intereses y necesidades de la comunidad local. Y entre las organizaciones beneficiadas, destacan: Agrupaci\u00f3n Social y Cultural Hormiguitas de R\u00edo Blanco, Club Deportivo Tricolor, Junta de Vecinos de Lago Chapo, Comit\u00e9 de Trabajo Virgen de Los Rayos, Club de Adulto Mayor Lago Chapo, Club Deportivo Flor del Lago, Junta de Vecinos R\u00edo Blanco y el Comit\u00e9 de Salud Lago Chapo.&nbsp;<\/p>\n\n\n\n<p class=\"wp-block-paragraph\">En el caso de Pocoih\u00faen las organizaciones beneficiadas fueron: Junta de Vecinos N\u00b030 Corte Roca; Junta de Vecinos N\u00b07 Pocoihu\u00e9n Alto; Junta de Vecinos N\u00b015 Pocoihu\u00e9n Bajo; Centro de Padres y Apoderados Jard\u00edn Infantil Sol Naciente de Pocoihu\u00e9n Alto; Organizaci\u00f3n de Discapacitados \u201cVida Mejor\u201d, y Centro de Padres y Apoderados Escuela B\u00e1sica Rural Pocoihu\u00e9n Alto.<br><br><strong>Museo comunitario<\/strong><\/p>\n\n\n\n<p class=\"wp-block-paragraph\">Uno de los proyectos destacados es el futuro museo que impulsa el Comit\u00e9 de Trabajo Virgen de Los Rayos. Mirza Reyes, vecina del sector, explic\u00f3 que actualmente se encuentran recolectando fotograf\u00edas y objetos antiguos para rescatar la historia de Lago Chapo. El espacio estar\u00e1 ubicado entre el cementerio y la iglesia, y ya cuenta con calefacci\u00f3n para enfrentar las bajas temperaturas de la zona.<\/p>\n\n\n\n<p class=\"wp-block-paragraph\"><strong>Huerto medicinal intercultural<\/strong><\/p>\n\n\n\n<p class=\"wp-block-paragraph\">Por su parte, el Comit\u00e9 de Salud Lago Chapo implement\u00f3 un huerto comunitario de medicina ancestral. Su presidenta, Adelina P\u00e9rez, se\u00f1al\u00f3 que la iniciativa surge al amparo del art\u00edculo 21, que permite la atenci\u00f3n intercultural para personas de pueblos originarios. El huerto estar\u00e1 abierto a toda la comunidad y busca convertirse en un banco de herbolaria para quienes se traten con medicina tradicional.<\/p>\n\n\n\n<p class=\"wp-block-paragraph\">P\u00e9rez valor\u00f3 el aporte de los fondos: \u00abSomos un comit\u00e9 reci\u00e9n iniciado, sin fines de lucro y sin recursos. Estos proyectos ayudan en el pie inicial. Es fundamental el aporte de la empresa que est\u00e1 ac\u00e1 en el sector\u00bb.<\/p>\n\n\n\n<p class=\"wp-block-paragraph\"><strong>Recreos de bienestar<\/strong><\/p>\n\n\n\n<p class=\"wp-block-paragraph\">En el caso de Tatiana Gonzalez, representante del Centro de Padres de la Escuela Pocoihu\u00e9n Alto, explic\u00f3 que su proyecto buscaba fortalecer el aprendizaje y la diversi\u00f3n de los alumnos con un sentido de bienestar. \u201cEl patio de los ni\u00f1os para el recreo era peque\u00f1o y sin mucho que hacer, por lo que decidimos postular a este proyecto para que los ni\u00f1os tuvieran infraestructura, juegos interactivos y elementos que les permitieran fortalecer sus lazos, educarse entreteni\u00e9ndose y por supuesto, desestresarse para que volvieran a la clase con un mayor grado de bienestar mental y m\u00e1s relajados\u201d.<\/p>\n\n\n\n<p class=\"wp-block-paragraph\"><strong>Desarrollo territorial<\/strong><\/p>\n\n\n\n<p class=\"wp-block-paragraph\">Claudia Mu\u00f1oz, especialista senior en relacionamiento comunitario de Colb\u00fan, destac\u00f3 que las organizaciones no solo piensan en sus socios, sino que se abren a la comunidad, lo que resulta muy positivo para el desarrollo de los territorios.<\/p>\n\n\n\n<p class=\"wp-block-paragraph\">Mientras que Ignacia Morales, coordinadora de la Fundaci\u00f3n Sim\u00f3n de Cirene, expres\u00f3 su satisfacci\u00f3n por ver los proyectos convertidos en realidad: \u00abEstamos muy contentos de ver los frutos, de ver primero el proyecto en el papel, y luego convertido en realidad\u00bb.<\/p>\n\n\n\n<p class=\"wp-block-paragraph\">Por \u00faltimo, Abraham Bravo, subgerente de Relacionamiento y Gesti\u00f3n Social de Colb\u00fan, destac\u00f3 que \u201cesta iniciativa no solo busca fortalecer la infraestructura comunitaria, sino que adem\u00e1s fortalecer el liderazgo que los dirigentes y dirigentes sociales hacen d\u00eda a d\u00eda, en beneficio de sus vecinos y vecinas\u201d.<\/p>\n\n\n\n<p class=\"wp-block-paragraph\">El cierre de esta nueva versi\u00f3n reafirma el valor del trabajo colaborativo entre empresa, fundaci\u00f3n y comunidades, consolidando un modelo que trasciende la inversi\u00f3n puntual y apuesta por el desarrollo sostenible del territorio.<\/p>\n","protected":false},"excerpt":{"rendered":"<p>14 iniciativas fueron financiadas por la empresa Colb\u00fan, en el marco de los Fondos de Desarrollo Social 2026 que la compa\u00f1\u00eda desarrolla como parte de su relacionamiento y gesti\u00f3n social..<\/p>\n","protected":false},"author":2,"featured_media":23528,"comment_status":"closed","ping_status":"open","sticky":false,"template":"","format":"standard","meta":{"footnotes":""},"categories":[1,28,67],"tags":[],"class_list":["post-23527","post","type-post","status-publish","format-standard","has-post-thumbnail","hentry","category-acontecer","category-actual","category-regional"],"rttpg_featured_image_url":{"full":["https:\/\/elconquistadorredloslagos.cl\/test\/wp-content\/uploads\/2026\/09\/Diseno-sin-titulo-12.jpg",1920,1080,false],"landscape":["https:\/\/elconquistadorredloslagos.cl\/test\/wp-content\/uploads\/2026\/09\/Diseno-sin-titulo-12.jpg",1920,1080,false],"portraits":["https:\/\/elconquistadorredloslagos.cl\/test\/wp-content\/uploads\/2026\/09\/Diseno-sin-titulo-12.jpg",1920,1080,false],"thumbnail":["https:\/\/elconquistadorredloslagos.cl\/test\/wp-content\/uploads\/2026\/09\/Diseno-sin-titulo-12-150x150.jpg",150,150,true],"medium":["https:\/\/elconquistadorredloslagos.cl\/test\/wp-content\/uploads\/2026\/09\/Diseno-sin-titulo-12-300x169.jpg",300,169,true],"large":["https:\/\/elconquistadorredloslagos.cl\/test\/wp-content\/uploads\/2026\/09\/Diseno-sin-titulo-12-1024x576.jpg",1024,576,true],"1536x1536":["https:\/\/elconquistadorredloslagos.cl\/test\/wp-content\/uploads\/2026\/09\/Diseno-sin-titulo-12-1536x864.jpg",1536,864,true],"2048x2048":["https:\/\/elconquistadorredloslagos.cl\/test\/wp-content\/uploads\/2026\/09\/Diseno-sin-titulo-12.jpg",1920,1080,false]},"rttpg_author":{"display_name":"ccardenas","author_link":"https:\/\/elconquistadorredloslagos.cl\/test\/blog\/author\/ccardenas\/"},"rttpg_comment":0,"rttpg_category":"<a href=\"https:\/\/elconquistadorredloslagos.cl\/test\/blog\/category\/actual\/acontecer\/\" rel=\"category tag\">Acontecer<\/a> <a href=\"https:\/\/elconquistadorredloslagos.cl\/test\/blog\/category\/actual\/\" rel=\"category tag\">Actualidad<\/a> <a href=\"https:\/\/elconquistadorredloslagos.cl\/test\/blog\/category\/regional\/\" rel=\"category tag\">Regional<\/a>","rttpg_excerpt":"14 iniciativas fueron financiadas por la empresa Colb\u00fan, en el marco de los Fondos de Desarrollo Social 2026 que la compa\u00f1\u00eda desarrolla como parte de su relacionamiento y gesti\u00f3n social..","_links":{"self":[{"href":"https:\/\/elconquistadorredloslagos.cl\/test\/wp-json\/wp\/v2\/posts\/23527","targetHints":{"allow":["GET"]}}],"collection":[{"href":"https:\/\/elconquistadorredloslagos.cl\/test\/wp-json\/wp\/v2\/posts"}],"about":[{"href":"https:\/\/elconquistadorredloslagos.cl\/test\/wp-json\/wp\/v2\/types\/post"}],"author":[{"embeddable":true,"href":"https:\/\/elconquistadorredloslagos.cl\/test\/wp-json\/wp\/v2\/users\/2"}],"replies":[{"embeddable":true,"href":"https:\/\/elconquistadorredloslagos.cl\/test\/wp-json\/wp\/v2\/comments?post=23527"}],"version-history":[{"count":1,"href":"https:\/\/elconquistadorredloslagos.cl\/test\/wp-json\/wp\/v2\/posts\/23527\/revisions"}],"predecessor-version":[{"id":23529,"href":"https:\/\/elconquistadorredloslagos.cl\/test\/wp-json\/wp\/v2\/posts\/23527\/revisions\/23529"}],"wp:featuredmedia":[{"embeddable":true,"href":"https:\/\/elconquistadorredloslagos.cl\/test\/wp-json\/wp\/v2\/media\/23528"}],"wp:attachment":[{"href":"https:\/\/elconquistadorredloslagos.cl\/test\/wp-json\/wp\/v2\/media?parent=23527"}],"wp:term":[{"taxonomy":"category","embeddable":true,"href":"https:\/\/elconquistadorredloslagos.cl\/test\/wp-json\/wp\/v2\/categories?post=23527"},{"taxonomy":"post_tag","embeddable":true,"href":"https:\/\/elconquistadorredloslagos.cl\/test\/wp-json\/wp\/v2\/tags?post=23527"}],"curies":[{"name":"wp","href":"https:\/\/api.w.org\/{rel}","templated":true}]}}