{"id":23522,"date":"2026-09-03T18:13:32","date_gmt":"2026-09-03T22:13:32","guid":{"rendered":"https:\/\/elconquistadorredloslagos.cl\/test\/?p=23522"},"modified":"2026-09-03T18:13:33","modified_gmt":"2026-09-03T22:13:33","slug":"dalcahue-se-prepara-para-vivir-su-fiesta-de-la-chilenidad-2026","status":"publish","type":"post","link":"https:\/\/elconquistadorredloslagos.cl\/test\/blog\/2026\/09\/03\/dalcahue-se-prepara-para-vivir-su-fiesta-de-la-chilenidad-2026\/","title":{"rendered":"Dalcahue se prepara para vivir su fiesta de la chilenidad 2026"},"content":{"rendered":"\n<p class=\"wp-block-paragraph\">Dalcahue ya afina los \u00faltimos detalles para celebrar su tradicional Fiesta de la Chilenidad, que este a\u00f1o se realizar\u00e1 el 18 de septiembre, entre las 11:00 y las 19:00 horas, en el Parque Teguel. La actividad, organizada por la municipalidad de Dalcahue, se ha transformado en una de las citas m\u00e1s esperadas de Chilo\u00e9, convocando cada a\u00f1o a cientos de familias que llegan a celebrar la identidad, la m\u00fasica y los sabores de nuestra tierra.<\/p>\n\n\n\n<p class=\"wp-block-paragraph\">Seg\u00fan adelantaron desde el municipio, este 2026 el parque lucir\u00e1 m\u00e1s hermoso que nunca, ya que cada versi\u00f3n de la fiesta trae consigo nuevas sorpresas para los visitantes. La organizaci\u00f3n contempla 7 m\u00f3dulos destinados a emprendedores y, muy cerca del escenario principal, 14 stands gastron\u00f3micos a cargo de organizaciones sociales y territoriales de la comuna, que ofrecer\u00e1n una variada y sabrosa carta t\u00edpica para todos los gustos.<\/p>\n\n\n\n<p class=\"wp-block-paragraph\">La feria de emprendimiento tambi\u00e9n ser\u00e1 protagonista, con aproximadamente 45 emprendedores seleccionados que exhibir\u00e1n productos en lana, cuero y orfebrer\u00eda, adem\u00e1s de la tradicional presencia de las hilanderas de Tena\u00fan, un sello infaltable en cada fiesta costumbrista de Dalcahue. Los m\u00e1s peque\u00f1os de la casa tambi\u00e9n tendr\u00e1n su espacio, con un rinc\u00f3n de juegos pensado especialmente para ellos. Y para que nadie deje de bailar, la parrilla musical contar\u00e1 con 7 agrupaciones en vivo que animar\u00e1n la jornada de principio a fin.<\/p>\n\n\n\n<p class=\"wp-block-paragraph\">La alcaldesa de Dalcahue, Alejandra Villegas, invit\u00f3 a la comunidad a sumarse con entusiasmo: <\/p>\n\n\n\n<figure class=\"wp-block-audio\"><audio controls src=\"https:\/\/elconquistadorredloslagos.cl\/test\/wp-content\/uploads\/2026\/09\/ALCALDESA-POR-FIESTA-DE-CHILENIDAD.mp3\"><\/audio><\/figure>\n\n\n\n<p class=\"wp-block-paragraph\">Por su parte, la directora de Desarrollo Comunitario (Dideco), Claudia B\u00f3rquez, destac\u00f3 el trabajo realizado junto a los emprendedores locales.<\/p>\n\n\n\n<figure class=\"wp-block-audio\"><audio controls src=\"https:\/\/elconquistadorredloslagos.cl\/test\/wp-content\/uploads\/2026\/09\/CLAUDIA-BORQUEZ-CHILENIDAD.mp3\"><\/audio><\/figure>\n\n\n\n<p class=\"wp-block-paragraph\">La Fiesta de la Chilenidad Dalcahue 2026 se realizar\u00e1 el viernes 18 de septiembre, de 11:00 a 19:00 horas, en el Parque Teguel. La entrada es gratuita y la invitaci\u00f3n est\u00e1 abierta a toda la comunidad.<\/p>\n","protected":false},"excerpt":{"rendered":"<p>Dalcahue ya afina los \u00faltimos detalles para celebrar su tradicional Fiesta de la Chilenidad, que este a\u00f1o se realizar\u00e1 el 18 de septiembre, entre las 11:00 y las 19:00 horas,..<\/p>\n","protected":false},"author":2,"featured_media":23525,"comment_status":"closed","ping_status":"open","sticky":false,"template":"","format":"standard","meta":{"footnotes":""},"categories":[1,28,51,34],"tags":[],"class_list":["post-23522","post","type-post","status-publish","format-standard","has-post-thumbnail","hentry","category-acontecer","category-actual","category-chiloe","category-cultura"],"rttpg_featured_image_url":{"full":["https:\/\/elconquistadorredloslagos.cl\/test\/wp-content\/uploads\/2026\/09\/Diseno-sin-titulo-11.jpg",1920,1080,false],"landscape":["https:\/\/elconquistadorredloslagos.cl\/test\/wp-content\/uploads\/2026\/09\/Diseno-sin-titulo-11.jpg",1920,1080,false],"portraits":["https:\/\/elconquistadorredloslagos.cl\/test\/wp-content\/uploads\/2026\/09\/Diseno-sin-titulo-11.jpg",1920,1080,false],"thumbnail":["https:\/\/elconquistadorredloslagos.cl\/test\/wp-content\/uploads\/2026\/09\/Diseno-sin-titulo-11-150x150.jpg",150,150,true],"medium":["https:\/\/elconquistadorredloslagos.cl\/test\/wp-content\/uploads\/2026\/09\/Diseno-sin-titulo-11-300x169.jpg",300,169,true],"large":["https:\/\/elconquistadorredloslagos.cl\/test\/wp-content\/uploads\/2026\/09\/Diseno-sin-titulo-11-1024x576.jpg",1024,576,true],"1536x1536":["https:\/\/elconquistadorredloslagos.cl\/test\/wp-content\/uploads\/2026\/09\/Diseno-sin-titulo-11-1536x864.jpg",1536,864,true],"2048x2048":["https:\/\/elconquistadorredloslagos.cl\/test\/wp-content\/uploads\/2026\/09\/Diseno-sin-titulo-11.jpg",1920,1080,false]},"rttpg_author":{"display_name":"ccardenas","author_link":"https:\/\/elconquistadorredloslagos.cl\/test\/blog\/author\/ccardenas\/"},"rttpg_comment":0,"rttpg_category":"<a href=\"https:\/\/elconquistadorredloslagos.cl\/test\/blog\/category\/actual\/acontecer\/\" rel=\"category tag\">Acontecer<\/a> <a href=\"https:\/\/elconquistadorredloslagos.cl\/test\/blog\/category\/actual\/\" rel=\"category tag\">Actualidad<\/a> <a href=\"https:\/\/elconquistadorredloslagos.cl\/test\/blog\/category\/chile\/chiloe\/\" rel=\"category tag\">Chilo\u00e9<\/a> <a href=\"https:\/\/elconquistadorredloslagos.cl\/test\/blog\/category\/cultura\/\" rel=\"category tag\">Cultural<\/a>","rttpg_excerpt":"Dalcahue ya afina los \u00faltimos detalles para celebrar su tradicional Fiesta de la Chilenidad, que este a\u00f1o se realizar\u00e1 el 18 de septiembre, entre las 11:00 y las 19:00 horas,..","_links":{"self":[{"href":"https:\/\/elconquistadorredloslagos.cl\/test\/wp-json\/wp\/v2\/posts\/23522","targetHints":{"allow":["GET"]}}],"collection":[{"href":"https:\/\/elconquistadorredloslagos.cl\/test\/wp-json\/wp\/v2\/posts"}],"about":[{"href":"https:\/\/elconquistadorredloslagos.cl\/test\/wp-json\/wp\/v2\/types\/post"}],"author":[{"embeddable":true,"href":"https:\/\/elconquistadorredloslagos.cl\/test\/wp-json\/wp\/v2\/users\/2"}],"replies":[{"embeddable":true,"href":"https:\/\/elconquistadorredloslagos.cl\/test\/wp-json\/wp\/v2\/comments?post=23522"}],"version-history":[{"count":1,"href":"https:\/\/elconquistadorredloslagos.cl\/test\/wp-json\/wp\/v2\/posts\/23522\/revisions"}],"predecessor-version":[{"id":23526,"href":"https:\/\/elconquistadorredloslagos.cl\/test\/wp-json\/wp\/v2\/posts\/23522\/revisions\/23526"}],"wp:featuredmedia":[{"embeddable":true,"href":"https:\/\/elconquistadorredloslagos.cl\/test\/wp-json\/wp\/v2\/media\/23525"}],"wp:attachment":[{"href":"https:\/\/elconquistadorredloslagos.cl\/test\/wp-json\/wp\/v2\/media?parent=23522"}],"wp:term":[{"taxonomy":"category","embeddable":true,"href":"https:\/\/elconquistadorredloslagos.cl\/test\/wp-json\/wp\/v2\/categories?post=23522"},{"taxonomy":"post_tag","embeddable":true,"href":"https:\/\/elconquistadorredloslagos.cl\/test\/wp-json\/wp\/v2\/tags?post=23522"}],"curies":[{"name":"wp","href":"https:\/\/api.w.org\/{rel}","templated":true}]}}