{"id":23518,"date":"2026-09-03T17:52:20","date_gmt":"2026-09-03T21:52:20","guid":{"rendered":"https:\/\/elconquistadorredloslagos.cl\/test\/?p=23518"},"modified":"2026-09-03T17:52:21","modified_gmt":"2026-09-03T21:52:21","slug":"banda-escolar-dalcahue-conquista-nuevamente-el-titulo-nacional-y-logra-historico-bicampeonato","status":"publish","type":"post","link":"https:\/\/elconquistadorredloslagos.cl\/test\/blog\/2026\/09\/03\/banda-escolar-dalcahue-conquista-nuevamente-el-titulo-nacional-y-logra-historico-bicampeonato\/","title":{"rendered":"Banda Escolar Dalcahue conquista nuevamente el t\u00edtulo nacional y logra hist\u00f3rico bicampeonato"},"content":{"rendered":"\n<p class=\"wp-block-paragraph\">El nombre de Dalcahue y de Chilo\u00e9 volvi\u00f3 a instalarse en lo m\u00e1s alto de las bandas escolares del pa\u00eds. La Banda Escolar Dalcahue del Colegio Terramar obtuvo el primer lugar en la IV versi\u00f3n del Concurso Nacional de Bandas de Guerra Escolares de Carabineros de Chile, alcanzando por segundo a\u00f1o consecutivo el campeonato.<\/p>\n\n\n\n<p class=\"wp-block-paragraph\">El conjunto se traslad\u00f3 desde el sur del pa\u00eds hasta Santiago para participar en la competencia, donde consigui\u00f3 repetir el triunfo alcanzado en 2025 y quedarse nuevamente con el m\u00e1ximo reconocimiento.<\/p>\n\n\n\n<p class=\"wp-block-paragraph\">Con este resultado, los estudiantes suman dos t\u00edtulos nacionales consecutivos, consolidando una trayectoria que ha permitido proyectar el nombre de la comuna y del archipi\u00e9lago de Chilo\u00e9 a nivel nacional.<\/p>\n\n\n\n<p class=\"wp-block-paragraph\">La celebraci\u00f3n tendr\u00e1 un momento especial este viernes, cuando los integrantes de la banda reciban oficialmente el reconocimiento en el Palacio de La Moneda.<\/p>\n\n\n\n<p class=\"wp-block-paragraph\">El logro fue ampliamente celebrado por la comunidad de Dalcahue y por familias de distintos puntos de Chilo\u00e9, quienes destacaron el desempe\u00f1o de los estudiantes y el nuevo hito alcanzado por la agrupaci\u00f3n escolar.<\/p>\n\n\n\n<p class=\"wp-block-paragraph\">\ud83d\udcf7 Cedida<\/p>\n","protected":false},"excerpt":{"rendered":"<p>El nombre de Dalcahue y de Chilo\u00e9 volvi\u00f3 a instalarse en lo m\u00e1s alto de las bandas escolares del pa\u00eds. La Banda Escolar Dalcahue del Colegio Terramar obtuvo el primer..<\/p>\n","protected":false},"author":2,"featured_media":23520,"comment_status":"closed","ping_status":"open","sticky":false,"template":"","format":"standard","meta":{"footnotes":""},"categories":[1,28,51],"tags":[],"class_list":["post-23518","post","type-post","status-publish","format-standard","has-post-thumbnail","hentry","category-acontecer","category-actual","category-chiloe"],"rttpg_featured_image_url":{"full":["https:\/\/elconquistadorredloslagos.cl\/test\/wp-content\/uploads\/2026\/09\/Diseno-sin-titulo-4-2.jpg",1920,1080,false],"landscape":["https:\/\/elconquistadorredloslagos.cl\/test\/wp-content\/uploads\/2026\/09\/Diseno-sin-titulo-4-2.jpg",1920,1080,false],"portraits":["https:\/\/elconquistadorredloslagos.cl\/test\/wp-content\/uploads\/2026\/09\/Diseno-sin-titulo-4-2.jpg",1920,1080,false],"thumbnail":["https:\/\/elconquistadorredloslagos.cl\/test\/wp-content\/uploads\/2026\/09\/Diseno-sin-titulo-4-2-150x150.jpg",150,150,true],"medium":["https:\/\/elconquistadorredloslagos.cl\/test\/wp-content\/uploads\/2026\/09\/Diseno-sin-titulo-4-2-300x169.jpg",300,169,true],"large":["https:\/\/elconquistadorredloslagos.cl\/test\/wp-content\/uploads\/2026\/09\/Diseno-sin-titulo-4-2-1024x576.jpg",1024,576,true],"1536x1536":["https:\/\/elconquistadorredloslagos.cl\/test\/wp-content\/uploads\/2026\/09\/Diseno-sin-titulo-4-2-1536x864.jpg",1536,864,true],"2048x2048":["https:\/\/elconquistadorredloslagos.cl\/test\/wp-content\/uploads\/2026\/09\/Diseno-sin-titulo-4-2.jpg",1920,1080,false]},"rttpg_author":{"display_name":"ccardenas","author_link":"https:\/\/elconquistadorredloslagos.cl\/test\/blog\/author\/ccardenas\/"},"rttpg_comment":0,"rttpg_category":"<a href=\"https:\/\/elconquistadorredloslagos.cl\/test\/blog\/category\/actual\/acontecer\/\" rel=\"category tag\">Acontecer<\/a> <a href=\"https:\/\/elconquistadorredloslagos.cl\/test\/blog\/category\/actual\/\" rel=\"category tag\">Actualidad<\/a> <a href=\"https:\/\/elconquistadorredloslagos.cl\/test\/blog\/category\/chile\/chiloe\/\" rel=\"category tag\">Chilo\u00e9<\/a>","rttpg_excerpt":"El nombre de Dalcahue y de Chilo\u00e9 volvi\u00f3 a instalarse en lo m\u00e1s alto de las bandas escolares del pa\u00eds. La Banda Escolar Dalcahue del Colegio Terramar obtuvo el primer..","_links":{"self":[{"href":"https:\/\/elconquistadorredloslagos.cl\/test\/wp-json\/wp\/v2\/posts\/23518","targetHints":{"allow":["GET"]}}],"collection":[{"href":"https:\/\/elconquistadorredloslagos.cl\/test\/wp-json\/wp\/v2\/posts"}],"about":[{"href":"https:\/\/elconquistadorredloslagos.cl\/test\/wp-json\/wp\/v2\/types\/post"}],"author":[{"embeddable":true,"href":"https:\/\/elconquistadorredloslagos.cl\/test\/wp-json\/wp\/v2\/users\/2"}],"replies":[{"embeddable":true,"href":"https:\/\/elconquistadorredloslagos.cl\/test\/wp-json\/wp\/v2\/comments?post=23518"}],"version-history":[{"count":1,"href":"https:\/\/elconquistadorredloslagos.cl\/test\/wp-json\/wp\/v2\/posts\/23518\/revisions"}],"predecessor-version":[{"id":23521,"href":"https:\/\/elconquistadorredloslagos.cl\/test\/wp-json\/wp\/v2\/posts\/23518\/revisions\/23521"}],"wp:featuredmedia":[{"embeddable":true,"href":"https:\/\/elconquistadorredloslagos.cl\/test\/wp-json\/wp\/v2\/media\/23520"}],"wp:attachment":[{"href":"https:\/\/elconquistadorredloslagos.cl\/test\/wp-json\/wp\/v2\/media?parent=23518"}],"wp:term":[{"taxonomy":"category","embeddable":true,"href":"https:\/\/elconquistadorredloslagos.cl\/test\/wp-json\/wp\/v2\/categories?post=23518"},{"taxonomy":"post_tag","embeddable":true,"href":"https:\/\/elconquistadorredloslagos.cl\/test\/wp-json\/wp\/v2\/tags?post=23518"}],"curies":[{"name":"wp","href":"https:\/\/api.w.org\/{rel}","templated":true}]}}