{"id":23514,"date":"2026-09-03T14:15:13","date_gmt":"2026-09-03T18:15:13","guid":{"rendered":"https:\/\/elconquistadorredloslagos.cl\/test\/?p=23514"},"modified":"2026-09-03T14:15:14","modified_gmt":"2026-09-03T18:15:14","slug":"hombre-resulta-herido-tras-ser-aplastado-por-figura-de-cemento-de-700-kilos-en-puerto-montt","status":"publish","type":"post","link":"https:\/\/elconquistadorredloslagos.cl\/test\/blog\/2026\/09\/03\/hombre-resulta-herido-tras-ser-aplastado-por-figura-de-cemento-de-700-kilos-en-puerto-montt\/","title":{"rendered":"Hombre resulta herido tras ser aplastado por figura de cemento de 700 kilos en Puerto Montt"},"content":{"rendered":"\n<p class=\"wp-block-paragraph\">Una pesada estructura de cemento termin\u00f3 sobre un hombre de unos 50 a\u00f1os durante un accidente registrado en la caleta Pichi Pelluco de Puerto Montt. La pieza, que representa el rostro de San Pedro y tiene un peso cercano a los 700 kilos, habr\u00eda perdido estabilidad mientras era trasladada, alcanzando al trabajador.<\/p>\n\n\n\n<p class=\"wp-block-paragraph\">El hecho ocurri\u00f3 durante la tarde del mi\u00e9rcoles, en las cercan\u00edas de avenida Juan Soler Manfredini con R\u00edo Puelche. Por causas que son materia de investigaci\u00f3n, la estructura comenz\u00f3 a rodar y atrap\u00f3 al afectado, quien sufri\u00f3 lesiones de consideraci\u00f3n.<\/p>\n\n\n\n<p class=\"wp-block-paragraph\">Hasta el lugar concurrieron voluntarios de la Cuarta Compa\u00f1\u00eda de Bomberos, quienes entregaron las primeras atenciones y realizaron las maniobras necesarias para inmovilizar al paciente.<\/p>\n\n\n\n<p class=\"wp-block-paragraph\">Posteriormente, personal del SAMU tom\u00f3 el procedimiento y traslad\u00f3 al hombre hasta el Hospital de Puerto Montt, donde qued\u00f3 bajo evaluaci\u00f3n m\u00e9dica debido a las lesiones provocadas por el accidente.<\/p>\n\n\n\n<p class=\"wp-block-paragraph\">La estructura involucrada corresponde a una representaci\u00f3n de la cabeza y rostro de San Pedro, figura que habitualmente se encuentra instalada en la caleta Pichi Pelluco.<\/p>\n\n\n\n<p class=\"wp-block-paragraph\">\ud83d\udcf7 <a href=\"https:\/\/www.facebook.com\/Clubdecima\">Club de Emergencias D\u00e9cima Regi\u00f3n<\/a> &#8211; Facebook<\/p>\n","protected":false},"excerpt":{"rendered":"<p>Una pesada estructura de cemento termin\u00f3 sobre un hombre de unos 50 a\u00f1os durante un accidente registrado en la caleta Pichi Pelluco de Puerto Montt. La pieza, que representa el..<\/p>\n","protected":false},"author":2,"featured_media":23515,"comment_status":"closed","ping_status":"open","sticky":false,"template":"","format":"standard","meta":{"footnotes":""},"categories":[1,28,56],"tags":[],"class_list":["post-23514","post","type-post","status-publish","format-standard","has-post-thumbnail","hentry","category-acontecer","category-actual","category-puerto-montt"],"rttpg_featured_image_url":{"full":["https:\/\/elconquistadorredloslagos.cl\/test\/wp-content\/uploads\/2026\/09\/Diseno-sin-titulo-3-2.jpg",1920,1080,false],"landscape":["https:\/\/elconquistadorredloslagos.cl\/test\/wp-content\/uploads\/2026\/09\/Diseno-sin-titulo-3-2.jpg",1920,1080,false],"portraits":["https:\/\/elconquistadorredloslagos.cl\/test\/wp-content\/uploads\/2026\/09\/Diseno-sin-titulo-3-2.jpg",1920,1080,false],"thumbnail":["https:\/\/elconquistadorredloslagos.cl\/test\/wp-content\/uploads\/2026\/09\/Diseno-sin-titulo-3-2-150x150.jpg",150,150,true],"medium":["https:\/\/elconquistadorredloslagos.cl\/test\/wp-content\/uploads\/2026\/09\/Diseno-sin-titulo-3-2-300x169.jpg",300,169,true],"large":["https:\/\/elconquistadorredloslagos.cl\/test\/wp-content\/uploads\/2026\/09\/Diseno-sin-titulo-3-2-1024x576.jpg",1024,576,true],"1536x1536":["https:\/\/elconquistadorredloslagos.cl\/test\/wp-content\/uploads\/2026\/09\/Diseno-sin-titulo-3-2-1536x864.jpg",1536,864,true],"2048x2048":["https:\/\/elconquistadorredloslagos.cl\/test\/wp-content\/uploads\/2026\/09\/Diseno-sin-titulo-3-2.jpg",1920,1080,false]},"rttpg_author":{"display_name":"ccardenas","author_link":"https:\/\/elconquistadorredloslagos.cl\/test\/blog\/author\/ccardenas\/"},"rttpg_comment":0,"rttpg_category":"<a href=\"https:\/\/elconquistadorredloslagos.cl\/test\/blog\/category\/actual\/acontecer\/\" rel=\"category tag\">Acontecer<\/a> <a href=\"https:\/\/elconquistadorredloslagos.cl\/test\/blog\/category\/actual\/\" rel=\"category tag\">Actualidad<\/a> <a href=\"https:\/\/elconquistadorredloslagos.cl\/test\/blog\/category\/chile\/puerto-montt\/\" rel=\"category tag\">Puerto Montt<\/a>","rttpg_excerpt":"Una pesada estructura de cemento termin\u00f3 sobre un hombre de unos 50 a\u00f1os durante un accidente registrado en la caleta Pichi Pelluco de Puerto Montt. La pieza, que representa el..","_links":{"self":[{"href":"https:\/\/elconquistadorredloslagos.cl\/test\/wp-json\/wp\/v2\/posts\/23514","targetHints":{"allow":["GET"]}}],"collection":[{"href":"https:\/\/elconquistadorredloslagos.cl\/test\/wp-json\/wp\/v2\/posts"}],"about":[{"href":"https:\/\/elconquistadorredloslagos.cl\/test\/wp-json\/wp\/v2\/types\/post"}],"author":[{"embeddable":true,"href":"https:\/\/elconquistadorredloslagos.cl\/test\/wp-json\/wp\/v2\/users\/2"}],"replies":[{"embeddable":true,"href":"https:\/\/elconquistadorredloslagos.cl\/test\/wp-json\/wp\/v2\/comments?post=23514"}],"version-history":[{"count":1,"href":"https:\/\/elconquistadorredloslagos.cl\/test\/wp-json\/wp\/v2\/posts\/23514\/revisions"}],"predecessor-version":[{"id":23516,"href":"https:\/\/elconquistadorredloslagos.cl\/test\/wp-json\/wp\/v2\/posts\/23514\/revisions\/23516"}],"wp:featuredmedia":[{"embeddable":true,"href":"https:\/\/elconquistadorredloslagos.cl\/test\/wp-json\/wp\/v2\/media\/23515"}],"wp:attachment":[{"href":"https:\/\/elconquistadorredloslagos.cl\/test\/wp-json\/wp\/v2\/media?parent=23514"}],"wp:term":[{"taxonomy":"category","embeddable":true,"href":"https:\/\/elconquistadorredloslagos.cl\/test\/wp-json\/wp\/v2\/categories?post=23514"},{"taxonomy":"post_tag","embeddable":true,"href":"https:\/\/elconquistadorredloslagos.cl\/test\/wp-json\/wp\/v2\/tags?post=23514"}],"curies":[{"name":"wp","href":"https:\/\/api.w.org\/{rel}","templated":true}]}}