{"id":23507,"date":"2026-09-03T14:04:23","date_gmt":"2026-09-03T18:04:23","guid":{"rendered":"https:\/\/elconquistadorredloslagos.cl\/test\/?p=23507"},"modified":"2026-09-03T14:04:24","modified_gmt":"2026-09-03T18:04:24","slug":"capturan-a-hombre-con-43-detenciones-tras-robo-en-vehiculo-en-mall-costanera-de-puerto-montt","status":"publish","type":"post","link":"https:\/\/elconquistadorredloslagos.cl\/test\/blog\/2026\/09\/03\/capturan-a-hombre-con-43-detenciones-tras-robo-en-vehiculo-en-mall-costanera-de-puerto-montt\/","title":{"rendered":"Capturan a hombre con 43 detenciones tras robo en veh\u00edculo en Mall Costanera de Puerto Montt"},"content":{"rendered":"\n<p class=\"wp-block-paragraph\">A solo dos d\u00edas de recuperar su libertad, un hombre fue nuevamente detenido en Puerto Montt, esta vez por su presunta participaci\u00f3n en el robo de especies desde un veh\u00edculo estacionado en el Mall Costanera. El imputado registra 43 detenciones anteriores y los art\u00edculos sustra\u00eddos fueron avaluados en cerca de 400 mil pesos.<\/p>\n\n\n\n<p class=\"wp-block-paragraph\">El procedimiento estuvo a cargo de funcionarios de la Secci\u00f3n de Investigaci\u00f3n Policial (SIP) de la Segunda Comisar\u00eda de Carabineros de Puerto Montt, quienes trabajaron en coordinaci\u00f3n con el equipo de seguridad del centro comercial.<\/p>\n\n\n\n<p class=\"wp-block-paragraph\">Las diligencias desarrolladas tras la denuncia permitieron ubicar al sospechoso y recuperar la totalidad de las especies, las que posteriormente fueron entregadas nuevamente a su propietario.<\/p>\n\n\n\n<p class=\"wp-block-paragraph\">Seg\u00fan los antecedentes policiales, el detenido hab\u00eda salido de prisi\u00f3n el pasado 31 de agosto, luego de cumplir una condena de 300 d\u00edas de presidio por el delito de robo en lugar no habitado, cometido en Castro.<\/p>\n\n\n\n<p class=\"wp-block-paragraph\">De esta manera, el sujeto volvi\u00f3 a quedar a disposici\u00f3n de la justicia, apenas 48 horas despu\u00e9s de haber cumplido la pena que manten\u00eda en su contra.<\/p>\n\n\n\n<figure class=\"wp-block-video\"><video height=\"464\" style=\"aspect-ratio: 816 \/ 464;\" width=\"816\" controls src=\"https:\/\/elconquistadorredloslagos.cl\/test\/wp-content\/uploads\/2026\/09\/WhatsApp-Video-2026-09-03-at-11.14.30.mp4\"><\/video><\/figure>\n","protected":false},"excerpt":{"rendered":"<p>A solo dos d\u00edas de recuperar su libertad, un hombre fue nuevamente detenido en Puerto Montt, esta vez por su presunta participaci\u00f3n en el robo de especies desde un veh\u00edculo..<\/p>\n","protected":false},"author":2,"featured_media":23509,"comment_status":"closed","ping_status":"open","sticky":false,"template":"","format":"standard","meta":{"footnotes":""},"categories":[1,28,68,56],"tags":[],"class_list":["post-23507","post","type-post","status-publish","format-standard","has-post-thumbnail","hentry","category-acontecer","category-actual","category-policial","category-puerto-montt"],"rttpg_featured_image_url":{"full":["https:\/\/elconquistadorredloslagos.cl\/test\/wp-content\/uploads\/2026\/09\/Sin-titulo-2.jpg",1440,900,false],"landscape":["https:\/\/elconquistadorredloslagos.cl\/test\/wp-content\/uploads\/2026\/09\/Sin-titulo-2.jpg",1440,900,false],"portraits":["https:\/\/elconquistadorredloslagos.cl\/test\/wp-content\/uploads\/2026\/09\/Sin-titulo-2.jpg",1440,900,false],"thumbnail":["https:\/\/elconquistadorredloslagos.cl\/test\/wp-content\/uploads\/2026\/09\/Sin-titulo-2-150x150.jpg",150,150,true],"medium":["https:\/\/elconquistadorredloslagos.cl\/test\/wp-content\/uploads\/2026\/09\/Sin-titulo-2-300x188.jpg",300,188,true],"large":["https:\/\/elconquistadorredloslagos.cl\/test\/wp-content\/uploads\/2026\/09\/Sin-titulo-2-1024x640.jpg",1024,640,true],"1536x1536":["https:\/\/elconquistadorredloslagos.cl\/test\/wp-content\/uploads\/2026\/09\/Sin-titulo-2.jpg",1440,900,false],"2048x2048":["https:\/\/elconquistadorredloslagos.cl\/test\/wp-content\/uploads\/2026\/09\/Sin-titulo-2.jpg",1440,900,false]},"rttpg_author":{"display_name":"ccardenas","author_link":"https:\/\/elconquistadorredloslagos.cl\/test\/blog\/author\/ccardenas\/"},"rttpg_comment":0,"rttpg_category":"<a href=\"https:\/\/elconquistadorredloslagos.cl\/test\/blog\/category\/actual\/acontecer\/\" rel=\"category tag\">Acontecer<\/a> <a href=\"https:\/\/elconquistadorredloslagos.cl\/test\/blog\/category\/actual\/\" rel=\"category tag\">Actualidad<\/a> <a href=\"https:\/\/elconquistadorredloslagos.cl\/test\/blog\/category\/policial\/\" rel=\"category tag\">Policial<\/a> <a href=\"https:\/\/elconquistadorredloslagos.cl\/test\/blog\/category\/chile\/puerto-montt\/\" rel=\"category tag\">Puerto Montt<\/a>","rttpg_excerpt":"A solo dos d\u00edas de recuperar su libertad, un hombre fue nuevamente detenido en Puerto Montt, esta vez por su presunta participaci\u00f3n en el robo de especies desde un veh\u00edculo..","_links":{"self":[{"href":"https:\/\/elconquistadorredloslagos.cl\/test\/wp-json\/wp\/v2\/posts\/23507","targetHints":{"allow":["GET"]}}],"collection":[{"href":"https:\/\/elconquistadorredloslagos.cl\/test\/wp-json\/wp\/v2\/posts"}],"about":[{"href":"https:\/\/elconquistadorredloslagos.cl\/test\/wp-json\/wp\/v2\/types\/post"}],"author":[{"embeddable":true,"href":"https:\/\/elconquistadorredloslagos.cl\/test\/wp-json\/wp\/v2\/users\/2"}],"replies":[{"embeddable":true,"href":"https:\/\/elconquistadorredloslagos.cl\/test\/wp-json\/wp\/v2\/comments?post=23507"}],"version-history":[{"count":1,"href":"https:\/\/elconquistadorredloslagos.cl\/test\/wp-json\/wp\/v2\/posts\/23507\/revisions"}],"predecessor-version":[{"id":23511,"href":"https:\/\/elconquistadorredloslagos.cl\/test\/wp-json\/wp\/v2\/posts\/23507\/revisions\/23511"}],"wp:featuredmedia":[{"embeddable":true,"href":"https:\/\/elconquistadorredloslagos.cl\/test\/wp-json\/wp\/v2\/media\/23509"}],"wp:attachment":[{"href":"https:\/\/elconquistadorredloslagos.cl\/test\/wp-json\/wp\/v2\/media?parent=23507"}],"wp:term":[{"taxonomy":"category","embeddable":true,"href":"https:\/\/elconquistadorredloslagos.cl\/test\/wp-json\/wp\/v2\/categories?post=23507"},{"taxonomy":"post_tag","embeddable":true,"href":"https:\/\/elconquistadorredloslagos.cl\/test\/wp-json\/wp\/v2\/tags?post=23507"}],"curies":[{"name":"wp","href":"https:\/\/api.w.org\/{rel}","templated":true}]}}