{"id":23501,"date":"2026-09-03T13:04:29","date_gmt":"2026-09-03T17:04:29","guid":{"rendered":"https:\/\/elconquistadorredloslagos.cl\/test\/?p=23501"},"modified":"2026-09-03T13:04:31","modified_gmt":"2026-09-03T17:04:31","slug":"estudio-sobre-el-zorro-chilote-plantea-volver-a-declararlo-en-peligro-critico-de-extincion","status":"publish","type":"post","link":"https:\/\/elconquistadorredloslagos.cl\/test\/blog\/2026\/09\/03\/estudio-sobre-el-zorro-chilote-plantea-volver-a-declararlo-en-peligro-critico-de-extincion\/","title":{"rendered":"Estudio sobre el zorro chilote plantea volver a declararlo en peligro cr\u00edtico de extinci\u00f3n"},"content":{"rendered":"\n<p class=\"wp-block-paragraph\">Una investigaci\u00f3n cient\u00edfica liderada por el veterinario ancuditano Javier Cabello plantea la necesidad de que el zorro chilote vuelva a ser clasificado como especie \u201cen peligro cr\u00edtico de extinci\u00f3n\u201d. El estudio, publicado recientemente en la revista internacional <em>Biological Conservation<\/em>, es fruto de 18 a\u00f1os de trabajo iniciado en 2009 y que reuni\u00f3 a investigadores de Chile, Italia, Espa\u00f1a y Estados Unidos.<\/p>\n\n\n\n<p class=\"wp-block-paragraph\">Cabello, fundador de la ONG Chilo\u00e9 Silvestre y consejero regional, explic\u00f3 que la recomendaci\u00f3n se sustenta en el aislamiento de las poblaciones identificadas y su baja diversidad gen\u00e9tica. La investigaci\u00f3n estima, mediante modelos matem\u00e1ticos, que existir\u00edan entre 500 y 2.500 ejemplares.<\/p>\n\n\n\n<p class=\"wp-block-paragraph\">\u201cMuchas veces uno dice \u2018hay m\u00e1s o menos animales y hay que bajarlo o subirlo de categor\u00eda\u2019, pero eso no es tan as\u00ed. Hay que tener datos cient\u00edficos para poder sugerir bajar o subir de categor\u00eda\u201d, explic\u00f3 el profesional.<\/p>\n\n\n\n<p class=\"wp-block-paragraph\">El estudio consta de 11 p\u00e1ginas, incluyendo referencias, y cont\u00f3 con la participaci\u00f3n de Giovanni Forcina, Ezequiel Hidalgo, Dar\u00edo Moreira, Constanza Napolino, Javier Mill\u00e1n, Michael Jowers, Warren Johnson y Jos\u00e9 D\u00e1vila.<\/p>\n\n\n\n<p class=\"wp-block-paragraph\">El investigador destac\u00f3 adem\u00e1s el esfuerzo detr\u00e1s del trabajo, que durante sus primeros a\u00f1os financi\u00f3 personalmente y que incluy\u00f3 muestreos desde Ancud hasta In\u00edo, en Quell\u00f3n.<\/p>\n\n\n\n<p class=\"wp-block-paragraph\">\ud83d\udcf7 Referencial<\/p>\n","protected":false},"excerpt":{"rendered":"<p>Una investigaci\u00f3n cient\u00edfica liderada por el veterinario ancuditano Javier Cabello plantea la necesidad de que el zorro chilote vuelva a ser clasificado como especie \u201cen peligro cr\u00edtico de extinci\u00f3n\u201d. El..<\/p>\n","protected":false},"author":2,"featured_media":23502,"comment_status":"closed","ping_status":"open","sticky":false,"template":"","format":"standard","meta":{"footnotes":""},"categories":[1,28,51,39],"tags":[],"class_list":["post-23501","post","type-post","status-publish","format-standard","has-post-thumbnail","hentry","category-acontecer","category-actual","category-chiloe","category-educacion"],"rttpg_featured_image_url":{"full":["https:\/\/elconquistadorredloslagos.cl\/test\/wp-content\/uploads\/2026\/09\/Diseno-sin-titulo-10.jpg",1920,1080,false],"landscape":["https:\/\/elconquistadorredloslagos.cl\/test\/wp-content\/uploads\/2026\/09\/Diseno-sin-titulo-10.jpg",1920,1080,false],"portraits":["https:\/\/elconquistadorredloslagos.cl\/test\/wp-content\/uploads\/2026\/09\/Diseno-sin-titulo-10.jpg",1920,1080,false],"thumbnail":["https:\/\/elconquistadorredloslagos.cl\/test\/wp-content\/uploads\/2026\/09\/Diseno-sin-titulo-10-150x150.jpg",150,150,true],"medium":["https:\/\/elconquistadorredloslagos.cl\/test\/wp-content\/uploads\/2026\/09\/Diseno-sin-titulo-10-300x169.jpg",300,169,true],"large":["https:\/\/elconquistadorredloslagos.cl\/test\/wp-content\/uploads\/2026\/09\/Diseno-sin-titulo-10-1024x576.jpg",1024,576,true],"1536x1536":["https:\/\/elconquistadorredloslagos.cl\/test\/wp-content\/uploads\/2026\/09\/Diseno-sin-titulo-10-1536x864.jpg",1536,864,true],"2048x2048":["https:\/\/elconquistadorredloslagos.cl\/test\/wp-content\/uploads\/2026\/09\/Diseno-sin-titulo-10.jpg",1920,1080,false]},"rttpg_author":{"display_name":"ccardenas","author_link":"https:\/\/elconquistadorredloslagos.cl\/test\/blog\/author\/ccardenas\/"},"rttpg_comment":0,"rttpg_category":"<a href=\"https:\/\/elconquistadorredloslagos.cl\/test\/blog\/category\/actual\/acontecer\/\" rel=\"category tag\">Acontecer<\/a> <a href=\"https:\/\/elconquistadorredloslagos.cl\/test\/blog\/category\/actual\/\" rel=\"category tag\">Actualidad<\/a> <a href=\"https:\/\/elconquistadorredloslagos.cl\/test\/blog\/category\/chile\/chiloe\/\" rel=\"category tag\">Chilo\u00e9<\/a> <a href=\"https:\/\/elconquistadorredloslagos.cl\/test\/blog\/category\/actual\/educacion\/\" rel=\"category tag\">Educaci\u00f3n<\/a>","rttpg_excerpt":"Una investigaci\u00f3n cient\u00edfica liderada por el veterinario ancuditano Javier Cabello plantea la necesidad de que el zorro chilote vuelva a ser clasificado como especie \u201cen peligro cr\u00edtico de extinci\u00f3n\u201d. El..","_links":{"self":[{"href":"https:\/\/elconquistadorredloslagos.cl\/test\/wp-json\/wp\/v2\/posts\/23501","targetHints":{"allow":["GET"]}}],"collection":[{"href":"https:\/\/elconquistadorredloslagos.cl\/test\/wp-json\/wp\/v2\/posts"}],"about":[{"href":"https:\/\/elconquistadorredloslagos.cl\/test\/wp-json\/wp\/v2\/types\/post"}],"author":[{"embeddable":true,"href":"https:\/\/elconquistadorredloslagos.cl\/test\/wp-json\/wp\/v2\/users\/2"}],"replies":[{"embeddable":true,"href":"https:\/\/elconquistadorredloslagos.cl\/test\/wp-json\/wp\/v2\/comments?post=23501"}],"version-history":[{"count":1,"href":"https:\/\/elconquistadorredloslagos.cl\/test\/wp-json\/wp\/v2\/posts\/23501\/revisions"}],"predecessor-version":[{"id":23503,"href":"https:\/\/elconquistadorredloslagos.cl\/test\/wp-json\/wp\/v2\/posts\/23501\/revisions\/23503"}],"wp:featuredmedia":[{"embeddable":true,"href":"https:\/\/elconquistadorredloslagos.cl\/test\/wp-json\/wp\/v2\/media\/23502"}],"wp:attachment":[{"href":"https:\/\/elconquistadorredloslagos.cl\/test\/wp-json\/wp\/v2\/media?parent=23501"}],"wp:term":[{"taxonomy":"category","embeddable":true,"href":"https:\/\/elconquistadorredloslagos.cl\/test\/wp-json\/wp\/v2\/categories?post=23501"},{"taxonomy":"post_tag","embeddable":true,"href":"https:\/\/elconquistadorredloslagos.cl\/test\/wp-json\/wp\/v2\/tags?post=23501"}],"curies":[{"name":"wp","href":"https:\/\/api.w.org\/{rel}","templated":true}]}}