{"id":23499,"date":"2026-09-03T09:42:04","date_gmt":"2026-09-03T13:42:04","guid":{"rendered":"https:\/\/elconquistadorredloslagos.cl\/test\/?p=23499"},"modified":"2026-09-03T09:42:05","modified_gmt":"2026-09-03T13:42:05","slug":"basta-de-promesas-diputada-munoz-emplaza-al-gobierno-por-retraso-en-la-proteccion-de-los-rios-rahue-y-damas-en-osorno","status":"publish","type":"post","link":"https:\/\/elconquistadorredloslagos.cl\/test\/blog\/2026\/09\/03\/basta-de-promesas-diputada-munoz-emplaza-al-gobierno-por-retraso-en-la-proteccion-de-los-rios-rahue-y-damas-en-osorno\/","title":{"rendered":"\u201c\u00a1Basta de promesas!\u201d: diputada Mu\u00f1oz emplaza al Gobierno por retraso en la protecci\u00f3n de los r\u00edos Rahue y Damas\u00a0en Osorno"},"content":{"rendered":"\n<p class=\"wp-block-paragraph\"><strong><em>La parlamentaria llam\u00f3 al Ministerio del Medio Ambiente a cumplir los plazos y acelerar el proceso para establecer la norma secundaria de calidad ambiental.<\/em><\/strong><\/p>\n\n\n\n<p class=\"wp-block-paragraph\">La preocupaci\u00f3n por el retraso en la elaboraci\u00f3n de la norma secundaria de calidad ambiental para los r\u00edos Rahue y Damas contin\u00faa creciendo en Osorno. Organizaciones ambientales han advertido que los plazos del proceso no se estar\u00edan cumpliendo, situaci\u00f3n que podr\u00eda extender a\u00fan m\u00e1s un trabajo que ya contempla varios a\u00f1os.<\/p>\n\n\n\n<p class=\"wp-block-paragraph\">Frente a este escenario, la diputada Paulina Mu\u00f1oz manifest\u00f3 su preocupaci\u00f3n y emplaz\u00f3 a las autoridades a acelerar el trabajo pendiente.<\/p>\n\n\n\n<p class=\"wp-block-paragraph\">\u201cEl r\u00edo Rahue lleva d\u00e9cadas esperando protecci\u00f3n. Y los vecinos ya est\u00e1n cansados de escuchar promesas porque llevan muchos a\u00f1os escuch\u00e1ndolas\u201d, se\u00f1al\u00f3 la parlamentaria.<\/p>\n\n\n\n<p class=\"wp-block-paragraph\">Mu\u00f1oz sostuvo que existen estudios y monitoreos que deben servir como base para avanzar en la elaboraci\u00f3n de la norma y enfatiz\u00f3 la necesidad de concretar el trabajo institucional.<\/p>\n\n\n\n<p class=\"wp-block-paragraph\">\u201cHoy d\u00eda necesitamos sacar adelante esta norma secundaria de calidad ambiental con todos los estudios y monitoreos hechos\u201d, afirm\u00f3.<\/p>\n\n\n\n<p class=\"wp-block-paragraph\">La diputada advirti\u00f3 adem\u00e1s que el cumplimiento de los pr\u00f3ximos hitos resulta fundamental para evitar nuevos retrasos, apuntando especialmente a la constituci\u00f3n y funcionamiento de los comit\u00e9s t\u00e9cnicos.<\/p>\n\n\n\n<p class=\"wp-block-paragraph\">\u201cPorque si nosotros no logramos constituir los comit\u00e9s t\u00e9cnicos como corresponde, en octubre no va a estar la pega hecha\u201d, sostuvo.<\/p>\n\n\n\n<p class=\"wp-block-paragraph\">La parlamentaria fue enf\u00e1tica en cuestionar que el proceso siga acumulando tr\u00e1mites y dilaciones: \u201cNo necesitamos m\u00e1s burocracia. Lo que nos hace falta no son m\u00e1s recursos, es una buena gesti\u00f3n\u201d.<\/p>\n\n\n\n<p class=\"wp-block-paragraph\">Las declaraciones se conocen en momentos en que organizaciones ambientales tambi\u00e9n han manifestado su inquietud por las demoras en el proceso. Los retrasos afectan una iniciativa que busca establecer una herramienta de protecci\u00f3n ambiental para ambos cursos de agua.<\/p>\n\n\n\n<p class=\"wp-block-paragraph\">En ese contexto, Mu\u00f1oz recalc\u00f3 que la ciudadan\u00eda de Osorno necesita resultados concretos y no nuevos anuncios.<\/p>\n\n\n\n<p class=\"wp-block-paragraph\">\u201cLos osorninos no quieren m\u00e1s anuncios, necesitan resultados y lamentablemente, culpa de quien haya sido tenemos que responderle hoy a nuestros vecinos\u201d, afirm\u00f3.<\/p>\n\n\n\n<p class=\"wp-block-paragraph\">Finalmente, la diputada hizo un llamado directo al Ministerio del Medio Ambiente para que cumpla los plazos establecidos y otorgue prioridad al proceso.<\/p>\n\n\n\n<p class=\"wp-block-paragraph\">\u201cAs\u00ed que insto a que el ministerio cumpla los plazos, por favor, porque proteger el Rahue es proteger la salud de las personas. No es un tr\u00e1mite, es lo m\u00e1s preciado para la gente\u201d, concluy\u00f3.<\/p>\n\n\n\n<p class=\"wp-block-paragraph\"><\/p>\n","protected":false},"excerpt":{"rendered":"<p>La parlamentaria llam\u00f3 al Ministerio del Medio Ambiente a cumplir los plazos y acelerar el proceso para establecer la norma secundaria de calidad ambiental. La preocupaci\u00f3n por el retraso en..<\/p>\n","protected":false},"author":8,"featured_media":23215,"comment_status":"closed","ping_status":"open","sticky":false,"template":"","format":"standard","meta":{"footnotes":""},"categories":[1,26,72,55,38],"tags":[],"class_list":["post-23499","post","type-post","status-publish","format-standard","has-post-thumbnail","hentry","category-acontecer","category-comunidad","category-medio-ambiente","category-osorno","category-politica"],"rttpg_featured_image_url":{"full":["https:\/\/elconquistadorredloslagos.cl\/test\/wp-content\/uploads\/2026\/08\/WhatsApp-Image-2026-08-22-at-11.39.45-scaled.jpeg",2560,1326,false],"landscape":["https:\/\/elconquistadorredloslagos.cl\/test\/wp-content\/uploads\/2026\/08\/WhatsApp-Image-2026-08-22-at-11.39.45-scaled.jpeg",2560,1326,false],"portraits":["https:\/\/elconquistadorredloslagos.cl\/test\/wp-content\/uploads\/2026\/08\/WhatsApp-Image-2026-08-22-at-11.39.45-scaled.jpeg",2560,1326,false],"thumbnail":["https:\/\/elconquistadorredloslagos.cl\/test\/wp-content\/uploads\/2026\/08\/WhatsApp-Image-2026-08-22-at-11.39.45-150x150.jpeg",150,150,true],"medium":["https:\/\/elconquistadorredloslagos.cl\/test\/wp-content\/uploads\/2026\/08\/WhatsApp-Image-2026-08-22-at-11.39.45-300x155.jpeg",300,155,true],"large":["https:\/\/elconquistadorredloslagos.cl\/test\/wp-content\/uploads\/2026\/08\/WhatsApp-Image-2026-08-22-at-11.39.45-1024x530.jpeg",1024,530,true],"1536x1536":["https:\/\/elconquistadorredloslagos.cl\/test\/wp-content\/uploads\/2026\/08\/WhatsApp-Image-2026-08-22-at-11.39.45-1536x796.jpeg",1536,796,true],"2048x2048":["https:\/\/elconquistadorredloslagos.cl\/test\/wp-content\/uploads\/2026\/08\/WhatsApp-Image-2026-08-22-at-11.39.45-2048x1061.jpeg",2048,1061,true]},"rttpg_author":{"display_name":"cmansilla","author_link":"https:\/\/elconquistadorredloslagos.cl\/test\/blog\/author\/cmansilla\/"},"rttpg_comment":0,"rttpg_category":"<a href=\"https:\/\/elconquistadorredloslagos.cl\/test\/blog\/category\/actual\/acontecer\/\" rel=\"category tag\">Acontecer<\/a> <a href=\"https:\/\/elconquistadorredloslagos.cl\/test\/blog\/category\/comunidad\/\" rel=\"category tag\">Comunidad<\/a> <a href=\"https:\/\/elconquistadorredloslagos.cl\/test\/blog\/category\/medio-ambiente\/\" rel=\"category tag\">Medio Ambiente<\/a> <a href=\"https:\/\/elconquistadorredloslagos.cl\/test\/blog\/category\/chile\/osorno\/\" rel=\"category tag\">Osorno<\/a> <a href=\"https:\/\/elconquistadorredloslagos.cl\/test\/blog\/category\/actual\/politica\/\" rel=\"category tag\">Politica<\/a>","rttpg_excerpt":"La parlamentaria llam\u00f3 al Ministerio del Medio Ambiente a cumplir los plazos y acelerar el proceso para establecer la norma secundaria de calidad ambiental. La preocupaci\u00f3n por el retraso en..","_links":{"self":[{"href":"https:\/\/elconquistadorredloslagos.cl\/test\/wp-json\/wp\/v2\/posts\/23499","targetHints":{"allow":["GET"]}}],"collection":[{"href":"https:\/\/elconquistadorredloslagos.cl\/test\/wp-json\/wp\/v2\/posts"}],"about":[{"href":"https:\/\/elconquistadorredloslagos.cl\/test\/wp-json\/wp\/v2\/types\/post"}],"author":[{"embeddable":true,"href":"https:\/\/elconquistadorredloslagos.cl\/test\/wp-json\/wp\/v2\/users\/8"}],"replies":[{"embeddable":true,"href":"https:\/\/elconquistadorredloslagos.cl\/test\/wp-json\/wp\/v2\/comments?post=23499"}],"version-history":[{"count":1,"href":"https:\/\/elconquistadorredloslagos.cl\/test\/wp-json\/wp\/v2\/posts\/23499\/revisions"}],"predecessor-version":[{"id":23500,"href":"https:\/\/elconquistadorredloslagos.cl\/test\/wp-json\/wp\/v2\/posts\/23499\/revisions\/23500"}],"wp:featuredmedia":[{"embeddable":true,"href":"https:\/\/elconquistadorredloslagos.cl\/test\/wp-json\/wp\/v2\/media\/23215"}],"wp:attachment":[{"href":"https:\/\/elconquistadorredloslagos.cl\/test\/wp-json\/wp\/v2\/media?parent=23499"}],"wp:term":[{"taxonomy":"category","embeddable":true,"href":"https:\/\/elconquistadorredloslagos.cl\/test\/wp-json\/wp\/v2\/categories?post=23499"},{"taxonomy":"post_tag","embeddable":true,"href":"https:\/\/elconquistadorredloslagos.cl\/test\/wp-json\/wp\/v2\/tags?post=23499"}],"curies":[{"name":"wp","href":"https:\/\/api.w.org\/{rel}","templated":true}]}}