{"id":23496,"date":"2026-09-03T09:36:18","date_gmt":"2026-09-03T13:36:18","guid":{"rendered":"https:\/\/elconquistadorredloslagos.cl\/test\/?p=23496"},"modified":"2026-09-03T09:36:18","modified_gmt":"2026-09-03T13:36:18","slug":"corfo-los-lagos-reune-a-55-personas-en-puerto-ramirez-y-refuerza-su-compromiso-con-emprendedores-de-palena-y-chaiten","status":"publish","type":"post","link":"https:\/\/elconquistadorredloslagos.cl\/test\/blog\/2026\/09\/03\/corfo-los-lagos-reune-a-55-personas-en-puerto-ramirez-y-refuerza-su-compromiso-con-emprendedores-de-palena-y-chaiten\/","title":{"rendered":"Corfo Los Lagos re\u00fane a 55 personas en Puerto Ram\u00edrez y refuerza su compromiso con emprendedores de Palena y Chait\u00e9n"},"content":{"rendered":"\n<p class=\"wp-block-paragraph\">La primera visita del director regional de Corfo Los Lagos, V\u00edctor S\u00e1nchez Redlich, a la provincia de Palena permiti\u00f3 recoger demandas concretas relacionadas con las dificultades en la zona para el acceso a instrumentos de fomento, la formalizaci\u00f3n y la necesidad de una mayor presencia institucional en comunas alejadas.&nbsp;Una agenda marcada por la articulaci\u00f3n de dos iniciativas apoyadas por Corfo en el territorio: la continuidad del Programa Estrat\u00e9gico Mesorregional Ruta de los&nbsp;<strong>Parques de la Patagonia<\/strong>&nbsp;y un taller de asociatividad e innovaci\u00f3n, desarrollado por&nbsp;<strong>Singulares<\/strong>&nbsp;junto a la&nbsp;<strong>Municipalidad de Palena<\/strong>.&nbsp;El encuentro&nbsp;se sum\u00f3 a&nbsp;&nbsp;la reuni\u00f3n&nbsp;realizada&nbsp;el d\u00eda anterior en Chait\u00e9n con&nbsp;la alcaldesa Clara Lazcano y al menos&nbsp;25 emprendedores y actores locales.&nbsp;<\/p>\n\n\n\n<p class=\"wp-block-paragraph\"><strong>Palena, 1 de septiembre de 2026<\/strong>.-&nbsp;Una agenda intensa en Chaiten, Puerto Ramirez y Palena&nbsp;contempl\u00f3&nbsp;Corfo Los Lagos,&nbsp;la Delegaci\u00f3n Presidencial Provincial, el Presidente de la Comisi\u00f3n Palena del Consejo Regional, las municipalidades de&nbsp;la Provincia de Palena, Ato Palena,&nbsp;Chait\u00e9n, Futaleuf\u00fa,&nbsp;Centro de Desarrollo de Negocios&nbsp;y la&nbsp;Singulares&nbsp;a trav\u00e9s del programa viraliza,&nbsp;convocando&nbsp;a emprendedores,&nbsp;asociaci\u00f3n de gu\u00edas locales,&nbsp;junta de vecinos,&nbsp;empresarios, alcaldes, concejales, representantes municipales, autoridades provinciales y regionales para conversar&nbsp;sobre asociatividad, cocreaci\u00f3n, emprendimiento&nbsp;y&nbsp;las principales brechas que enfrentan quienes desarrollan actividades productivas en la provincia de Palena.<\/p>\n\n\n\n<p class=\"wp-block-paragraph\">El objetivo de esta primera visita ha sido conocer directamente c\u00f3mo se emprende, c\u00f3mo se produce y qu\u00e9 dificultades&nbsp;concretas enfrentan las empresas y emprendimientos de comunas m\u00e1s alejadas de los principales centros urbanos.<\/p>\n\n\n\n<p class=\"wp-block-paragraph\">El director regional de Corfo Los Lagos V\u00edctor S\u00e1nchez se\u00f1al\u00f3 que&nbsp;\u201cCorfo tiene que estar al servicio de los emprendedores y empresarios, y no al rev\u00e9s. Esta visita a la provincia de Palena nos ha permitido escucharlos directamente, conocer sus dificultades y entender en terreno c\u00f3mo debemos&nbsp;focalizar&nbsp;nuestros programas para que tengan un impacto real. Aqu\u00ed existen capacidades, oportunidades y un enorme potencial, especialmente en turismo,ganader\u00eda y&nbsp;producci\u00f3n agroecol\u00f3gica, lo que necesitamos&nbsp;es&nbsp;trabajo colaborativo, coordinaci\u00f3n y recursos que respondan efectivamente a la realidad&nbsp;de las comunas\u201d<\/p>\n\n\n\n<p class=\"wp-block-paragraph\">Durante la actividad, el ejecutivo t\u00e9cnico de Corfo Los Lagos Jaime Vel\u00e1zquez present\u00f3 las herramientas disponibles a trav\u00e9s de Corfo y del Comit\u00e9 de Desarrollo Productivo Regional, entregando informaci\u00f3n sobre alternativas de apoyo para empresas y emprendimientos.<\/p>\n\n\n\n<p class=\"wp-block-paragraph\">En tanto el&nbsp;consejero&nbsp;Regional&nbsp;presidente de la comisi\u00f3n Palena&nbsp;F\u00e9lix Vargas&nbsp;uno de los&nbsp;impulsores de estos&nbsp;encuentros&nbsp;dijo que \u201ccreemos que las pol\u00edticas p\u00fablicas tienen que construirse desde&nbsp;las provincias y comunas&nbsp;junto a quienes realmente mueven la econom\u00eda local: nuestros emprendedores, empresarios y productores. La articulaci\u00f3n que estamos generando entre los municipios, Corfo y los actores productivos busca precisamente recoger esas necesidades y transformarlas en oportunidades concretas. Palena tiene talento, recursos y enormes capacidades; nuestro desaf\u00edo es lograr que las cuatro comunas \u2014Chait\u00e9n, Futaleuf\u00fa, Palena y Hualaihu\u00e9\u2014 tengan las herramientas, la inversi\u00f3n y el apoyo necesarios para crecer y ocupar el lugar que merecen dentro de la Regi\u00f3n de Los Lagos.\u201d<\/p>\n\n\n\n<p class=\"wp-block-paragraph\">La alcaldesa de la comuna de Chait\u00e9n Clara Lazcano valor\u00f3 este encuentro&nbsp;\u201cEsto es descentralizaci\u00f3n de verdad: que las autoridades lleguen al territorio, escuchen y trabajen directamente con nuestros emprendedores, porque son ellos quienes generan actividad econ\u00f3mica, empleo y oportunidades en la comuna.&nbsp;Solo as\u00ed podemos construir pol\u00edticas p\u00fablicas que respondan a nuestra realidad.\u201d<\/p>\n\n\n\n<p class=\"wp-block-paragraph\">El alcalde de Palena&nbsp;Julio Delgado valor\u00f3&nbsp;la reuni\u00f3n en Alto Palena y la visita de Corfo, que permiti\u00f3 conocer las necesidades y solicitar programas focalizados y financiamiento para emprendedores, especialmente del turismo, ganader\u00eda, agroecolog\u00eda&nbsp;y otras \u00e1reas productivas.<\/p>\n\n\n\n<p class=\"wp-block-paragraph\">Fernando Grand\u00f3n Alcalde de Futaleufu&nbsp;\u201cComo autoridades hemos insistido en la necesidad de focalizar los programas de fomento y hoy valoramos que esa solicitud est\u00e9 siendo recogida. Para territorios apartados como el nuestro es fundamental que instituciones como Corfo y Sercotec tengan una presencia efectiva&nbsp;en la zona\u201d<\/p>\n","protected":false},"excerpt":{"rendered":"<p>La primera visita del director regional de Corfo Los Lagos, V\u00edctor S\u00e1nchez Redlich, a la provincia de Palena permiti\u00f3 recoger demandas concretas relacionadas con las dificultades en la zona para..<\/p>\n","protected":false},"author":8,"featured_media":23497,"comment_status":"closed","ping_status":"open","sticky":false,"template":"","format":"standard","meta":{"footnotes":""},"categories":[26,69,25,67],"tags":[],"class_list":["post-23496","post","type-post","status-publish","format-standard","has-post-thumbnail","hentry","category-comunidad","category-economia","category-empresas","category-regional"],"rttpg_featured_image_url":{"full":["https:\/\/elconquistadorredloslagos.cl\/test\/wp-content\/uploads\/2026\/09\/WhatsApp-Image-2026-09-02-at-19.40.30.jpeg",1599,1066,false],"landscape":["https:\/\/elconquistadorredloslagos.cl\/test\/wp-content\/uploads\/2026\/09\/WhatsApp-Image-2026-09-02-at-19.40.30.jpeg",1599,1066,false],"portraits":["https:\/\/elconquistadorredloslagos.cl\/test\/wp-content\/uploads\/2026\/09\/WhatsApp-Image-2026-09-02-at-19.40.30.jpeg",1599,1066,false],"thumbnail":["https:\/\/elconquistadorredloslagos.cl\/test\/wp-content\/uploads\/2026\/09\/WhatsApp-Image-2026-09-02-at-19.40.30-150x150.jpeg",150,150,true],"medium":["https:\/\/elconquistadorredloslagos.cl\/test\/wp-content\/uploads\/2026\/09\/WhatsApp-Image-2026-09-02-at-19.40.30-300x200.jpeg",300,200,true],"large":["https:\/\/elconquistadorredloslagos.cl\/test\/wp-content\/uploads\/2026\/09\/WhatsApp-Image-2026-09-02-at-19.40.30-1024x683.jpeg",1024,683,true],"1536x1536":["https:\/\/elconquistadorredloslagos.cl\/test\/wp-content\/uploads\/2026\/09\/WhatsApp-Image-2026-09-02-at-19.40.30-1536x1024.jpeg",1536,1024,true],"2048x2048":["https:\/\/elconquistadorredloslagos.cl\/test\/wp-content\/uploads\/2026\/09\/WhatsApp-Image-2026-09-02-at-19.40.30.jpeg",1599,1066,false]},"rttpg_author":{"display_name":"cmansilla","author_link":"https:\/\/elconquistadorredloslagos.cl\/test\/blog\/author\/cmansilla\/"},"rttpg_comment":0,"rttpg_category":"<a href=\"https:\/\/elconquistadorredloslagos.cl\/test\/blog\/category\/comunidad\/\" rel=\"category tag\">Comunidad<\/a> <a href=\"https:\/\/elconquistadorredloslagos.cl\/test\/blog\/category\/economia\/\" rel=\"category tag\">Econom\u00eda<\/a> <a href=\"https:\/\/elconquistadorredloslagos.cl\/test\/blog\/category\/empresas\/\" rel=\"category tag\">Empresarial<\/a> <a href=\"https:\/\/elconquistadorredloslagos.cl\/test\/blog\/category\/regional\/\" rel=\"category tag\">Regional<\/a>","rttpg_excerpt":"La primera visita del director regional de Corfo Los Lagos, V\u00edctor S\u00e1nchez Redlich, a la provincia de Palena permiti\u00f3 recoger demandas concretas relacionadas con las dificultades en la zona para..","_links":{"self":[{"href":"https:\/\/elconquistadorredloslagos.cl\/test\/wp-json\/wp\/v2\/posts\/23496","targetHints":{"allow":["GET"]}}],"collection":[{"href":"https:\/\/elconquistadorredloslagos.cl\/test\/wp-json\/wp\/v2\/posts"}],"about":[{"href":"https:\/\/elconquistadorredloslagos.cl\/test\/wp-json\/wp\/v2\/types\/post"}],"author":[{"embeddable":true,"href":"https:\/\/elconquistadorredloslagos.cl\/test\/wp-json\/wp\/v2\/users\/8"}],"replies":[{"embeddable":true,"href":"https:\/\/elconquistadorredloslagos.cl\/test\/wp-json\/wp\/v2\/comments?post=23496"}],"version-history":[{"count":1,"href":"https:\/\/elconquistadorredloslagos.cl\/test\/wp-json\/wp\/v2\/posts\/23496\/revisions"}],"predecessor-version":[{"id":23498,"href":"https:\/\/elconquistadorredloslagos.cl\/test\/wp-json\/wp\/v2\/posts\/23496\/revisions\/23498"}],"wp:featuredmedia":[{"embeddable":true,"href":"https:\/\/elconquistadorredloslagos.cl\/test\/wp-json\/wp\/v2\/media\/23497"}],"wp:attachment":[{"href":"https:\/\/elconquistadorredloslagos.cl\/test\/wp-json\/wp\/v2\/media?parent=23496"}],"wp:term":[{"taxonomy":"category","embeddable":true,"href":"https:\/\/elconquistadorredloslagos.cl\/test\/wp-json\/wp\/v2\/categories?post=23496"},{"taxonomy":"post_tag","embeddable":true,"href":"https:\/\/elconquistadorredloslagos.cl\/test\/wp-json\/wp\/v2\/tags?post=23496"}],"curies":[{"name":"wp","href":"https:\/\/api.w.org\/{rel}","templated":true}]}}