{"id":23490,"date":"2026-09-02T20:08:34","date_gmt":"2026-09-03T00:08:34","guid":{"rendered":"https:\/\/elconquistadorredloslagos.cl\/test\/?p=23490"},"modified":"2026-09-02T20:08:35","modified_gmt":"2026-09-03T00:08:35","slug":"dalcahue-avanza-con-nuevas-inversiones-y-servicios-para-la-comuna","status":"publish","type":"post","link":"https:\/\/elconquistadorredloslagos.cl\/test\/blog\/2026\/09\/02\/dalcahue-avanza-con-nuevas-inversiones-y-servicios-para-la-comuna\/","title":{"rendered":"Dalcahue avanza con nuevas inversiones y servicios para la comuna"},"content":{"rendered":"\n<p class=\"wp-block-paragraph\">Una serie de materias relacionadas con inversi\u00f3n p\u00fablica, mejoramiento de espacios comunitarios y planificaci\u00f3n de servicios municipales fueron abordadas durante la Sesi\u00f3n Ordinaria N\u00b063 del Concejo Municipal de Dalcahue.<\/p>\n\n\n\n<p class=\"wp-block-paragraph\">Entre los principales acuerdos destaca la aprobaci\u00f3n un\u00e1nime de la adjudicaci\u00f3n para la construcci\u00f3n del Centro Deportivo de Mocopulli \u201cConcejal Sergio Yunger\u201d, proyecto que considera una inversi\u00f3n de $1.854.501.675, IVA incluido, y un plazo de ejecuci\u00f3n de 300 d\u00edas corridos.<\/p>\n\n\n\n<p class=\"wp-block-paragraph\">La direcci\u00f3n de SECPLAN de la municipalidad de Dalcahue present\u00f3 ante el Concejo el acta de apertura y el informe de evaluaci\u00f3n de la licitaci\u00f3n p\u00fablica. Tras el an\u00e1lisis de los antecedentes, la Comisi\u00f3n Evaluadora recomend\u00f3 adjudicar las obras a la UTP conformada por San Francisco Limitada y Sociedad Trabun SpA, cuya propuesta cumpli\u00f3 \u00edntegramente con los requisitos t\u00e9cnicos y administrativos establecidos en las bases.<\/p>\n\n\n\n<p class=\"wp-block-paragraph\">La aprobaci\u00f3n permite avanzar en una iniciativa destinada a dotar al sector de Mocopulli de infraestructura para la pr\u00e1ctica deportiva y el desarrollo de actividades de la comunidad.<\/p>\n\n\n\n<p class=\"wp-block-paragraph\"><strong>Plaza de Calen<\/strong><\/p>\n\n\n\n<p class=\"wp-block-paragraph\">Tambi\u00e9n por unanimidad, el Concejo Municipal aprob\u00f3 la adjudicaci\u00f3n del proyecto de construcci\u00f3n y mejoramiento de la Plaza de Calen, por un monto de $39.676.778, IVA incluido, a la empresa Ruiz Torrealba SpA. Las obras tendr\u00e1n un plazo m\u00e1ximo de ejecuci\u00f3n de 120 d\u00edas corridos.<\/p>\n\n\n\n<p class=\"wp-block-paragraph\">Uno de los principales elementos de esta iniciativa es el trabajo desarrollado con la comunidad para incorporar sus observaciones al proyecto. Entre las solicitudes acogidas se encuentra la conservaci\u00f3n de todos los \u00e1rboles existentes y el ordenamiento del sector ubicado frente a la iglesia, evitando el estacionamiento de veh\u00edculos y recuperando este espacio para el tr\u00e1nsito peatonal.<\/p>\n\n\n\n<p class=\"wp-block-paragraph\">Las obras consideran pavimentaci\u00f3n para circulaci\u00f3n interior, bancas, nueva iluminaci\u00f3n, espacio para banderas, elementos de delimitaci\u00f3n y conexiones peatonales hacia la iglesia y el cementerio.<\/p>\n\n\n\n<p class=\"wp-block-paragraph\">De esta manera, la intervenci\u00f3n busca mejorar las condiciones de uso de la plaza y su entorno, entregar mayor seguridad a los desplazamientos peatonales y responder a necesidades concretas planteadas por los propios vecinos de Calen.<\/p>\n\n\n\n<p class=\"wp-block-paragraph\"><strong>Recolecci\u00f3n de residuos<\/strong><\/p>\n\n\n\n<p class=\"wp-block-paragraph\">Otro de los acuerdos adoptados por unanimidad corresponde a la aprobaci\u00f3n del compromiso presupuestario necesario para iniciar anticipadamente el proceso de licitaci\u00f3n del servicio de recolecci\u00f3n de residuos s\u00f3lidos domiciliarios para un per\u00edodo de 24 meses, comprendido entre enero de 2027 y diciembre de 2028.<\/p>\n\n\n\n<p class=\"wp-block-paragraph\">La propuesta establece una proyecci\u00f3n presupuestaria de $670.369.250 para 2027 y el mismo monto base para 2028, sujeto a los reajustes y variaciones legales que correspondan.<\/p>\n\n\n\n<p class=\"wp-block-paragraph\">La decisi\u00f3n busca iniciar con anticipaci\u00f3n los procedimientos administrativos y permitir el env\u00edo oportuno de las bases y antecedentes presupuestarios a la Contralor\u00eda General de la Rep\u00fablica, reduciendo el riesgo de retrasos que puedan afectar la continuidad de un servicio esencial para la comuna.<\/p>\n\n\n\n<p class=\"wp-block-paragraph\">La contrataci\u00f3n por un per\u00edodo de dos a\u00f1os permitir\u00e1, adem\u00e1s, contar con una mayor continuidad administrativa y operativa, evitando realizar una licitaci\u00f3n cada a\u00f1o y entregando mejores condiciones de continuidad para los trabajadores asociados al servicio, especialmente en materias como el acceso a sus per\u00edodos de vacaciones.<\/p>\n\n\n\n<p class=\"wp-block-paragraph\">La medida responde a una planificaci\u00f3n anticipada que busca asegurar que la recolecci\u00f3n de residuos domiciliarios pueda desarrollarse de manera continua durante 2027 y 2028.<\/p>\n\n\n\n<p class=\"wp-block-paragraph\"><strong>Otras materias<\/strong><\/p>\n\n\n\n<p class=\"wp-block-paragraph\">Durante la Sesi\u00f3n Ordinaria N\u00b063 tambi\u00e9n fueron analizadas solicitudes de aportes presentadas por distintas organizaciones sociales de la comuna.<\/p>\n\n\n\n<p class=\"wp-block-paragraph\">Asimismo, el Concejo recibi\u00f3 un informe relacionado con el reglamento de uso del autob\u00fas municipal. Finalmente, en el espacio destinado a temas varios, los concejales plantearon diferentes inquietudes y solicitudes recogidas directamente de vecinos y sectores de la comuna, permitiendo canalizar sus requerimientos hacia las unidades municipales correspondientes.<\/p>\n\n\n\n<p class=\"wp-block-paragraph\">La Sesi\u00f3n Ordinaria N\u00b063 permiti\u00f3 as\u00ed avanzar en proyectos de infraestructura y espacios p\u00fablicos, junto con adoptar decisiones de planificaci\u00f3n necesarias para mantener servicios municipales esenciales, incorporando tambi\u00e9n las necesidades planteadas por organizaciones sociales y vecinos de Dalcahue.<\/p>\n\n\n\n<figure class=\"wp-block-gallery has-nested-images columns-default is-cropped wp-block-gallery-1 is-layout-flex wp-block-gallery-is-layout-flex\">\n<figure class=\"wp-block-image size-large\"><img loading=\"lazy\" decoding=\"async\" width=\"1600\" height=\"738\" data-id=\"23491\" src=\"https:\/\/elconquistadorredloslagos.cl\/test\/wp-content\/uploads\/2026\/09\/2-1024x472.jpeg\" alt=\"\" class=\"wp-image-23491\" \/><\/figure>\n\n\n\n<figure class=\"wp-block-image size-large\"><img loading=\"lazy\" decoding=\"async\" width=\"1024\" height=\"472\" data-id=\"23493\" src=\"https:\/\/elconquistadorredloslagos.cl\/test\/wp-content\/uploads\/2026\/09\/3-1024x472.jpeg\" alt=\"\" class=\"wp-image-23493\" \/><\/figure>\n\n\n\n<figure class=\"wp-block-image size-large\"><img loading=\"lazy\" decoding=\"async\" width=\"1024\" height=\"472\" data-id=\"23492\" src=\"https:\/\/elconquistadorredloslagos.cl\/test\/wp-content\/uploads\/2026\/09\/4-1024x472.jpeg\" alt=\"\" class=\"wp-image-23492\" \/><\/figure>\n<\/figure>\n","protected":false},"excerpt":{"rendered":"<p>Una serie de materias relacionadas con inversi\u00f3n p\u00fablica, mejoramiento de espacios comunitarios y planificaci\u00f3n de servicios municipales fueron abordadas durante la Sesi\u00f3n Ordinaria N\u00b063 del Concejo Municipal de Dalcahue. Entre..<\/p>\n","protected":false},"author":2,"featured_media":23494,"comment_status":"closed","ping_status":"open","sticky":false,"template":"","format":"standard","meta":{"footnotes":""},"categories":[1,28,51],"tags":[],"class_list":["post-23490","post","type-post","status-publish","format-standard","has-post-thumbnail","hentry","category-acontecer","category-actual","category-chiloe"],"rttpg_featured_image_url":{"full":["https:\/\/elconquistadorredloslagos.cl\/test\/wp-content\/uploads\/2026\/09\/Diseno-sin-titulo-9.jpg",1920,1080,false],"landscape":["https:\/\/elconquistadorredloslagos.cl\/test\/wp-content\/uploads\/2026\/09\/Diseno-sin-titulo-9.jpg",1920,1080,false],"portraits":["https:\/\/elconquistadorredloslagos.cl\/test\/wp-content\/uploads\/2026\/09\/Diseno-sin-titulo-9.jpg",1920,1080,false],"thumbnail":["https:\/\/elconquistadorredloslagos.cl\/test\/wp-content\/uploads\/2026\/09\/Diseno-sin-titulo-9-150x150.jpg",150,150,true],"medium":["https:\/\/elconquistadorredloslagos.cl\/test\/wp-content\/uploads\/2026\/09\/Diseno-sin-titulo-9-300x169.jpg",300,169,true],"large":["https:\/\/elconquistadorredloslagos.cl\/test\/wp-content\/uploads\/2026\/09\/Diseno-sin-titulo-9-1024x576.jpg",1024,576,true],"1536x1536":["https:\/\/elconquistadorredloslagos.cl\/test\/wp-content\/uploads\/2026\/09\/Diseno-sin-titulo-9-1536x864.jpg",1536,864,true],"2048x2048":["https:\/\/elconquistadorredloslagos.cl\/test\/wp-content\/uploads\/2026\/09\/Diseno-sin-titulo-9.jpg",1920,1080,false]},"rttpg_author":{"display_name":"ccardenas","author_link":"https:\/\/elconquistadorredloslagos.cl\/test\/blog\/author\/ccardenas\/"},"rttpg_comment":0,"rttpg_category":"<a href=\"https:\/\/elconquistadorredloslagos.cl\/test\/blog\/category\/actual\/acontecer\/\" rel=\"category tag\">Acontecer<\/a> <a href=\"https:\/\/elconquistadorredloslagos.cl\/test\/blog\/category\/actual\/\" rel=\"category tag\">Actualidad<\/a> <a href=\"https:\/\/elconquistadorredloslagos.cl\/test\/blog\/category\/chile\/chiloe\/\" rel=\"category tag\">Chilo\u00e9<\/a>","rttpg_excerpt":"Una serie de materias relacionadas con inversi\u00f3n p\u00fablica, mejoramiento de espacios comunitarios y planificaci\u00f3n de servicios municipales fueron abordadas durante la Sesi\u00f3n Ordinaria N\u00b063 del Concejo Municipal de Dalcahue. Entre..","_links":{"self":[{"href":"https:\/\/elconquistadorredloslagos.cl\/test\/wp-json\/wp\/v2\/posts\/23490","targetHints":{"allow":["GET"]}}],"collection":[{"href":"https:\/\/elconquistadorredloslagos.cl\/test\/wp-json\/wp\/v2\/posts"}],"about":[{"href":"https:\/\/elconquistadorredloslagos.cl\/test\/wp-json\/wp\/v2\/types\/post"}],"author":[{"embeddable":true,"href":"https:\/\/elconquistadorredloslagos.cl\/test\/wp-json\/wp\/v2\/users\/2"}],"replies":[{"embeddable":true,"href":"https:\/\/elconquistadorredloslagos.cl\/test\/wp-json\/wp\/v2\/comments?post=23490"}],"version-history":[{"count":1,"href":"https:\/\/elconquistadorredloslagos.cl\/test\/wp-json\/wp\/v2\/posts\/23490\/revisions"}],"predecessor-version":[{"id":23495,"href":"https:\/\/elconquistadorredloslagos.cl\/test\/wp-json\/wp\/v2\/posts\/23490\/revisions\/23495"}],"wp:featuredmedia":[{"embeddable":true,"href":"https:\/\/elconquistadorredloslagos.cl\/test\/wp-json\/wp\/v2\/media\/23494"}],"wp:attachment":[{"href":"https:\/\/elconquistadorredloslagos.cl\/test\/wp-json\/wp\/v2\/media?parent=23490"}],"wp:term":[{"taxonomy":"category","embeddable":true,"href":"https:\/\/elconquistadorredloslagos.cl\/test\/wp-json\/wp\/v2\/categories?post=23490"},{"taxonomy":"post_tag","embeddable":true,"href":"https:\/\/elconquistadorredloslagos.cl\/test\/wp-json\/wp\/v2\/tags?post=23490"}],"curies":[{"name":"wp","href":"https:\/\/api.w.org\/{rel}","templated":true}]}}