{"id":23487,"date":"2026-09-02T17:20:50","date_gmt":"2026-09-02T21:20:50","guid":{"rendered":"https:\/\/elconquistadorredloslagos.cl\/test\/?p=23487"},"modified":"2026-09-02T17:20:51","modified_gmt":"2026-09-02T21:20:51","slug":"sag-confirma-dos-nuevos-focos-de-influenza-aviar-en-calbuco-y-quellon","status":"publish","type":"post","link":"https:\/\/elconquistadorredloslagos.cl\/test\/blog\/2026\/09\/02\/sag-confirma-dos-nuevos-focos-de-influenza-aviar-en-calbuco-y-quellon\/","title":{"rendered":"SAG confirma dos nuevos focos de influenza aviar en Calbuco y Quell\u00f3n"},"content":{"rendered":"\n<p class=\"wp-block-paragraph\">El SAG activ\u00f3 un operativo sanitario en las comunas de Calbuco y Quell\u00f3n luego de confirmar dos nuevos focos de Influenza Aviar de Alta Patogenicidad (IAAP) en aves de traspatio. Los hallazgos corresponden a las provincias de Llanquihue y Chilo\u00e9 y mantienen bajo vigilancia a la avicultura familiar.<\/p>\n\n\n\n<p class=\"wp-block-paragraph\">El director regional del SAG, Francisco Briones, explic\u00f3 que ambos casos tienen relaci\u00f3n epidemiol\u00f3gica con sectores pr\u00f3ximos al borde costero, donde existe mayor posibilidad de interacci\u00f3n entre aves dom\u00e9sticas y fauna silvestre. Precis\u00f3 que el virus contin\u00faa circulando entre aves acu\u00e1ticas migratorias y costeras, consideradas su principal reservorio natural.<\/p>\n\n\n\n<p class=\"wp-block-paragraph\">Aunque Chile conserva su condici\u00f3n sanitaria de pa\u00eds libre de influenza aviar en planteles comerciales, el riesgo permanece para las crianzas familiares. Por ello, equipos del SAG realizan inspecciones, evaluaciones de bioseguridad y toma de muestras en los sectores afectados.<\/p>\n\n\n\n<p class=\"wp-block-paragraph\">Entre las recomendaciones se encuentra mantener las aves en gallineros cerrados, evitar su contacto con ejemplares silvestres, desinfectar utensilios y utilizar calzado exclusivo. Tambi\u00e9n se aconseja aislar durante 14 d\u00edas a las aves nuevas y reportar inmediatamente mortalidad, enfermedad o una disminuci\u00f3n repentina en la postura de huevos.<\/p>\n\n\n\n<p class=\"wp-block-paragraph\">Las autoridades llamaron a no manipular aves enfermas o muertas y destacaron que la detecci\u00f3n temprana permite activar oportunamente las medidas sanitarias.<\/p>\n\n\n\n<p class=\"wp-block-paragraph\">\ud83d\udcf7 Referencial<\/p>\n","protected":false},"excerpt":{"rendered":"<p>El SAG activ\u00f3 un operativo sanitario en las comunas de Calbuco y Quell\u00f3n luego de confirmar dos nuevos focos de Influenza Aviar de Alta Patogenicidad (IAAP) en aves de traspatio&#8230;<\/p>\n","protected":false},"author":2,"featured_media":23488,"comment_status":"closed","ping_status":"open","sticky":false,"template":"","format":"standard","meta":{"footnotes":""},"categories":[1,28,67],"tags":[],"class_list":["post-23487","post","type-post","status-publish","format-standard","has-post-thumbnail","hentry","category-acontecer","category-actual","category-regional"],"rttpg_featured_image_url":{"full":["https:\/\/elconquistadorredloslagos.cl\/test\/wp-content\/uploads\/2026\/09\/Diseno-sin-titulo-6-1.jpg",1920,1080,false],"landscape":["https:\/\/elconquistadorredloslagos.cl\/test\/wp-content\/uploads\/2026\/09\/Diseno-sin-titulo-6-1.jpg",1920,1080,false],"portraits":["https:\/\/elconquistadorredloslagos.cl\/test\/wp-content\/uploads\/2026\/09\/Diseno-sin-titulo-6-1.jpg",1920,1080,false],"thumbnail":["https:\/\/elconquistadorredloslagos.cl\/test\/wp-content\/uploads\/2026\/09\/Diseno-sin-titulo-6-1-150x150.jpg",150,150,true],"medium":["https:\/\/elconquistadorredloslagos.cl\/test\/wp-content\/uploads\/2026\/09\/Diseno-sin-titulo-6-1-300x169.jpg",300,169,true],"large":["https:\/\/elconquistadorredloslagos.cl\/test\/wp-content\/uploads\/2026\/09\/Diseno-sin-titulo-6-1-1024x576.jpg",1024,576,true],"1536x1536":["https:\/\/elconquistadorredloslagos.cl\/test\/wp-content\/uploads\/2026\/09\/Diseno-sin-titulo-6-1-1536x864.jpg",1536,864,true],"2048x2048":["https:\/\/elconquistadorredloslagos.cl\/test\/wp-content\/uploads\/2026\/09\/Diseno-sin-titulo-6-1.jpg",1920,1080,false]},"rttpg_author":{"display_name":"ccardenas","author_link":"https:\/\/elconquistadorredloslagos.cl\/test\/blog\/author\/ccardenas\/"},"rttpg_comment":0,"rttpg_category":"<a href=\"https:\/\/elconquistadorredloslagos.cl\/test\/blog\/category\/actual\/acontecer\/\" rel=\"category tag\">Acontecer<\/a> <a href=\"https:\/\/elconquistadorredloslagos.cl\/test\/blog\/category\/actual\/\" rel=\"category tag\">Actualidad<\/a> <a href=\"https:\/\/elconquistadorredloslagos.cl\/test\/blog\/category\/regional\/\" rel=\"category tag\">Regional<\/a>","rttpg_excerpt":"El SAG activ\u00f3 un operativo sanitario en las comunas de Calbuco y Quell\u00f3n luego de confirmar dos nuevos focos de Influenza Aviar de Alta Patogenicidad (IAAP) en aves de traspatio...","_links":{"self":[{"href":"https:\/\/elconquistadorredloslagos.cl\/test\/wp-json\/wp\/v2\/posts\/23487","targetHints":{"allow":["GET"]}}],"collection":[{"href":"https:\/\/elconquistadorredloslagos.cl\/test\/wp-json\/wp\/v2\/posts"}],"about":[{"href":"https:\/\/elconquistadorredloslagos.cl\/test\/wp-json\/wp\/v2\/types\/post"}],"author":[{"embeddable":true,"href":"https:\/\/elconquistadorredloslagos.cl\/test\/wp-json\/wp\/v2\/users\/2"}],"replies":[{"embeddable":true,"href":"https:\/\/elconquistadorredloslagos.cl\/test\/wp-json\/wp\/v2\/comments?post=23487"}],"version-history":[{"count":1,"href":"https:\/\/elconquistadorredloslagos.cl\/test\/wp-json\/wp\/v2\/posts\/23487\/revisions"}],"predecessor-version":[{"id":23489,"href":"https:\/\/elconquistadorredloslagos.cl\/test\/wp-json\/wp\/v2\/posts\/23487\/revisions\/23489"}],"wp:featuredmedia":[{"embeddable":true,"href":"https:\/\/elconquistadorredloslagos.cl\/test\/wp-json\/wp\/v2\/media\/23488"}],"wp:attachment":[{"href":"https:\/\/elconquistadorredloslagos.cl\/test\/wp-json\/wp\/v2\/media?parent=23487"}],"wp:term":[{"taxonomy":"category","embeddable":true,"href":"https:\/\/elconquistadorredloslagos.cl\/test\/wp-json\/wp\/v2\/categories?post=23487"},{"taxonomy":"post_tag","embeddable":true,"href":"https:\/\/elconquistadorredloslagos.cl\/test\/wp-json\/wp\/v2\/tags?post=23487"}],"curies":[{"name":"wp","href":"https:\/\/api.w.org\/{rel}","templated":true}]}}