{"id":23484,"date":"2026-09-02T17:06:58","date_gmt":"2026-09-02T21:06:58","guid":{"rendered":"https:\/\/elconquistadorredloslagos.cl\/test\/?p=23484"},"modified":"2026-09-02T17:06:59","modified_gmt":"2026-09-02T21:06:59","slug":"bruno-borlone-encabezara-la-programacion-musical-de-avenida-chiloe-2026-en-castro","status":"publish","type":"post","link":"https:\/\/elconquistadorredloslagos.cl\/test\/blog\/2026\/09\/02\/bruno-borlone-encabezara-la-programacion-musical-de-avenida-chiloe-2026-en-castro\/","title":{"rendered":"Bruno Borlone encabezar\u00e1 la programaci\u00f3n musical de Avenida Chilo\u00e9 2026 en Castro"},"content":{"rendered":"\n<p class=\"wp-block-paragraph\">Los beats de Bruno Borlone ser\u00e1n protagonistas este domingo 6 de septiembre en el Barrio Lillo de Castro, donde el reconocido DJ nacional llegar\u00e1 para animar una jornada marcada por la m\u00fasica, la gastronom\u00eda, el emprendimiento y la cultura local, en el marco de Avenida Chilo\u00e9 2026 \u2013 Mercado de Econom\u00edas Creativas.<\/p>\n\n\n\n<p class=\"wp-block-paragraph\">El encuentro, que tendr\u00e1 entrada gratuita previa obtenci\u00f3n de ticket, se desarrollar\u00e1 durante este s\u00e1bado 5 y domingo 6 de septiembre, entre las 12:00 y las 20:00 horas, con una programaci\u00f3n pensada para toda la familia.<\/p>\n\n\n\n<p class=\"wp-block-paragraph\">La presentaci\u00f3n de Borlone ser\u00e1 uno de los momentos destacados del domingo, jornada que adem\u00e1s contar\u00e1 con la Banda Festival Chilo\u00e9 Jazz, DJs provinciales e intervenciones art\u00edsticas y culturales.<\/p>\n\n\n\n<p class=\"wp-block-paragraph\">Durante ambas fechas, Calle Lillo reunir\u00e1 a m\u00e1s de 30 emprendimientos y marcas relacionados con artesan\u00eda, dise\u00f1o, gastronom\u00eda, creaci\u00f3n local y productos del territorio. La oferta se complementar\u00e1 con foodtrucks y cervecer\u00edas.<\/p>\n\n\n\n<p class=\"wp-block-paragraph\">La iniciativa busca transformar este tradicional sector de Castro en un punto de encuentro para las econom\u00edas creativas y al mismo tiempo potenciar el patrimonio, el turismo y la actividad econ\u00f3mica.<\/p>\n","protected":false},"excerpt":{"rendered":"<p>Los beats de Bruno Borlone ser\u00e1n protagonistas este domingo 6 de septiembre en el Barrio Lillo de Castro, donde el reconocido DJ nacional llegar\u00e1 para animar una jornada marcada por..<\/p>\n","protected":false},"author":2,"featured_media":23485,"comment_status":"closed","ping_status":"open","sticky":false,"template":"","format":"standard","meta":{"footnotes":""},"categories":[1,28,51,34],"tags":[],"class_list":["post-23484","post","type-post","status-publish","format-standard","has-post-thumbnail","hentry","category-acontecer","category-actual","category-chiloe","category-cultura"],"rttpg_featured_image_url":{"full":["https:\/\/elconquistadorredloslagos.cl\/test\/wp-content\/uploads\/2026\/09\/Diseno-sin-titulo-5-1.jpg",1920,1080,false],"landscape":["https:\/\/elconquistadorredloslagos.cl\/test\/wp-content\/uploads\/2026\/09\/Diseno-sin-titulo-5-1.jpg",1920,1080,false],"portraits":["https:\/\/elconquistadorredloslagos.cl\/test\/wp-content\/uploads\/2026\/09\/Diseno-sin-titulo-5-1.jpg",1920,1080,false],"thumbnail":["https:\/\/elconquistadorredloslagos.cl\/test\/wp-content\/uploads\/2026\/09\/Diseno-sin-titulo-5-1-150x150.jpg",150,150,true],"medium":["https:\/\/elconquistadorredloslagos.cl\/test\/wp-content\/uploads\/2026\/09\/Diseno-sin-titulo-5-1-300x169.jpg",300,169,true],"large":["https:\/\/elconquistadorredloslagos.cl\/test\/wp-content\/uploads\/2026\/09\/Diseno-sin-titulo-5-1-1024x576.jpg",1024,576,true],"1536x1536":["https:\/\/elconquistadorredloslagos.cl\/test\/wp-content\/uploads\/2026\/09\/Diseno-sin-titulo-5-1-1536x864.jpg",1536,864,true],"2048x2048":["https:\/\/elconquistadorredloslagos.cl\/test\/wp-content\/uploads\/2026\/09\/Diseno-sin-titulo-5-1.jpg",1920,1080,false]},"rttpg_author":{"display_name":"ccardenas","author_link":"https:\/\/elconquistadorredloslagos.cl\/test\/blog\/author\/ccardenas\/"},"rttpg_comment":0,"rttpg_category":"<a href=\"https:\/\/elconquistadorredloslagos.cl\/test\/blog\/category\/actual\/acontecer\/\" rel=\"category tag\">Acontecer<\/a> <a href=\"https:\/\/elconquistadorredloslagos.cl\/test\/blog\/category\/actual\/\" rel=\"category tag\">Actualidad<\/a> <a href=\"https:\/\/elconquistadorredloslagos.cl\/test\/blog\/category\/chile\/chiloe\/\" rel=\"category tag\">Chilo\u00e9<\/a> <a href=\"https:\/\/elconquistadorredloslagos.cl\/test\/blog\/category\/cultura\/\" rel=\"category tag\">Cultural<\/a>","rttpg_excerpt":"Los beats de Bruno Borlone ser\u00e1n protagonistas este domingo 6 de septiembre en el Barrio Lillo de Castro, donde el reconocido DJ nacional llegar\u00e1 para animar una jornada marcada por..","_links":{"self":[{"href":"https:\/\/elconquistadorredloslagos.cl\/test\/wp-json\/wp\/v2\/posts\/23484","targetHints":{"allow":["GET"]}}],"collection":[{"href":"https:\/\/elconquistadorredloslagos.cl\/test\/wp-json\/wp\/v2\/posts"}],"about":[{"href":"https:\/\/elconquistadorredloslagos.cl\/test\/wp-json\/wp\/v2\/types\/post"}],"author":[{"embeddable":true,"href":"https:\/\/elconquistadorredloslagos.cl\/test\/wp-json\/wp\/v2\/users\/2"}],"replies":[{"embeddable":true,"href":"https:\/\/elconquistadorredloslagos.cl\/test\/wp-json\/wp\/v2\/comments?post=23484"}],"version-history":[{"count":1,"href":"https:\/\/elconquistadorredloslagos.cl\/test\/wp-json\/wp\/v2\/posts\/23484\/revisions"}],"predecessor-version":[{"id":23486,"href":"https:\/\/elconquistadorredloslagos.cl\/test\/wp-json\/wp\/v2\/posts\/23484\/revisions\/23486"}],"wp:featuredmedia":[{"embeddable":true,"href":"https:\/\/elconquistadorredloslagos.cl\/test\/wp-json\/wp\/v2\/media\/23485"}],"wp:attachment":[{"href":"https:\/\/elconquistadorredloslagos.cl\/test\/wp-json\/wp\/v2\/media?parent=23484"}],"wp:term":[{"taxonomy":"category","embeddable":true,"href":"https:\/\/elconquistadorredloslagos.cl\/test\/wp-json\/wp\/v2\/categories?post=23484"},{"taxonomy":"post_tag","embeddable":true,"href":"https:\/\/elconquistadorredloslagos.cl\/test\/wp-json\/wp\/v2\/tags?post=23484"}],"curies":[{"name":"wp","href":"https:\/\/api.w.org\/{rel}","templated":true}]}}