{"id":23481,"date":"2026-09-02T16:40:11","date_gmt":"2026-09-02T20:40:11","guid":{"rendered":"https:\/\/elconquistadorredloslagos.cl\/test\/?p=23481"},"modified":"2026-09-02T16:40:12","modified_gmt":"2026-09-02T20:40:12","slug":"puerto-montt-despliega-agenda-dieciochera-con-desfiles-esquinazos-y-actividades-familiares","status":"publish","type":"post","link":"https:\/\/elconquistadorredloslagos.cl\/test\/blog\/2026\/09\/02\/puerto-montt-despliega-agenda-dieciochera-con-desfiles-esquinazos-y-actividades-familiares\/","title":{"rendered":"Puerto Montt despliega agenda dieciochera con desfiles, esquinazos y actividades familiares"},"content":{"rendered":"\n<p class=\"wp-block-paragraph\">Con m\u00fasica, cuecas y un esquinazo, Puerto Montt comenz\u00f3 oficialmente las actividades del Mes de la Chilenidad, una programaci\u00f3n que llevar\u00e1 el ambiente de Fiestas Patrias a distintos barrios y espacios de la comuna durante septiembre.<\/p>\n\n\n\n<p class=\"wp-block-paragraph\">La iniciativa es coordinada por la Direcci\u00f3n de Desarrollo Comunitario (Dideco), junto a equipos municipales de Deportes, Seguridad P\u00fablica, DAEM y delegaciones territoriales. El calendario contempla cuatro desfiles c\u00edvicos en Alerce, Mirasol, Tepual y sectores rurales, adem\u00e1s de 11 esquinazos en ferias, mercados y espacios p\u00fablicos.<\/p>\n\n\n\n<p class=\"wp-block-paragraph\">La agenda tambi\u00e9n considera actividades en calle Varas, Angelm\u00f3, Presidente Ib\u00e1\u00f1ez, Pueblito Melipulli, Parque La Paloma y Arena Puerto Montt, entre otros puntos. Los horarios y lugares fueron informados por el municipio a trav\u00e9s de sus canales oficiales.<\/p>\n\n\n\n<p class=\"wp-block-paragraph\">Durante el lanzamiento se present\u00f3 adem\u00e1s la campa\u00f1a \u201cQue Septiembre no sea tu \u00faltima vuelta\u201d, orientada a prevenir accidentes de tr\u00e1nsito durante las celebraciones. La iniciativa contempla acciones de concientizaci\u00f3n en redes sociales y el centro de la ciudad, incluyendo la exhibici\u00f3n de un veh\u00edculo volcado en la Costanera.<\/p>\n\n\n\n<p class=\"wp-block-paragraph\">\ud83d\udcf7 Municipalidad de Puerto Montt &#8211; Facebook<\/p>\n","protected":false},"excerpt":{"rendered":"<p>Con m\u00fasica, cuecas y un esquinazo, Puerto Montt comenz\u00f3 oficialmente las actividades del Mes de la Chilenidad, una programaci\u00f3n que llevar\u00e1 el ambiente de Fiestas Patrias a distintos barrios y..<\/p>\n","protected":false},"author":2,"featured_media":23482,"comment_status":"closed","ping_status":"open","sticky":false,"template":"","format":"standard","meta":{"footnotes":""},"categories":[1,28,56],"tags":[],"class_list":["post-23481","post","type-post","status-publish","format-standard","has-post-thumbnail","hentry","category-acontecer","category-actual","category-puerto-montt"],"rttpg_featured_image_url":{"full":["https:\/\/elconquistadorredloslagos.cl\/test\/wp-content\/uploads\/2026\/09\/Diseno-sin-titulo-4-1.jpg",1920,1080,false],"landscape":["https:\/\/elconquistadorredloslagos.cl\/test\/wp-content\/uploads\/2026\/09\/Diseno-sin-titulo-4-1.jpg",1920,1080,false],"portraits":["https:\/\/elconquistadorredloslagos.cl\/test\/wp-content\/uploads\/2026\/09\/Diseno-sin-titulo-4-1.jpg",1920,1080,false],"thumbnail":["https:\/\/elconquistadorredloslagos.cl\/test\/wp-content\/uploads\/2026\/09\/Diseno-sin-titulo-4-1-150x150.jpg",150,150,true],"medium":["https:\/\/elconquistadorredloslagos.cl\/test\/wp-content\/uploads\/2026\/09\/Diseno-sin-titulo-4-1-300x169.jpg",300,169,true],"large":["https:\/\/elconquistadorredloslagos.cl\/test\/wp-content\/uploads\/2026\/09\/Diseno-sin-titulo-4-1-1024x576.jpg",1024,576,true],"1536x1536":["https:\/\/elconquistadorredloslagos.cl\/test\/wp-content\/uploads\/2026\/09\/Diseno-sin-titulo-4-1-1536x864.jpg",1536,864,true],"2048x2048":["https:\/\/elconquistadorredloslagos.cl\/test\/wp-content\/uploads\/2026\/09\/Diseno-sin-titulo-4-1.jpg",1920,1080,false]},"rttpg_author":{"display_name":"ccardenas","author_link":"https:\/\/elconquistadorredloslagos.cl\/test\/blog\/author\/ccardenas\/"},"rttpg_comment":0,"rttpg_category":"<a href=\"https:\/\/elconquistadorredloslagos.cl\/test\/blog\/category\/actual\/acontecer\/\" rel=\"category tag\">Acontecer<\/a> <a href=\"https:\/\/elconquistadorredloslagos.cl\/test\/blog\/category\/actual\/\" rel=\"category tag\">Actualidad<\/a> <a href=\"https:\/\/elconquistadorredloslagos.cl\/test\/blog\/category\/chile\/puerto-montt\/\" rel=\"category tag\">Puerto Montt<\/a>","rttpg_excerpt":"Con m\u00fasica, cuecas y un esquinazo, Puerto Montt comenz\u00f3 oficialmente las actividades del Mes de la Chilenidad, una programaci\u00f3n que llevar\u00e1 el ambiente de Fiestas Patrias a distintos barrios y..","_links":{"self":[{"href":"https:\/\/elconquistadorredloslagos.cl\/test\/wp-json\/wp\/v2\/posts\/23481","targetHints":{"allow":["GET"]}}],"collection":[{"href":"https:\/\/elconquistadorredloslagos.cl\/test\/wp-json\/wp\/v2\/posts"}],"about":[{"href":"https:\/\/elconquistadorredloslagos.cl\/test\/wp-json\/wp\/v2\/types\/post"}],"author":[{"embeddable":true,"href":"https:\/\/elconquistadorredloslagos.cl\/test\/wp-json\/wp\/v2\/users\/2"}],"replies":[{"embeddable":true,"href":"https:\/\/elconquistadorredloslagos.cl\/test\/wp-json\/wp\/v2\/comments?post=23481"}],"version-history":[{"count":1,"href":"https:\/\/elconquistadorredloslagos.cl\/test\/wp-json\/wp\/v2\/posts\/23481\/revisions"}],"predecessor-version":[{"id":23483,"href":"https:\/\/elconquistadorredloslagos.cl\/test\/wp-json\/wp\/v2\/posts\/23481\/revisions\/23483"}],"wp:featuredmedia":[{"embeddable":true,"href":"https:\/\/elconquistadorredloslagos.cl\/test\/wp-json\/wp\/v2\/media\/23482"}],"wp:attachment":[{"href":"https:\/\/elconquistadorredloslagos.cl\/test\/wp-json\/wp\/v2\/media?parent=23481"}],"wp:term":[{"taxonomy":"category","embeddable":true,"href":"https:\/\/elconquistadorredloslagos.cl\/test\/wp-json\/wp\/v2\/categories?post=23481"},{"taxonomy":"post_tag","embeddable":true,"href":"https:\/\/elconquistadorredloslagos.cl\/test\/wp-json\/wp\/v2\/tags?post=23481"}],"curies":[{"name":"wp","href":"https:\/\/api.w.org\/{rel}","templated":true}]}}