{"id":23478,"date":"2026-09-02T16:37:17","date_gmt":"2026-09-02T20:37:17","guid":{"rendered":"https:\/\/elconquistadorredloslagos.cl\/test\/?p=23478"},"modified":"2026-09-02T16:37:18","modified_gmt":"2026-09-02T20:37:18","slug":"carabinero-queda-gravemente-lesionado-tras-ser-atropellado-durante-procedimiento-en-alerce","status":"publish","type":"post","link":"https:\/\/elconquistadorredloslagos.cl\/test\/blog\/2026\/09\/02\/carabinero-queda-gravemente-lesionado-tras-ser-atropellado-durante-procedimiento-en-alerce\/","title":{"rendered":"Carabinero queda gravemente lesionado tras ser atropellado durante procedimiento en Alerce"},"content":{"rendered":"\n<p class=\"wp-block-paragraph\">Con lesiones de gravedad en sus extremidades inferiores termin\u00f3 un funcionario de Carabineros que fue impactado por un veh\u00edculo durante la tarde de este mi\u00e9rcoles, mientras participaba en un procedimiento policial en el sector Alerce de Puerto Montt.<\/p>\n\n\n\n<p class=\"wp-block-paragraph\">El hecho ocurri\u00f3 pasadas las 13.00 horas, en la intersecci\u00f3n de Claudio Arrau con V\u00edctor Jara. De acuerdo con los antecedentes preliminares, el funcionario, quien se desempe\u00f1ar\u00eda como motorista de la instituci\u00f3n, habr\u00eda sido alcanzado por un autom\u00f3vil mientras realizaba una fiscalizaci\u00f3n. Producto del impacto, debi\u00f3 ser asistido en el lugar y posteriormente trasladado de urgencia hasta el Hospital de Puerto Montt.<\/p>\n\n\n\n<p class=\"wp-block-paragraph\">A ra\u00edz del incidente, adem\u00e1s, se inform\u00f3 de una persona detenida.<\/p>\n\n\n\n<p class=\"wp-block-paragraph\">Hasta el sitio del suceso concurri\u00f3 personal especializado de la SIAT de Carabineros, que qued\u00f3 a cargo de las diligencias para establecer la din\u00e1mica del accidente y determinar las circunstancias en que ocurri\u00f3 el atropello.<\/p>\n\n\n\n<p class=\"wp-block-paragraph\">\ud83d\udcf7 RTV Noticias<\/p>\n\n\n\n<p class=\"wp-block-paragraph\"><\/p>\n","protected":false},"excerpt":{"rendered":"<p>Con lesiones de gravedad en sus extremidades inferiores termin\u00f3 un funcionario de Carabineros que fue impactado por un veh\u00edculo durante la tarde de este mi\u00e9rcoles, mientras participaba en un procedimiento..<\/p>\n","protected":false},"author":2,"featured_media":23479,"comment_status":"closed","ping_status":"open","sticky":false,"template":"","format":"standard","meta":{"footnotes":""},"categories":[1,28,68,56],"tags":[],"class_list":["post-23478","post","type-post","status-publish","format-standard","has-post-thumbnail","hentry","category-acontecer","category-actual","category-policial","category-puerto-montt"],"rttpg_featured_image_url":{"full":["https:\/\/elconquistadorredloslagos.cl\/test\/wp-content\/uploads\/2026\/09\/Diseno-sin-titulo-3-1.jpg",1920,1080,false],"landscape":["https:\/\/elconquistadorredloslagos.cl\/test\/wp-content\/uploads\/2026\/09\/Diseno-sin-titulo-3-1.jpg",1920,1080,false],"portraits":["https:\/\/elconquistadorredloslagos.cl\/test\/wp-content\/uploads\/2026\/09\/Diseno-sin-titulo-3-1.jpg",1920,1080,false],"thumbnail":["https:\/\/elconquistadorredloslagos.cl\/test\/wp-content\/uploads\/2026\/09\/Diseno-sin-titulo-3-1-150x150.jpg",150,150,true],"medium":["https:\/\/elconquistadorredloslagos.cl\/test\/wp-content\/uploads\/2026\/09\/Diseno-sin-titulo-3-1-300x169.jpg",300,169,true],"large":["https:\/\/elconquistadorredloslagos.cl\/test\/wp-content\/uploads\/2026\/09\/Diseno-sin-titulo-3-1-1024x576.jpg",1024,576,true],"1536x1536":["https:\/\/elconquistadorredloslagos.cl\/test\/wp-content\/uploads\/2026\/09\/Diseno-sin-titulo-3-1-1536x864.jpg",1536,864,true],"2048x2048":["https:\/\/elconquistadorredloslagos.cl\/test\/wp-content\/uploads\/2026\/09\/Diseno-sin-titulo-3-1.jpg",1920,1080,false]},"rttpg_author":{"display_name":"ccardenas","author_link":"https:\/\/elconquistadorredloslagos.cl\/test\/blog\/author\/ccardenas\/"},"rttpg_comment":0,"rttpg_category":"<a href=\"https:\/\/elconquistadorredloslagos.cl\/test\/blog\/category\/actual\/acontecer\/\" rel=\"category tag\">Acontecer<\/a> <a href=\"https:\/\/elconquistadorredloslagos.cl\/test\/blog\/category\/actual\/\" rel=\"category tag\">Actualidad<\/a> <a href=\"https:\/\/elconquistadorredloslagos.cl\/test\/blog\/category\/policial\/\" rel=\"category tag\">Policial<\/a> <a href=\"https:\/\/elconquistadorredloslagos.cl\/test\/blog\/category\/chile\/puerto-montt\/\" rel=\"category tag\">Puerto Montt<\/a>","rttpg_excerpt":"Con lesiones de gravedad en sus extremidades inferiores termin\u00f3 un funcionario de Carabineros que fue impactado por un veh\u00edculo durante la tarde de este mi\u00e9rcoles, mientras participaba en un procedimiento..","_links":{"self":[{"href":"https:\/\/elconquistadorredloslagos.cl\/test\/wp-json\/wp\/v2\/posts\/23478","targetHints":{"allow":["GET"]}}],"collection":[{"href":"https:\/\/elconquistadorredloslagos.cl\/test\/wp-json\/wp\/v2\/posts"}],"about":[{"href":"https:\/\/elconquistadorredloslagos.cl\/test\/wp-json\/wp\/v2\/types\/post"}],"author":[{"embeddable":true,"href":"https:\/\/elconquistadorredloslagos.cl\/test\/wp-json\/wp\/v2\/users\/2"}],"replies":[{"embeddable":true,"href":"https:\/\/elconquistadorredloslagos.cl\/test\/wp-json\/wp\/v2\/comments?post=23478"}],"version-history":[{"count":1,"href":"https:\/\/elconquistadorredloslagos.cl\/test\/wp-json\/wp\/v2\/posts\/23478\/revisions"}],"predecessor-version":[{"id":23480,"href":"https:\/\/elconquistadorredloslagos.cl\/test\/wp-json\/wp\/v2\/posts\/23478\/revisions\/23480"}],"wp:featuredmedia":[{"embeddable":true,"href":"https:\/\/elconquistadorredloslagos.cl\/test\/wp-json\/wp\/v2\/media\/23479"}],"wp:attachment":[{"href":"https:\/\/elconquistadorredloslagos.cl\/test\/wp-json\/wp\/v2\/media?parent=23478"}],"wp:term":[{"taxonomy":"category","embeddable":true,"href":"https:\/\/elconquistadorredloslagos.cl\/test\/wp-json\/wp\/v2\/categories?post=23478"},{"taxonomy":"post_tag","embeddable":true,"href":"https:\/\/elconquistadorredloslagos.cl\/test\/wp-json\/wp\/v2\/tags?post=23478"}],"curies":[{"name":"wp","href":"https:\/\/api.w.org\/{rel}","templated":true}]}}