{"id":23474,"date":"2026-09-02T16:34:40","date_gmt":"2026-09-02T20:34:40","guid":{"rendered":"https:\/\/elconquistadorredloslagos.cl\/test\/?p=23474"},"modified":"2026-09-02T16:34:41","modified_gmt":"2026-09-02T20:34:41","slug":"detenido-en-puqueldon-queda-en-prision-preventiva-tras-ser-hallado-con-tres-armas-de-fuego","status":"publish","type":"post","link":"https:\/\/elconquistadorredloslagos.cl\/test\/blog\/2026\/09\/02\/detenido-en-puqueldon-queda-en-prision-preventiva-tras-ser-hallado-con-tres-armas-de-fuego\/","title":{"rendered":"Detenido en Puqueld\u00f3n queda en prisi\u00f3n preventiva tras ser hallado con tres armas de fuego"},"content":{"rendered":"\n<p class=\"wp-block-paragraph\">Un operativo de Carabineros en Puqueld\u00f3n termin\u00f3 con un hombre en prisi\u00f3n preventiva, luego de ser sorprendido en su domicilio con tres armas de fuego, adem\u00e1s de municiones y cartuchos que manten\u00eda sin autorizaci\u00f3n ni las respectivas inscripciones.<\/p>\n\n\n\n<p class=\"wp-block-paragraph\">El procedimiento fue informado por el mayor Francisco Torres, de la Segunda Comisar\u00eda de Castro. El imputado fue llevado este martes al Juzgado de Garant\u00eda de Castro, donde se control\u00f3 su detenci\u00f3n y posteriormente fue formalizado por posesi\u00f3n y tenencia ilegal de armas de fuego, adem\u00e1s de municiones y cartuchos.<\/p>\n\n\n\n<p class=\"wp-block-paragraph\">Durante la audiencia, la Fiscal\u00eda solicit\u00f3 la prisi\u00f3n preventiva, medida que fue acogida por el tribunal tras considerar los antecedentes presentados en el proceso. As\u00ed lo confirm\u00f3 el fiscal subrogante de Quinchao, Cristian Mena.<\/p>\n\n\n\n<p class=\"wp-block-paragraph\">El tribunal fij\u00f3 adem\u00e1s en 120 d\u00edas el plazo para desarrollar las diligencias destinadas a esclarecer los hechos.<\/p>\n\n\n\n<figure class=\"wp-block-video\"><video height=\"1080\" style=\"aspect-ratio: 1920 \/ 1080;\" width=\"1920\" controls src=\"https:\/\/elconquistadorredloslagos.cl\/test\/wp-content\/uploads\/2026\/09\/Diseno-sin-titulo.mp4\"><\/video><\/figure>\n","protected":false},"excerpt":{"rendered":"<p>Un operativo de Carabineros en Puqueld\u00f3n termin\u00f3 con un hombre en prisi\u00f3n preventiva, luego de ser sorprendido en su domicilio con tres armas de fuego, adem\u00e1s de municiones y cartuchos..<\/p>\n","protected":false},"author":2,"featured_media":23475,"comment_status":"closed","ping_status":"open","sticky":false,"template":"","format":"standard","meta":{"footnotes":""},"categories":[1,28,51,68],"tags":[],"class_list":["post-23474","post","type-post","status-publish","format-standard","has-post-thumbnail","hentry","category-acontecer","category-actual","category-chiloe","category-policial"],"rttpg_featured_image_url":{"full":["https:\/\/elconquistadorredloslagos.cl\/test\/wp-content\/uploads\/2026\/09\/Diseno-sin-titulo-2-1.jpg",1920,1080,false],"landscape":["https:\/\/elconquistadorredloslagos.cl\/test\/wp-content\/uploads\/2026\/09\/Diseno-sin-titulo-2-1.jpg",1920,1080,false],"portraits":["https:\/\/elconquistadorredloslagos.cl\/test\/wp-content\/uploads\/2026\/09\/Diseno-sin-titulo-2-1.jpg",1920,1080,false],"thumbnail":["https:\/\/elconquistadorredloslagos.cl\/test\/wp-content\/uploads\/2026\/09\/Diseno-sin-titulo-2-1-150x150.jpg",150,150,true],"medium":["https:\/\/elconquistadorredloslagos.cl\/test\/wp-content\/uploads\/2026\/09\/Diseno-sin-titulo-2-1-300x169.jpg",300,169,true],"large":["https:\/\/elconquistadorredloslagos.cl\/test\/wp-content\/uploads\/2026\/09\/Diseno-sin-titulo-2-1-1024x576.jpg",1024,576,true],"1536x1536":["https:\/\/elconquistadorredloslagos.cl\/test\/wp-content\/uploads\/2026\/09\/Diseno-sin-titulo-2-1-1536x864.jpg",1536,864,true],"2048x2048":["https:\/\/elconquistadorredloslagos.cl\/test\/wp-content\/uploads\/2026\/09\/Diseno-sin-titulo-2-1.jpg",1920,1080,false]},"rttpg_author":{"display_name":"ccardenas","author_link":"https:\/\/elconquistadorredloslagos.cl\/test\/blog\/author\/ccardenas\/"},"rttpg_comment":0,"rttpg_category":"<a href=\"https:\/\/elconquistadorredloslagos.cl\/test\/blog\/category\/actual\/acontecer\/\" rel=\"category tag\">Acontecer<\/a> <a href=\"https:\/\/elconquistadorredloslagos.cl\/test\/blog\/category\/actual\/\" rel=\"category tag\">Actualidad<\/a> <a href=\"https:\/\/elconquistadorredloslagos.cl\/test\/blog\/category\/chile\/chiloe\/\" rel=\"category tag\">Chilo\u00e9<\/a> <a href=\"https:\/\/elconquistadorredloslagos.cl\/test\/blog\/category\/policial\/\" rel=\"category tag\">Policial<\/a>","rttpg_excerpt":"Un operativo de Carabineros en Puqueld\u00f3n termin\u00f3 con un hombre en prisi\u00f3n preventiva, luego de ser sorprendido en su domicilio con tres armas de fuego, adem\u00e1s de municiones y cartuchos..","_links":{"self":[{"href":"https:\/\/elconquistadorredloslagos.cl\/test\/wp-json\/wp\/v2\/posts\/23474","targetHints":{"allow":["GET"]}}],"collection":[{"href":"https:\/\/elconquistadorredloslagos.cl\/test\/wp-json\/wp\/v2\/posts"}],"about":[{"href":"https:\/\/elconquistadorredloslagos.cl\/test\/wp-json\/wp\/v2\/types\/post"}],"author":[{"embeddable":true,"href":"https:\/\/elconquistadorredloslagos.cl\/test\/wp-json\/wp\/v2\/users\/2"}],"replies":[{"embeddable":true,"href":"https:\/\/elconquistadorredloslagos.cl\/test\/wp-json\/wp\/v2\/comments?post=23474"}],"version-history":[{"count":1,"href":"https:\/\/elconquistadorredloslagos.cl\/test\/wp-json\/wp\/v2\/posts\/23474\/revisions"}],"predecessor-version":[{"id":23477,"href":"https:\/\/elconquistadorredloslagos.cl\/test\/wp-json\/wp\/v2\/posts\/23474\/revisions\/23477"}],"wp:featuredmedia":[{"embeddable":true,"href":"https:\/\/elconquistadorredloslagos.cl\/test\/wp-json\/wp\/v2\/media\/23475"}],"wp:attachment":[{"href":"https:\/\/elconquistadorredloslagos.cl\/test\/wp-json\/wp\/v2\/media?parent=23474"}],"wp:term":[{"taxonomy":"category","embeddable":true,"href":"https:\/\/elconquistadorredloslagos.cl\/test\/wp-json\/wp\/v2\/categories?post=23474"},{"taxonomy":"post_tag","embeddable":true,"href":"https:\/\/elconquistadorredloslagos.cl\/test\/wp-json\/wp\/v2\/tags?post=23474"}],"curies":[{"name":"wp","href":"https:\/\/api.w.org\/{rel}","templated":true}]}}