{"id":2347,"date":"2024-08-23T15:21:25","date_gmt":"2024-08-23T19:21:25","guid":{"rendered":"https:\/\/elconquistadorredloslagos.cl\/test\/?p=2347"},"modified":"2024-08-23T15:21:26","modified_gmt":"2024-08-23T19:21:26","slug":"en-ancud-se-celebro-el-dia-nacional-de-la-educacion-tecnico-profesional-de-chiloe","status":"publish","type":"post","link":"https:\/\/elconquistadorredloslagos.cl\/test\/blog\/2024\/08\/23\/en-ancud-se-celebro-el-dia-nacional-de-la-educacion-tecnico-profesional-de-chiloe\/","title":{"rendered":"En Ancud se celebr\u00f3 el D\u00eda Nacional de la Educaci\u00f3n T\u00e9cnico Profesional de Chilo\u00e9"},"content":{"rendered":"\n<p>El gimnasio del Liceo Polivalente de Ancud, fue el escenario escogido para la celebraci\u00f3n provincial del D\u00eda Nacional de la Educaci\u00f3n T\u00e9cnico Profesional (TP) en Chile, instancia que busca relevar sobre el papel fundamental que desempe\u00f1a esta modalidad educativa en el desarrollo del pa\u00eds, y por ende tambi\u00e9n del Archipi\u00e9lago.<\/p>\n\n\n\n<p>Se trata de un bien de alto consumo en el territorio insular, presente en educaci\u00f3n media, superior y en educaci\u00f3n de personas j\u00f3venes y adultas; abarca fundamentalmente la formaci\u00f3n vinculada al trabajo en una variedad de sectores laborales como la agricultura, los servicios sociales y las tecnolog\u00edas de la informaci\u00f3n, entre otros.<\/p>\n\n\n\n<p>En la ceremonia particip\u00f3 la gran mayor\u00eda de los recintos con ense\u00f1anza media que imparten este modelo acad\u00e9mico, como es el caso de los liceos Polivalente de Quemchi, Bicentenario de Dalcahue, Bicentenario Insular de Achao, Alfredo Barr\u00eda Oyarzun de Curaco de V\u00e9lez, Polit\u00e9cnico, Pablo Neruda y Aytu\u00e9 de Castro, Bicentenario Manuel Jes\u00fas Andrade e Instituto del Mar Capit\u00e1n Williams de Chonchi, Bicentenario de Queilen, San Jos\u00e9 y Rayen Mapu de Quell\u00f3n, adem\u00e1s de los liceos Polivalente, Comercial El Pilar y Seminario Conciliar de Ancud. En la oportunidad algunos docentes quelloninos se ausentaron por encontrase movilizados.&nbsp;<\/p>\n\n\n\n<p>En la oportunidad se hizo reconocimiento a algunos educadores por su trayectoria y aporte a la formaci\u00f3n de los estudiantes insulares.<\/p>\n","protected":false},"excerpt":{"rendered":"<p>El gimnasio del Liceo Polivalente de Ancud, fue el escenario escogido para la celebraci\u00f3n provincial del D\u00eda Nacional de la Educaci\u00f3n T\u00e9cnico Profesional (TP) en Chile, instancia que busca relevar..<\/p>\n","protected":false},"author":2,"featured_media":2348,"comment_status":"open","ping_status":"open","sticky":false,"template":"","format":"standard","meta":{"footnotes":""},"categories":[28],"tags":[],"class_list":["post-2347","post","type-post","status-publish","format-standard","has-post-thumbnail","hentry","category-actual"],"rttpg_featured_image_url":{"full":["https:\/\/elconquistadorredloslagos.cl\/test\/wp-content\/uploads\/2024\/08\/acto-4.jpg",940,714,false],"landscape":["https:\/\/elconquistadorredloslagos.cl\/test\/wp-content\/uploads\/2024\/08\/acto-4.jpg",940,714,false],"portraits":["https:\/\/elconquistadorredloslagos.cl\/test\/wp-content\/uploads\/2024\/08\/acto-4.jpg",940,714,false],"thumbnail":["https:\/\/elconquistadorredloslagos.cl\/test\/wp-content\/uploads\/2024\/08\/acto-4-150x150.jpg",150,150,true],"medium":["https:\/\/elconquistadorredloslagos.cl\/test\/wp-content\/uploads\/2024\/08\/acto-4-300x228.jpg",300,228,true],"large":["https:\/\/elconquistadorredloslagos.cl\/test\/wp-content\/uploads\/2024\/08\/acto-4.jpg",940,714,false],"1536x1536":["https:\/\/elconquistadorredloslagos.cl\/test\/wp-content\/uploads\/2024\/08\/acto-4.jpg",940,714,false],"2048x2048":["https:\/\/elconquistadorredloslagos.cl\/test\/wp-content\/uploads\/2024\/08\/acto-4.jpg",940,714,false]},"rttpg_author":{"display_name":"ccardenas","author_link":"https:\/\/elconquistadorredloslagos.cl\/test\/blog\/author\/ccardenas\/"},"rttpg_comment":0,"rttpg_category":"<a href=\"https:\/\/elconquistadorredloslagos.cl\/test\/blog\/category\/actual\/\" rel=\"category tag\">Actualidad<\/a>","rttpg_excerpt":"El gimnasio del Liceo Polivalente de Ancud, fue el escenario escogido para la celebraci\u00f3n provincial del D\u00eda Nacional de la Educaci\u00f3n T\u00e9cnico Profesional (TP) en Chile, instancia que busca relevar..","_links":{"self":[{"href":"https:\/\/elconquistadorredloslagos.cl\/test\/wp-json\/wp\/v2\/posts\/2347","targetHints":{"allow":["GET"]}}],"collection":[{"href":"https:\/\/elconquistadorredloslagos.cl\/test\/wp-json\/wp\/v2\/posts"}],"about":[{"href":"https:\/\/elconquistadorredloslagos.cl\/test\/wp-json\/wp\/v2\/types\/post"}],"author":[{"embeddable":true,"href":"https:\/\/elconquistadorredloslagos.cl\/test\/wp-json\/wp\/v2\/users\/2"}],"replies":[{"embeddable":true,"href":"https:\/\/elconquistadorredloslagos.cl\/test\/wp-json\/wp\/v2\/comments?post=2347"}],"version-history":[{"count":1,"href":"https:\/\/elconquistadorredloslagos.cl\/test\/wp-json\/wp\/v2\/posts\/2347\/revisions"}],"predecessor-version":[{"id":2349,"href":"https:\/\/elconquistadorredloslagos.cl\/test\/wp-json\/wp\/v2\/posts\/2347\/revisions\/2349"}],"wp:featuredmedia":[{"embeddable":true,"href":"https:\/\/elconquistadorredloslagos.cl\/test\/wp-json\/wp\/v2\/media\/2348"}],"wp:attachment":[{"href":"https:\/\/elconquistadorredloslagos.cl\/test\/wp-json\/wp\/v2\/media?parent=2347"}],"wp:term":[{"taxonomy":"category","embeddable":true,"href":"https:\/\/elconquistadorredloslagos.cl\/test\/wp-json\/wp\/v2\/categories?post=2347"},{"taxonomy":"post_tag","embeddable":true,"href":"https:\/\/elconquistadorredloslagos.cl\/test\/wp-json\/wp\/v2\/tags?post=2347"}],"curies":[{"name":"wp","href":"https:\/\/api.w.org\/{rel}","templated":true}]}}