{"id":23466,"date":"2026-09-02T15:19:30","date_gmt":"2026-09-02T19:19:30","guid":{"rendered":"https:\/\/elconquistadorredloslagos.cl\/test\/?p=23466"},"modified":"2026-09-02T15:19:32","modified_gmt":"2026-09-02T19:19:32","slug":"incendio-deja-a-cuatro-damnificados-y-a-dos-bomberos-lesionados-en-ancud","status":"publish","type":"post","link":"https:\/\/elconquistadorredloslagos.cl\/test\/blog\/2026\/09\/02\/incendio-deja-a-cuatro-damnificados-y-a-dos-bomberos-lesionados-en-ancud\/","title":{"rendered":"Incendio deja a cuatro damnificados y a dos bomberos lesionados en Ancud"},"content":{"rendered":"\n<p class=\"wp-block-paragraph\">Cuatro adultos quedaron damnificados tras el incendio que consumi\u00f3 por completo una antigua vivienda de material ligero en calle O\u2019Higgins, en las inmediaciones de la Primera Comisar\u00eda de Carabineros de Ancud.<\/p>\n\n\n\n<p class=\"wp-block-paragraph\">La emergencia se produjo durante la ma\u00f1ana y oblig\u00f3 al despliegue de voluntarios del Cuerpo de Bomberos, quienes trabajaron cerca de dos horas para controlar el fuego y eliminar los focos de humo presentes en el inmueble.<\/p>\n\n\n\n<p class=\"wp-block-paragraph\">El segundo comandante de Bomberos, Francisco Garc\u00eda, se\u00f1al\u00f3 que se trat\u00f3 de un incendio estructural en fase de libre combusti\u00f3n. Las labores se vieron complicadas debido a que la vivienda permanec\u00eda energizada, situaci\u00f3n que provoc\u00f3 una descarga el\u00e9ctrica a dos voluntarios, quienes sufrieron lesiones leves y fueron evaluados por personal m\u00e9dico.<\/p>\n\n\n\n<p class=\"wp-block-paragraph\">Los cuatro afectados, entre ellos una adulta mayor, corresponden a una madre y sus hijos, quienes lograron salir por sus propios medios. Una de las personas debi\u00f3 recibir atenci\u00f3n de urgencia debido al impacto emocional generado por la emergencia.<\/p>\n\n\n\n<p class=\"wp-block-paragraph\">El grupo familiar recibi\u00f3 apoyo del \u00e1rea social de la Municipalidad de Ancud, mientras Bomberos inici\u00f3 la investigaci\u00f3n para determinar el origen y causa del siniestro.<\/p>\n\n\n\n<p class=\"wp-block-paragraph\">\ud83d\udcf7 Luis Contreras Villarroel<\/p>\n","protected":false},"excerpt":{"rendered":"<p>Cuatro adultos quedaron damnificados tras el incendio que consumi\u00f3 por completo una antigua vivienda de material ligero en calle O\u2019Higgins, en las inmediaciones de la Primera Comisar\u00eda de Carabineros de..<\/p>\n","protected":false},"author":2,"featured_media":23467,"comment_status":"closed","ping_status":"open","sticky":false,"template":"","format":"standard","meta":{"footnotes":""},"categories":[1,28,51],"tags":[],"class_list":["post-23466","post","type-post","status-publish","format-standard","has-post-thumbnail","hentry","category-acontecer","category-actual","category-chiloe"],"rttpg_featured_image_url":{"full":["https:\/\/elconquistadorredloslagos.cl\/test\/wp-content\/uploads\/2026\/09\/Diseno-sin-titulo-8.jpg",1920,1080,false],"landscape":["https:\/\/elconquistadorredloslagos.cl\/test\/wp-content\/uploads\/2026\/09\/Diseno-sin-titulo-8.jpg",1920,1080,false],"portraits":["https:\/\/elconquistadorredloslagos.cl\/test\/wp-content\/uploads\/2026\/09\/Diseno-sin-titulo-8.jpg",1920,1080,false],"thumbnail":["https:\/\/elconquistadorredloslagos.cl\/test\/wp-content\/uploads\/2026\/09\/Diseno-sin-titulo-8-150x150.jpg",150,150,true],"medium":["https:\/\/elconquistadorredloslagos.cl\/test\/wp-content\/uploads\/2026\/09\/Diseno-sin-titulo-8-300x169.jpg",300,169,true],"large":["https:\/\/elconquistadorredloslagos.cl\/test\/wp-content\/uploads\/2026\/09\/Diseno-sin-titulo-8-1024x576.jpg",1024,576,true],"1536x1536":["https:\/\/elconquistadorredloslagos.cl\/test\/wp-content\/uploads\/2026\/09\/Diseno-sin-titulo-8-1536x864.jpg",1536,864,true],"2048x2048":["https:\/\/elconquistadorredloslagos.cl\/test\/wp-content\/uploads\/2026\/09\/Diseno-sin-titulo-8.jpg",1920,1080,false]},"rttpg_author":{"display_name":"ccardenas","author_link":"https:\/\/elconquistadorredloslagos.cl\/test\/blog\/author\/ccardenas\/"},"rttpg_comment":0,"rttpg_category":"<a href=\"https:\/\/elconquistadorredloslagos.cl\/test\/blog\/category\/actual\/acontecer\/\" rel=\"category tag\">Acontecer<\/a> <a href=\"https:\/\/elconquistadorredloslagos.cl\/test\/blog\/category\/actual\/\" rel=\"category tag\">Actualidad<\/a> <a href=\"https:\/\/elconquistadorredloslagos.cl\/test\/blog\/category\/chile\/chiloe\/\" rel=\"category tag\">Chilo\u00e9<\/a>","rttpg_excerpt":"Cuatro adultos quedaron damnificados tras el incendio que consumi\u00f3 por completo una antigua vivienda de material ligero en calle O\u2019Higgins, en las inmediaciones de la Primera Comisar\u00eda de Carabineros de..","_links":{"self":[{"href":"https:\/\/elconquistadorredloslagos.cl\/test\/wp-json\/wp\/v2\/posts\/23466","targetHints":{"allow":["GET"]}}],"collection":[{"href":"https:\/\/elconquistadorredloslagos.cl\/test\/wp-json\/wp\/v2\/posts"}],"about":[{"href":"https:\/\/elconquistadorredloslagos.cl\/test\/wp-json\/wp\/v2\/types\/post"}],"author":[{"embeddable":true,"href":"https:\/\/elconquistadorredloslagos.cl\/test\/wp-json\/wp\/v2\/users\/2"}],"replies":[{"embeddable":true,"href":"https:\/\/elconquistadorredloslagos.cl\/test\/wp-json\/wp\/v2\/comments?post=23466"}],"version-history":[{"count":1,"href":"https:\/\/elconquistadorredloslagos.cl\/test\/wp-json\/wp\/v2\/posts\/23466\/revisions"}],"predecessor-version":[{"id":23468,"href":"https:\/\/elconquistadorredloslagos.cl\/test\/wp-json\/wp\/v2\/posts\/23466\/revisions\/23468"}],"wp:featuredmedia":[{"embeddable":true,"href":"https:\/\/elconquistadorredloslagos.cl\/test\/wp-json\/wp\/v2\/media\/23467"}],"wp:attachment":[{"href":"https:\/\/elconquistadorredloslagos.cl\/test\/wp-json\/wp\/v2\/media?parent=23466"}],"wp:term":[{"taxonomy":"category","embeddable":true,"href":"https:\/\/elconquistadorredloslagos.cl\/test\/wp-json\/wp\/v2\/categories?post=23466"},{"taxonomy":"post_tag","embeddable":true,"href":"https:\/\/elconquistadorredloslagos.cl\/test\/wp-json\/wp\/v2\/tags?post=23466"}],"curies":[{"name":"wp","href":"https:\/\/api.w.org\/{rel}","templated":true}]}}