{"id":23443,"date":"2026-09-01T16:39:48","date_gmt":"2026-09-01T20:39:48","guid":{"rendered":"https:\/\/elconquistadorredloslagos.cl\/test\/?p=23443"},"modified":"2026-09-01T16:39:48","modified_gmt":"2026-09-01T20:39:48","slug":"docente-de-la-region-de-los-lagos-gana-el-reconocimiento-profe-tp-2026","status":"publish","type":"post","link":"https:\/\/elconquistadorredloslagos.cl\/test\/blog\/2026\/09\/01\/docente-de-la-region-de-los-lagos-gana-el-reconocimiento-profe-tp-2026\/","title":{"rendered":"Docente de la Regi\u00f3n de Los Lagos gana el Reconocimiento Profe TP 2026"},"content":{"rendered":"\n<p class=\"wp-block-paragraph\"><strong><em>Nelson Calisto Hern\u00e1ndez, docente de la especialidad de Construcci\u00f3n del &nbsp;Liceo Bicentenario Polit\u00e9cnico de Castro,&nbsp; obtuvo esta distinci\u00f3n que impulsa ONG Canales con el apoyo de Banco de Chile.<\/em><\/strong><\/p>\n\n\n\n<p class=\"wp-block-paragraph\">El Teatro del Lago de Frutillar, en la Regi\u00f3n de Los Lagos, fue el escenario elegido para anunciar al ganador del Reconocimiento Profe TP 2026, iniciativa desarrollada por ONG Canales con el apoyo de Banco de Chile, que distingue a docentes de Educaci\u00f3n Media T\u00e9cnico-Profesional por su vocaci\u00f3n, innovaci\u00f3n, compromiso y aporte a la formaci\u00f3n de miles de estudiantes en Chile.<\/p>\n\n\n\n<p class=\"wp-block-paragraph\">Este a\u00f1o la distinci\u00f3n tiene una relevancia especial, al llevarse a cabo todo el proceso de su premiaci\u00f3n durante agosto, mes de la Educaci\u00f3n T\u00e9cnico-Profesional en Chile.<\/p>\n\n\n\n<p class=\"wp-block-paragraph\">El Reconocimiento Profe TP 2026 recay\u00f3 en <strong>Nelson Calisto Hern\u00e1ndez<\/strong>, docente de la especialidad de <strong>Construcci\u00f3n del Liceo Bicentenario Polit\u00e9cnico de Castro<\/strong>, de la comuna de <strong>Castro, Regi\u00f3n de Los Lagos<\/strong>, quien fue seleccionado entre m\u00e1s de <strong>900 postulaciones provenientes de las 16 regiones del pa\u00eds<\/strong>, lo que da cuenta del alcance nacional de esta iniciativa.<\/p>\n\n\n\n<p class=\"wp-block-paragraph\">Con 32 a\u00f1os de trayectoria docente, Nelson Calisto es adem\u00e1s ex estudiante del Liceo Bicentenario Polit\u00e9cnico de Castro, establecimiento donde hoy forma a nuevas generaciones de t\u00e9cnicos. Su ense\u00f1anza se caracteriza por una fuerte perspectiva territorial, vinculando la formaci\u00f3n en construcci\u00f3n con la preservaci\u00f3n del patrimonio arquitect\u00f3nico y la identidad cultural del archipi\u00e9lago de Chilo\u00e9, mediante experiencias de aprendizaje aplicado que conectan a sus estudiantes con desaf\u00edos reales de su entorno.<\/p>\n\n\n\n<p class=\"wp-block-paragraph\"><strong>\u201cEste reconocimiento es muy significativo porque permite poner en valor la labor que realizamos los docentes de la Educaci\u00f3n Media T\u00e9cnico-Profesional y visibilizar el compromiso que existe detr\u00e1s de la formaci\u00f3n de nuestros estudiantes. Lo recibo con mucha alegr\u00eda, pero tambi\u00e9n como un reconocimiento a mi comunidad educativa y a todos quienes trabajamos d\u00eda a d\u00eda por entregarles m\u00e1s y mejores oportunidades a nuestros j\u00f3venes\u201d, se\u00f1al\u00f3 Nelson Calisto.<\/strong><\/p>\n\n\n\n<h2 class=\"wp-block-heading\"><a><\/a><strong><u>Tres docentes, tres comunidades y una historia com\u00fan en la Educaci\u00f3n TP<\/u><\/strong><\/h2>\n\n\n\n<p class=\"wp-block-paragraph\">Los tres finalistas de esta edici\u00f3n reflejan la diversidad formativa de la Educaci\u00f3n Media T\u00e9cnico-Profesional en Chile. <strong>Francisca Y\u00e1\u00f1ez<\/strong>, docente de Atenci\u00f3n de P\u00e1rvulos en Curic\u00f3, Regi\u00f3n del Maule; <strong>Nelson Calisto<\/strong>, profesor de Construcci\u00f3n en Castro, Regi\u00f3n de Los Lagos; y <strong>Katherine Ardiles<\/strong>, docente de Mec\u00e1nica Automotriz en Ovalle, Regi\u00f3n de Coquimbo, representan distintas regiones, especialidades y trayectorias, pero comparten un elemento significativo: <strong>los tres fueron estudiantes de Educaci\u00f3n Media T\u00e9cnico-Profesional y hoy, desde la docencia, forman a nuevas generaciones de t\u00e9cnicos del pa\u00eds<\/strong>.<\/p>\n\n\n\n<p class=\"wp-block-paragraph\">Sus historias dan cuenta de distintas maneras de ejercer la docencia TP y del impacto que los profesores pueden tener no solo en la formaci\u00f3n t\u00e9cnica de sus estudiantes, sino tambi\u00e9n en sus trayectorias personales, laborales y en las comunidades educativas de las que forman parte.<\/p>\n\n\n\n<h2 class=\"wp-block-heading\"><a><\/a><strong><u>Desde 2022 reconociendo la labor de los docentes TP<\/u><\/strong><\/h2>\n\n\n\n<p class=\"wp-block-paragraph\">El Reconocimiento Profe TP fue creado por ONG Canales en 2022 con el prop\u00f3sito de visibilizar el impacto transformador de los docentes que forman a j\u00f3venes en la Educaci\u00f3n Media T\u00e9cnico-Profesional y reconocer a quienes, desde distintas especialidades y puntos del pa\u00eds, contribuyen a generar nuevas oportunidades para sus estudiantes.<\/p>\n\n\n\n<p class=\"wp-block-paragraph\">\u201cEl Reconocimiento Profe TP se ha convertido en una gran instancia para poner en valor a quienes hacen posible la Educaci\u00f3n Media T\u00e9cnico-Profesional en Chile: sus docentes. Queremos que sus historias sean recordadas, que su compromiso sea reconocido y que el pa\u00eds pueda dimensionar el impacto que tienen en las trayectorias y oportunidades de miles de j\u00f3venes\u201d, se\u00f1al\u00f3 <strong>Paula Arriet, directora ejecutiva de ONG Canales<\/strong>.<\/p>\n\n\n\n<p class=\"wp-block-paragraph\">Por segundo a\u00f1o consecutivo, Banco de Chile apoya el Reconocimiento Profe TP, gracias al Programa Educaci\u00f3n para Chile y a la iniciativa Compromiso TP de Banco de Chile. La entidad financiera busca potenciar la Educaci\u00f3n Media T\u00e9cnico-Profesional, mejorar la formaci\u00f3n que reciben los estudiantes y modernizar las t\u00e9cnicas educativas tanto de los profesores como de los directivos de estos establecimientos. Este trabajo tiene como objetivo principal abrir nuevas oportunidades de desarrollo y acceso laboral para los estudiantes egresados de estos establecimientos a nivel pa\u00eds.<\/p>\n\n\n\n<p class=\"wp-block-paragraph\">\u201cLa Educaci\u00f3n Media T\u00e9cnico-Profesional es una de las principales puertas de entrada al mundo laboral para miles de j\u00f3venes. Detr\u00e1s de cada estudiante que desarrolla habilidades, encuentra oportunidades y proyecta su futuro, hay docentes comprometidos que cumplen un rol fundamental. En Banco de Chile estamos convencidos de la importancia de fortalecer la Educaci\u00f3n TP y de reconocer a quienes, desde las aulas, contribuyen directamente a mejorar la empleabilidad y abrir nuevas oportunidades para las futuras generaciones\u201d, coment\u00f3 <strong>Mar\u00eda Victoria Martabit, gerente de Asuntos Corporativos y Desarrollo Sostenible de Banco de Chile.<\/strong><\/p>\n\n\n\n<h2 class=\"wp-block-heading\"><a><\/a><strong><u>Atractivos premios y m\u00e1s reconocimientos<\/u><\/strong><\/h2>\n\n\n\n<p class=\"wp-block-paragraph\"><strong>Nelson Calisto,<\/strong> Profe TP 2026, recibi\u00f3 $2 millones, un computador port\u00e1til y una beca para perfeccionar su ingl\u00e9s a trav\u00e9s de un curso online de English UC. Los otros dos finalistas fueron reconocidos con $500 mil y un computador port\u00e1til cada uno, como reconocimiento a sus destacadas trayectorias y al impacto de su labor docente.<\/p>\n\n\n\n<p class=\"wp-block-paragraph\">La ceremonia contempl\u00f3 adem\u00e1s la <strong>Menci\u00f3n Premio Impacto<\/strong>, un reconocimiento especialmente significativo por ser escogido directamente por las comunidades educativas. A trav\u00e9s de una votaci\u00f3n abierta en profetp.cl, estudiantes, docentes, familias y comunidades pudieron apoyar al finalista cuya historia e impacto consideraron m\u00e1s representativos. En esta edici\u00f3n, la menci\u00f3n fue otorgada a Katherine Ardiles, quien adem\u00e1s recibi\u00f3 un proyector port\u00e1til como premio.<\/p>\n\n\n\n<p class=\"wp-block-paragraph\">La ceremonia fue conducida por el periodista Marcelo Arismendi y reuni\u00f3 a 230personas, entre estudiantes, docentes, autoridades, representantes de instituciones de educaci\u00f3n superior, gremios, empresas y organizaciones vinculadas a la Educaci\u00f3n Media T\u00e9cnico-Profesional.<\/p>\n\n\n\n<p class=\"wp-block-paragraph\">Los estudiantes tambi\u00e9n tuvieron un rol protag\u00f3nico durante la jornada, participando en distintos momentos de la ceremonia y contribuyendo a que el reconocimiento fuera tambi\u00e9n un espacio de encuentro entre quienes ense\u00f1an y quienes hoy se est\u00e1n formando en la Educaci\u00f3n Media T\u00e9cnico-Profesional.<\/p>\n\n\n\n<p class=\"wp-block-paragraph\">La jornada finaliz\u00f3 con un c\u00f3ctel de camarader\u00eda en el Teatro del Lago, a cargo de estudiantes de Gastronom\u00eda del Liceo Ignacio Carrera Pinto de Frutillar, donde finalistas, estudiantes, autoridades e invitados compartieron y celebraron el aporte de los docentes que, desde distintos puntos del pa\u00eds y especialidades, contribuyen a abrir oportunidades y fortalecer las trayectorias de las nuevas generaciones a trav\u00e9s de la Educaci\u00f3n Media T\u00e9cnico-Profesional.<\/p>\n","protected":false},"excerpt":{"rendered":"<p>Nelson Calisto Hern\u00e1ndez, docente de la especialidad de Construcci\u00f3n del &nbsp;Liceo Bicentenario Polit\u00e9cnico de Castro,&nbsp; obtuvo esta distinci\u00f3n que impulsa ONG Canales con el apoyo de Banco de Chile. El..<\/p>\n","protected":false},"author":8,"featured_media":23444,"comment_status":"closed","ping_status":"open","sticky":false,"template":"","format":"standard","meta":{"footnotes":""},"categories":[28,26,39,67],"tags":[],"class_list":["post-23443","post","type-post","status-publish","format-standard","has-post-thumbnail","hentry","category-actual","category-comunidad","category-educacion","category-regional"],"rttpg_featured_image_url":{"full":["https:\/\/elconquistadorredloslagos.cl\/test\/wp-content\/uploads\/2026\/09\/Gemini_Generated_Image_rpxnalrpxnalrpxn.jpeg",1376,768,false],"landscape":["https:\/\/elconquistadorredloslagos.cl\/test\/wp-content\/uploads\/2026\/09\/Gemini_Generated_Image_rpxnalrpxnalrpxn.jpeg",1376,768,false],"portraits":["https:\/\/elconquistadorredloslagos.cl\/test\/wp-content\/uploads\/2026\/09\/Gemini_Generated_Image_rpxnalrpxnalrpxn.jpeg",1376,768,false],"thumbnail":["https:\/\/elconquistadorredloslagos.cl\/test\/wp-content\/uploads\/2026\/09\/Gemini_Generated_Image_rpxnalrpxnalrpxn-150x150.jpeg",150,150,true],"medium":["https:\/\/elconquistadorredloslagos.cl\/test\/wp-content\/uploads\/2026\/09\/Gemini_Generated_Image_rpxnalrpxnalrpxn-300x167.jpeg",300,167,true],"large":["https:\/\/elconquistadorredloslagos.cl\/test\/wp-content\/uploads\/2026\/09\/Gemini_Generated_Image_rpxnalrpxnalrpxn-1024x572.jpeg",1024,572,true],"1536x1536":["https:\/\/elconquistadorredloslagos.cl\/test\/wp-content\/uploads\/2026\/09\/Gemini_Generated_Image_rpxnalrpxnalrpxn.jpeg",1376,768,false],"2048x2048":["https:\/\/elconquistadorredloslagos.cl\/test\/wp-content\/uploads\/2026\/09\/Gemini_Generated_Image_rpxnalrpxnalrpxn.jpeg",1376,768,false]},"rttpg_author":{"display_name":"cmansilla","author_link":"https:\/\/elconquistadorredloslagos.cl\/test\/blog\/author\/cmansilla\/"},"rttpg_comment":0,"rttpg_category":"<a href=\"https:\/\/elconquistadorredloslagos.cl\/test\/blog\/category\/actual\/\" rel=\"category tag\">Actualidad<\/a> <a href=\"https:\/\/elconquistadorredloslagos.cl\/test\/blog\/category\/comunidad\/\" rel=\"category tag\">Comunidad<\/a> <a href=\"https:\/\/elconquistadorredloslagos.cl\/test\/blog\/category\/actual\/educacion\/\" rel=\"category tag\">Educaci\u00f3n<\/a> <a href=\"https:\/\/elconquistadorredloslagos.cl\/test\/blog\/category\/regional\/\" rel=\"category tag\">Regional<\/a>","rttpg_excerpt":"Nelson Calisto Hern\u00e1ndez, docente de la especialidad de Construcci\u00f3n del &nbsp;Liceo Bicentenario Polit\u00e9cnico de Castro,&nbsp; obtuvo esta distinci\u00f3n que impulsa ONG Canales con el apoyo de Banco de Chile. El..","_links":{"self":[{"href":"https:\/\/elconquistadorredloslagos.cl\/test\/wp-json\/wp\/v2\/posts\/23443","targetHints":{"allow":["GET"]}}],"collection":[{"href":"https:\/\/elconquistadorredloslagos.cl\/test\/wp-json\/wp\/v2\/posts"}],"about":[{"href":"https:\/\/elconquistadorredloslagos.cl\/test\/wp-json\/wp\/v2\/types\/post"}],"author":[{"embeddable":true,"href":"https:\/\/elconquistadorredloslagos.cl\/test\/wp-json\/wp\/v2\/users\/8"}],"replies":[{"embeddable":true,"href":"https:\/\/elconquistadorredloslagos.cl\/test\/wp-json\/wp\/v2\/comments?post=23443"}],"version-history":[{"count":1,"href":"https:\/\/elconquistadorredloslagos.cl\/test\/wp-json\/wp\/v2\/posts\/23443\/revisions"}],"predecessor-version":[{"id":23445,"href":"https:\/\/elconquistadorredloslagos.cl\/test\/wp-json\/wp\/v2\/posts\/23443\/revisions\/23445"}],"wp:featuredmedia":[{"embeddable":true,"href":"https:\/\/elconquistadorredloslagos.cl\/test\/wp-json\/wp\/v2\/media\/23444"}],"wp:attachment":[{"href":"https:\/\/elconquistadorredloslagos.cl\/test\/wp-json\/wp\/v2\/media?parent=23443"}],"wp:term":[{"taxonomy":"category","embeddable":true,"href":"https:\/\/elconquistadorredloslagos.cl\/test\/wp-json\/wp\/v2\/categories?post=23443"},{"taxonomy":"post_tag","embeddable":true,"href":"https:\/\/elconquistadorredloslagos.cl\/test\/wp-json\/wp\/v2\/tags?post=23443"}],"curies":[{"name":"wp","href":"https:\/\/api.w.org\/{rel}","templated":true}]}}