{"id":23440,"date":"2026-09-01T15:50:15","date_gmt":"2026-09-01T19:50:15","guid":{"rendered":"https:\/\/elconquistadorredloslagos.cl\/test\/?p=23440"},"modified":"2026-09-01T15:50:16","modified_gmt":"2026-09-01T19:50:16","slug":"joven-karateca-de-chiloe-se-corona-campeon-en-dos-categorias-y-clasifica-al-mundial-de-roma-2027","status":"publish","type":"post","link":"https:\/\/elconquistadorredloslagos.cl\/test\/blog\/2026\/09\/01\/joven-karateca-de-chiloe-se-corona-campeon-en-dos-categorias-y-clasifica-al-mundial-de-roma-2027\/","title":{"rendered":"Joven karateca de Chilo\u00e9 se corona campe\u00f3n en dos categor\u00edas y clasifica al Mundial de Roma 2027"},"content":{"rendered":"\n<p class=\"wp-block-paragraph\">Un destacado cierre tuvo la participaci\u00f3n del joven quellonino Agust\u00edn Contreras de 10 a\u00f1os, en el torneo nacional de karate WUKF, tras quedarse con el primer lugar en sus dos categor\u00edas y asegurar adem\u00e1s su clasificaci\u00f3n directa al Mundial de Roma, Italia, que se disputar\u00e1 en 2027.<\/p>\n\n\n\n<p class=\"wp-block-paragraph\">El deportista se consagr\u00f3 campe\u00f3n tanto en la modalidad&nbsp;<strong>Kumite<\/strong> como en <strong>Kata<\/strong>, obteniendo dos medallas de oro y sellando as\u00ed su presencia en la pr\u00f3xima cita mundialista.<\/p>\n\n\n\n<p class=\"wp-block-paragraph\">Tras este importante resultado, expres\u00f3 su agradecimiento a quienes han sido parte fundamental de su preparaci\u00f3n.&nbsp;\u201cSiempre agradecido de mi Dojo \u2018Shima no Senshi\u2019, de mi sensei Claudio C\u00e1rdenas, de mi familia, el clan Contreras y clan Saez, de mi nuevo templo f\u00edsico Iron Body Gym Quell\u00f3n-Chilo\u00e9, de los que fueron parte importante del proceso y tambi\u00e9n de mi colegio Centro Educacional San Agust\u00edn\u201d.<\/p>\n\n\n\n<p class=\"wp-block-paragraph\">Con este doble t\u00edtulo nacional, el karateca ya comienza a proyectar su preparaci\u00f3n para representar a Chile y a Chilo\u00e9 en el Mundial WUKF de <strong>Roma 2027<\/strong>.<\/p>\n\n\n\n<p class=\"wp-block-paragraph\">\ud83d\udcf7 Redes Sociales<\/p>\n","protected":false},"excerpt":{"rendered":"<p>Un destacado cierre tuvo la participaci\u00f3n del joven quellonino Agust\u00edn Contreras de 10 a\u00f1os, en el torneo nacional de karate WUKF, tras quedarse con el primer lugar en sus dos..<\/p>\n","protected":false},"author":2,"featured_media":23441,"comment_status":"closed","ping_status":"open","sticky":false,"template":"","format":"standard","meta":{"footnotes":""},"categories":[1,28,51],"tags":[],"class_list":["post-23440","post","type-post","status-publish","format-standard","has-post-thumbnail","hentry","category-acontecer","category-actual","category-chiloe"],"rttpg_featured_image_url":{"full":["https:\/\/elconquistadorredloslagos.cl\/test\/wp-content\/uploads\/2026\/09\/Diseno-sin-titulo-7.jpg",1920,1080,false],"landscape":["https:\/\/elconquistadorredloslagos.cl\/test\/wp-content\/uploads\/2026\/09\/Diseno-sin-titulo-7.jpg",1920,1080,false],"portraits":["https:\/\/elconquistadorredloslagos.cl\/test\/wp-content\/uploads\/2026\/09\/Diseno-sin-titulo-7.jpg",1920,1080,false],"thumbnail":["https:\/\/elconquistadorredloslagos.cl\/test\/wp-content\/uploads\/2026\/09\/Diseno-sin-titulo-7-150x150.jpg",150,150,true],"medium":["https:\/\/elconquistadorredloslagos.cl\/test\/wp-content\/uploads\/2026\/09\/Diseno-sin-titulo-7-300x169.jpg",300,169,true],"large":["https:\/\/elconquistadorredloslagos.cl\/test\/wp-content\/uploads\/2026\/09\/Diseno-sin-titulo-7-1024x576.jpg",1024,576,true],"1536x1536":["https:\/\/elconquistadorredloslagos.cl\/test\/wp-content\/uploads\/2026\/09\/Diseno-sin-titulo-7-1536x864.jpg",1536,864,true],"2048x2048":["https:\/\/elconquistadorredloslagos.cl\/test\/wp-content\/uploads\/2026\/09\/Diseno-sin-titulo-7.jpg",1920,1080,false]},"rttpg_author":{"display_name":"ccardenas","author_link":"https:\/\/elconquistadorredloslagos.cl\/test\/blog\/author\/ccardenas\/"},"rttpg_comment":0,"rttpg_category":"<a href=\"https:\/\/elconquistadorredloslagos.cl\/test\/blog\/category\/actual\/acontecer\/\" rel=\"category tag\">Acontecer<\/a> <a href=\"https:\/\/elconquistadorredloslagos.cl\/test\/blog\/category\/actual\/\" rel=\"category tag\">Actualidad<\/a> <a href=\"https:\/\/elconquistadorredloslagos.cl\/test\/blog\/category\/chile\/chiloe\/\" rel=\"category tag\">Chilo\u00e9<\/a>","rttpg_excerpt":"Un destacado cierre tuvo la participaci\u00f3n del joven quellonino Agust\u00edn Contreras de 10 a\u00f1os, en el torneo nacional de karate WUKF, tras quedarse con el primer lugar en sus dos..","_links":{"self":[{"href":"https:\/\/elconquistadorredloslagos.cl\/test\/wp-json\/wp\/v2\/posts\/23440","targetHints":{"allow":["GET"]}}],"collection":[{"href":"https:\/\/elconquistadorredloslagos.cl\/test\/wp-json\/wp\/v2\/posts"}],"about":[{"href":"https:\/\/elconquistadorredloslagos.cl\/test\/wp-json\/wp\/v2\/types\/post"}],"author":[{"embeddable":true,"href":"https:\/\/elconquistadorredloslagos.cl\/test\/wp-json\/wp\/v2\/users\/2"}],"replies":[{"embeddable":true,"href":"https:\/\/elconquistadorredloslagos.cl\/test\/wp-json\/wp\/v2\/comments?post=23440"}],"version-history":[{"count":1,"href":"https:\/\/elconquistadorredloslagos.cl\/test\/wp-json\/wp\/v2\/posts\/23440\/revisions"}],"predecessor-version":[{"id":23442,"href":"https:\/\/elconquistadorredloslagos.cl\/test\/wp-json\/wp\/v2\/posts\/23440\/revisions\/23442"}],"wp:featuredmedia":[{"embeddable":true,"href":"https:\/\/elconquistadorredloslagos.cl\/test\/wp-json\/wp\/v2\/media\/23441"}],"wp:attachment":[{"href":"https:\/\/elconquistadorredloslagos.cl\/test\/wp-json\/wp\/v2\/media?parent=23440"}],"wp:term":[{"taxonomy":"category","embeddable":true,"href":"https:\/\/elconquistadorredloslagos.cl\/test\/wp-json\/wp\/v2\/categories?post=23440"},{"taxonomy":"post_tag","embeddable":true,"href":"https:\/\/elconquistadorredloslagos.cl\/test\/wp-json\/wp\/v2\/tags?post=23440"}],"curies":[{"name":"wp","href":"https:\/\/api.w.org\/{rel}","templated":true}]}}