{"id":23434,"date":"2026-09-01T14:58:29","date_gmt":"2026-09-01T18:58:29","guid":{"rendered":"https:\/\/elconquistadorredloslagos.cl\/test\/?p=23434"},"modified":"2026-09-01T14:58:30","modified_gmt":"2026-09-01T18:58:30","slug":"suspenden-transito-en-paso-cardenal-samore-por-retiro-de-camion-volcado","status":"publish","type":"post","link":"https:\/\/elconquistadorredloslagos.cl\/test\/blog\/2026\/09\/01\/suspenden-transito-en-paso-cardenal-samore-por-retiro-de-camion-volcado\/","title":{"rendered":"Suspenden tr\u00e1nsito en paso Cardenal Samor\u00e9 por retiro de cami\u00f3n volcado"},"content":{"rendered":"\n<p class=\"wp-block-paragraph\">El tr\u00e1nsito para todo tipo de veh\u00edculos fue suspendido temporalmente este martes en el complejo fronterizo Cardenal Samor\u00e9, debido a las labores destinadas a retirar un cami\u00f3n que permanece volcado a un costado de la ruta internacional.<\/p>\n\n\n\n<p class=\"wp-block-paragraph\">La medida comenz\u00f3 a regir a partir de las 11.00 horas, luego de una nueva evaluaci\u00f3n realizada por la Unidad de Pasos Fronterizos. La interrupci\u00f3n busca facilitar las maniobras y trabajos de despeje en la carretera.<\/p>\n\n\n\n<p class=\"wp-block-paragraph\">El veh\u00edculo, de nacionalidad chilena, sufri\u00f3 un accidente durante la jornada del lunes 31 de agosto, en el kil\u00f3metro 104 de la ruta internacional, en la zona lim\u00edtrofe.<\/p>\n\n\n\n<p class=\"wp-block-paragraph\">Tras el volcamiento, se activ\u00f3 el protocolo de primera respuesta para asistir y rescatar al conductor, mientras que el cami\u00f3n qued\u00f3 fuera de la calzada.<\/p>\n\n\n\n<p class=\"wp-block-paragraph\">Las autoridades informaron que la suspensi\u00f3n del tr\u00e1nsito se mantendr\u00e1 mientras se desarrollen las labores necesarias para retirar el veh\u00edculo y permitir el normal funcionamiento de este paso fronterizo entre Chile y Argentina.<\/p>\n\n\n\n<p class=\"wp-block-paragraph\">\ud83d\udcf7 Cedida<\/p>\n","protected":false},"excerpt":{"rendered":"<p>El tr\u00e1nsito para todo tipo de veh\u00edculos fue suspendido temporalmente este martes en el complejo fronterizo Cardenal Samor\u00e9, debido a las labores destinadas a retirar un cami\u00f3n que permanece volcado..<\/p>\n","protected":false},"author":2,"featured_media":23435,"comment_status":"closed","ping_status":"open","sticky":false,"template":"","format":"standard","meta":{"footnotes":""},"categories":[1,28,67],"tags":[],"class_list":["post-23434","post","type-post","status-publish","format-standard","has-post-thumbnail","hentry","category-acontecer","category-actual","category-regional"],"rttpg_featured_image_url":{"full":["https:\/\/elconquistadorredloslagos.cl\/test\/wp-content\/uploads\/2026\/09\/Diseno-sin-titulo-5.jpg",1920,1080,false],"landscape":["https:\/\/elconquistadorredloslagos.cl\/test\/wp-content\/uploads\/2026\/09\/Diseno-sin-titulo-5.jpg",1920,1080,false],"portraits":["https:\/\/elconquistadorredloslagos.cl\/test\/wp-content\/uploads\/2026\/09\/Diseno-sin-titulo-5.jpg",1920,1080,false],"thumbnail":["https:\/\/elconquistadorredloslagos.cl\/test\/wp-content\/uploads\/2026\/09\/Diseno-sin-titulo-5-150x150.jpg",150,150,true],"medium":["https:\/\/elconquistadorredloslagos.cl\/test\/wp-content\/uploads\/2026\/09\/Diseno-sin-titulo-5-300x169.jpg",300,169,true],"large":["https:\/\/elconquistadorredloslagos.cl\/test\/wp-content\/uploads\/2026\/09\/Diseno-sin-titulo-5-1024x576.jpg",1024,576,true],"1536x1536":["https:\/\/elconquistadorredloslagos.cl\/test\/wp-content\/uploads\/2026\/09\/Diseno-sin-titulo-5-1536x864.jpg",1536,864,true],"2048x2048":["https:\/\/elconquistadorredloslagos.cl\/test\/wp-content\/uploads\/2026\/09\/Diseno-sin-titulo-5.jpg",1920,1080,false]},"rttpg_author":{"display_name":"ccardenas","author_link":"https:\/\/elconquistadorredloslagos.cl\/test\/blog\/author\/ccardenas\/"},"rttpg_comment":0,"rttpg_category":"<a href=\"https:\/\/elconquistadorredloslagos.cl\/test\/blog\/category\/actual\/acontecer\/\" rel=\"category tag\">Acontecer<\/a> <a href=\"https:\/\/elconquistadorredloslagos.cl\/test\/blog\/category\/actual\/\" rel=\"category tag\">Actualidad<\/a> <a href=\"https:\/\/elconquistadorredloslagos.cl\/test\/blog\/category\/regional\/\" rel=\"category tag\">Regional<\/a>","rttpg_excerpt":"El tr\u00e1nsito para todo tipo de veh\u00edculos fue suspendido temporalmente este martes en el complejo fronterizo Cardenal Samor\u00e9, debido a las labores destinadas a retirar un cami\u00f3n que permanece volcado..","_links":{"self":[{"href":"https:\/\/elconquistadorredloslagos.cl\/test\/wp-json\/wp\/v2\/posts\/23434","targetHints":{"allow":["GET"]}}],"collection":[{"href":"https:\/\/elconquistadorredloslagos.cl\/test\/wp-json\/wp\/v2\/posts"}],"about":[{"href":"https:\/\/elconquistadorredloslagos.cl\/test\/wp-json\/wp\/v2\/types\/post"}],"author":[{"embeddable":true,"href":"https:\/\/elconquistadorredloslagos.cl\/test\/wp-json\/wp\/v2\/users\/2"}],"replies":[{"embeddable":true,"href":"https:\/\/elconquistadorredloslagos.cl\/test\/wp-json\/wp\/v2\/comments?post=23434"}],"version-history":[{"count":1,"href":"https:\/\/elconquistadorredloslagos.cl\/test\/wp-json\/wp\/v2\/posts\/23434\/revisions"}],"predecessor-version":[{"id":23436,"href":"https:\/\/elconquistadorredloslagos.cl\/test\/wp-json\/wp\/v2\/posts\/23434\/revisions\/23436"}],"wp:featuredmedia":[{"embeddable":true,"href":"https:\/\/elconquistadorredloslagos.cl\/test\/wp-json\/wp\/v2\/media\/23435"}],"wp:attachment":[{"href":"https:\/\/elconquistadorredloslagos.cl\/test\/wp-json\/wp\/v2\/media?parent=23434"}],"wp:term":[{"taxonomy":"category","embeddable":true,"href":"https:\/\/elconquistadorredloslagos.cl\/test\/wp-json\/wp\/v2\/categories?post=23434"},{"taxonomy":"post_tag","embeddable":true,"href":"https:\/\/elconquistadorredloslagos.cl\/test\/wp-json\/wp\/v2\/tags?post=23434"}],"curies":[{"name":"wp","href":"https:\/\/api.w.org\/{rel}","templated":true}]}}