{"id":23428,"date":"2026-09-01T14:36:25","date_gmt":"2026-09-01T18:36:25","guid":{"rendered":"https:\/\/elconquistadorredloslagos.cl\/test\/?p=23428"},"modified":"2026-09-01T14:36:26","modified_gmt":"2026-09-01T18:36:26","slug":"ultima-milla-avanza-para-llevar-internet-a-24-localidades-de-puerto-montt-y-futaleufu","status":"publish","type":"post","link":"https:\/\/elconquistadorredloslagos.cl\/test\/blog\/2026\/09\/01\/ultima-milla-avanza-para-llevar-internet-a-24-localidades-de-puerto-montt-y-futaleufu\/","title":{"rendered":"\u00daltima Milla avanza para llevar Internet a 24 localidades de Puerto Montt y Futaleuf\u00fa"},"content":{"rendered":"\n<p class=\"wp-block-paragraph\">Con inspecciones en terreno comenz\u00f3 una nueva etapa del proyecto Fibra \u00d3ptica \u00daltima Milla Los Lagos, iniciativa que busca mejorar el acceso a Internet en sectores apartados de la regi\u00f3n. Durante 2026, se espera que 24 localidades de Puerto Montt y Futaleuf\u00fa puedan avanzar hacia la puesta en servicio de esta infraestructura.<\/p>\n\n\n\n<p class=\"wp-block-paragraph\">La Seremi de Transportes y Telecomunicaciones y Subtel revisan las obras ejecutadas por Silica Networks en las zonas 2 y 7. En Puerto Montt, los trabajos comenzaron en Alerce y Metri y contemplan otras 15 localidades, con soluciones de fibra \u00f3ptica hasta el hogar.<\/p>\n\n\n\n<p class=\"wp-block-paragraph\">Posteriormente, las inspecciones continuar\u00e1n en la provincia de Palena, espec\u00edficamente en Futaleuf\u00fa, El Azul, Noroeste, El L\u00edmite, Puerto Ram\u00edrez, R\u00edo Encuentro y El Malito.<\/p>\n\n\n\n<p class=\"wp-block-paragraph\">El proceso permitir\u00e1 verificar que las instalaciones cumplan las exigencias t\u00e9cnicas antes de su recepci\u00f3n. Si se detectan observaciones, la empresa deber\u00e1 corregirlas antes de avanzar a la puesta en servicio.<\/p>\n\n\n\n<p class=\"wp-block-paragraph\">El seremi Rodrigo B\u00f6ttger se\u00f1al\u00f3 que el objetivo es que las zonas inspeccionadas puedan comenzar a operar durante este a\u00f1o, siempre que cumplan las condiciones comprometidas.<\/p>\n\n\n\n<p class=\"wp-block-paragraph\">El proyecto regional contempla un subsidio superior a $14.800 millones y beneficiar\u00e1 a m\u00e1s de 218 mil personas. Su primera etapa considera m\u00e1s de $5.700 millones y alcanza a 37.196 hogares.<\/p>\n\n\n\n<p class=\"wp-block-paragraph\">\ud83d\udcf7 Cedida<\/p>\n","protected":false},"excerpt":{"rendered":"<p>Con inspecciones en terreno comenz\u00f3 una nueva etapa del proyecto Fibra \u00d3ptica \u00daltima Milla Los Lagos, iniciativa que busca mejorar el acceso a Internet en sectores apartados de la regi\u00f3n&#8230;<\/p>\n","protected":false},"author":2,"featured_media":23429,"comment_status":"closed","ping_status":"open","sticky":false,"template":"","format":"standard","meta":{"footnotes":""},"categories":[1,28,67],"tags":[],"class_list":["post-23428","post","type-post","status-publish","format-standard","has-post-thumbnail","hentry","category-acontecer","category-actual","category-regional"],"rttpg_featured_image_url":{"full":["https:\/\/elconquistadorredloslagos.cl\/test\/wp-content\/uploads\/2026\/09\/Diseno-sin-titulo-3.jpg",1920,1080,false],"landscape":["https:\/\/elconquistadorredloslagos.cl\/test\/wp-content\/uploads\/2026\/09\/Diseno-sin-titulo-3.jpg",1920,1080,false],"portraits":["https:\/\/elconquistadorredloslagos.cl\/test\/wp-content\/uploads\/2026\/09\/Diseno-sin-titulo-3.jpg",1920,1080,false],"thumbnail":["https:\/\/elconquistadorredloslagos.cl\/test\/wp-content\/uploads\/2026\/09\/Diseno-sin-titulo-3-150x150.jpg",150,150,true],"medium":["https:\/\/elconquistadorredloslagos.cl\/test\/wp-content\/uploads\/2026\/09\/Diseno-sin-titulo-3-300x169.jpg",300,169,true],"large":["https:\/\/elconquistadorredloslagos.cl\/test\/wp-content\/uploads\/2026\/09\/Diseno-sin-titulo-3-1024x576.jpg",1024,576,true],"1536x1536":["https:\/\/elconquistadorredloslagos.cl\/test\/wp-content\/uploads\/2026\/09\/Diseno-sin-titulo-3-1536x864.jpg",1536,864,true],"2048x2048":["https:\/\/elconquistadorredloslagos.cl\/test\/wp-content\/uploads\/2026\/09\/Diseno-sin-titulo-3.jpg",1920,1080,false]},"rttpg_author":{"display_name":"ccardenas","author_link":"https:\/\/elconquistadorredloslagos.cl\/test\/blog\/author\/ccardenas\/"},"rttpg_comment":0,"rttpg_category":"<a href=\"https:\/\/elconquistadorredloslagos.cl\/test\/blog\/category\/actual\/acontecer\/\" rel=\"category tag\">Acontecer<\/a> <a href=\"https:\/\/elconquistadorredloslagos.cl\/test\/blog\/category\/actual\/\" rel=\"category tag\">Actualidad<\/a> <a href=\"https:\/\/elconquistadorredloslagos.cl\/test\/blog\/category\/regional\/\" rel=\"category tag\">Regional<\/a>","rttpg_excerpt":"Con inspecciones en terreno comenz\u00f3 una nueva etapa del proyecto Fibra \u00d3ptica \u00daltima Milla Los Lagos, iniciativa que busca mejorar el acceso a Internet en sectores apartados de la regi\u00f3n...","_links":{"self":[{"href":"https:\/\/elconquistadorredloslagos.cl\/test\/wp-json\/wp\/v2\/posts\/23428","targetHints":{"allow":["GET"]}}],"collection":[{"href":"https:\/\/elconquistadorredloslagos.cl\/test\/wp-json\/wp\/v2\/posts"}],"about":[{"href":"https:\/\/elconquistadorredloslagos.cl\/test\/wp-json\/wp\/v2\/types\/post"}],"author":[{"embeddable":true,"href":"https:\/\/elconquistadorredloslagos.cl\/test\/wp-json\/wp\/v2\/users\/2"}],"replies":[{"embeddable":true,"href":"https:\/\/elconquistadorredloslagos.cl\/test\/wp-json\/wp\/v2\/comments?post=23428"}],"version-history":[{"count":1,"href":"https:\/\/elconquistadorredloslagos.cl\/test\/wp-json\/wp\/v2\/posts\/23428\/revisions"}],"predecessor-version":[{"id":23430,"href":"https:\/\/elconquistadorredloslagos.cl\/test\/wp-json\/wp\/v2\/posts\/23428\/revisions\/23430"}],"wp:featuredmedia":[{"embeddable":true,"href":"https:\/\/elconquistadorredloslagos.cl\/test\/wp-json\/wp\/v2\/media\/23429"}],"wp:attachment":[{"href":"https:\/\/elconquistadorredloslagos.cl\/test\/wp-json\/wp\/v2\/media?parent=23428"}],"wp:term":[{"taxonomy":"category","embeddable":true,"href":"https:\/\/elconquistadorredloslagos.cl\/test\/wp-json\/wp\/v2\/categories?post=23428"},{"taxonomy":"post_tag","embeddable":true,"href":"https:\/\/elconquistadorredloslagos.cl\/test\/wp-json\/wp\/v2\/tags?post=23428"}],"curies":[{"name":"wp","href":"https:\/\/api.w.org\/{rel}","templated":true}]}}