{"id":23425,"date":"2026-09-01T14:28:57","date_gmt":"2026-09-01T18:28:57","guid":{"rendered":"https:\/\/elconquistadorredloslagos.cl\/test\/?p=23425"},"modified":"2026-09-01T14:28:58","modified_gmt":"2026-09-01T18:28:58","slug":"nuevo-robo-afecta-a-supermercado-de-villa-las-industrias-en-puerto-montt","status":"publish","type":"post","link":"https:\/\/elconquistadorredloslagos.cl\/test\/blog\/2026\/09\/01\/nuevo-robo-afecta-a-supermercado-de-villa-las-industrias-en-puerto-montt\/","title":{"rendered":"Nuevo robo afecta a supermercado de Villa Las Industrias en Puerto Montt"},"content":{"rendered":"\n<p class=\"wp-block-paragraph\">Por segunda vez en pocos meses, un supermercado del sector Villa Las Industrias de Puerto Montt fue blanco de un robo. El \u00faltimo hecho ocurri\u00f3 durante la madrugada del domingo 30 de agosto y dej\u00f3 p\u00e9rdidas estimadas en $4,5 millones.<\/p>\n\n\n\n<p class=\"wp-block-paragraph\">Seg\u00fan las c\u00e1maras de seguridad, tres sujetos ingresaron al recinto ubicado en avenida Naviera Oelckers entre las 03:59 y las 04:01 horas. Para acceder al establecimiento, forzaron la entrada principal utilizando un diablo de acero y permanecieron cerca de dos minutos en el interior.<\/p>\n\n\n\n<p class=\"wp-block-paragraph\">El propietario denunci\u00f3 la sustracci\u00f3n de aproximadamente $1.500.000 en efectivo, adem\u00e1s de la cigarrera y las cajetillas de cigarrillos, estas \u00faltimas avaluadas en unos $3 millones.<\/p>\n\n\n\n<p class=\"wp-block-paragraph\">El comerciante se\u00f1al\u00f3 que hace un par de meses ya hab\u00eda sufrido un robo de similares caracter\u00edsticas. En aquella ocasi\u00f3n, desconocidos ingresaron por una bodega y se llevaron principalmente cigarrillos y una menor cantidad de dinero, con p\u00e9rdidas cercanas a los $4 millones solo por los productos de tabaco.<\/p>\n\n\n\n<p class=\"wp-block-paragraph\">Tras ese episodio, el due\u00f1o reforz\u00f3 los accesos del supermercado, medidas que no lograron evitar un nuevo ingreso delictual. La denuncia fue presentada ante la PDI, cuyos funcionarios concurrieron al lugar para recopilar los registros de las c\u00e1maras de seguridad.<\/p>\n\n\n\n<p class=\"wp-block-paragraph\">\ud83d\udcf7 (Captura de video)<\/p>\n","protected":false},"excerpt":{"rendered":"<p>Por segunda vez en pocos meses, un supermercado del sector Villa Las Industrias de Puerto Montt fue blanco de un robo. El \u00faltimo hecho ocurri\u00f3 durante la madrugada del domingo..<\/p>\n","protected":false},"author":2,"featured_media":23426,"comment_status":"closed","ping_status":"open","sticky":false,"template":"","format":"standard","meta":{"footnotes":""},"categories":[1,28,51],"tags":[],"class_list":["post-23425","post","type-post","status-publish","format-standard","has-post-thumbnail","hentry","category-acontecer","category-actual","category-chiloe"],"rttpg_featured_image_url":{"full":["https:\/\/elconquistadorredloslagos.cl\/test\/wp-content\/uploads\/2026\/09\/Diseno-sin-titulo-2.jpg",1920,1080,false],"landscape":["https:\/\/elconquistadorredloslagos.cl\/test\/wp-content\/uploads\/2026\/09\/Diseno-sin-titulo-2.jpg",1920,1080,false],"portraits":["https:\/\/elconquistadorredloslagos.cl\/test\/wp-content\/uploads\/2026\/09\/Diseno-sin-titulo-2.jpg",1920,1080,false],"thumbnail":["https:\/\/elconquistadorredloslagos.cl\/test\/wp-content\/uploads\/2026\/09\/Diseno-sin-titulo-2-150x150.jpg",150,150,true],"medium":["https:\/\/elconquistadorredloslagos.cl\/test\/wp-content\/uploads\/2026\/09\/Diseno-sin-titulo-2-300x169.jpg",300,169,true],"large":["https:\/\/elconquistadorredloslagos.cl\/test\/wp-content\/uploads\/2026\/09\/Diseno-sin-titulo-2-1024x576.jpg",1024,576,true],"1536x1536":["https:\/\/elconquistadorredloslagos.cl\/test\/wp-content\/uploads\/2026\/09\/Diseno-sin-titulo-2-1536x864.jpg",1536,864,true],"2048x2048":["https:\/\/elconquistadorredloslagos.cl\/test\/wp-content\/uploads\/2026\/09\/Diseno-sin-titulo-2.jpg",1920,1080,false]},"rttpg_author":{"display_name":"ccardenas","author_link":"https:\/\/elconquistadorredloslagos.cl\/test\/blog\/author\/ccardenas\/"},"rttpg_comment":0,"rttpg_category":"<a href=\"https:\/\/elconquistadorredloslagos.cl\/test\/blog\/category\/actual\/acontecer\/\" rel=\"category tag\">Acontecer<\/a> <a href=\"https:\/\/elconquistadorredloslagos.cl\/test\/blog\/category\/actual\/\" rel=\"category tag\">Actualidad<\/a> <a href=\"https:\/\/elconquistadorredloslagos.cl\/test\/blog\/category\/chile\/chiloe\/\" rel=\"category tag\">Chilo\u00e9<\/a>","rttpg_excerpt":"Por segunda vez en pocos meses, un supermercado del sector Villa Las Industrias de Puerto Montt fue blanco de un robo. El \u00faltimo hecho ocurri\u00f3 durante la madrugada del domingo..","_links":{"self":[{"href":"https:\/\/elconquistadorredloslagos.cl\/test\/wp-json\/wp\/v2\/posts\/23425","targetHints":{"allow":["GET"]}}],"collection":[{"href":"https:\/\/elconquistadorredloslagos.cl\/test\/wp-json\/wp\/v2\/posts"}],"about":[{"href":"https:\/\/elconquistadorredloslagos.cl\/test\/wp-json\/wp\/v2\/types\/post"}],"author":[{"embeddable":true,"href":"https:\/\/elconquistadorredloslagos.cl\/test\/wp-json\/wp\/v2\/users\/2"}],"replies":[{"embeddable":true,"href":"https:\/\/elconquistadorredloslagos.cl\/test\/wp-json\/wp\/v2\/comments?post=23425"}],"version-history":[{"count":1,"href":"https:\/\/elconquistadorredloslagos.cl\/test\/wp-json\/wp\/v2\/posts\/23425\/revisions"}],"predecessor-version":[{"id":23427,"href":"https:\/\/elconquistadorredloslagos.cl\/test\/wp-json\/wp\/v2\/posts\/23425\/revisions\/23427"}],"wp:featuredmedia":[{"embeddable":true,"href":"https:\/\/elconquistadorredloslagos.cl\/test\/wp-json\/wp\/v2\/media\/23426"}],"wp:attachment":[{"href":"https:\/\/elconquistadorredloslagos.cl\/test\/wp-json\/wp\/v2\/media?parent=23425"}],"wp:term":[{"taxonomy":"category","embeddable":true,"href":"https:\/\/elconquistadorredloslagos.cl\/test\/wp-json\/wp\/v2\/categories?post=23425"},{"taxonomy":"post_tag","embeddable":true,"href":"https:\/\/elconquistadorredloslagos.cl\/test\/wp-json\/wp\/v2\/tags?post=23425"}],"curies":[{"name":"wp","href":"https:\/\/api.w.org\/{rel}","templated":true}]}}