{"id":23417,"date":"2026-09-01T14:12:56","date_gmt":"2026-09-01T18:12:56","guid":{"rendered":"https:\/\/elconquistadorredloslagos.cl\/test\/?p=23417"},"modified":"2026-09-01T14:12:57","modified_gmt":"2026-09-01T18:12:57","slug":"ruka-en-parque-teguel-avanza-con-participacion-de-las-comunidades-indigenas","status":"publish","type":"post","link":"https:\/\/elconquistadorredloslagos.cl\/test\/blog\/2026\/09\/01\/ruka-en-parque-teguel-avanza-con-participacion-de-las-comunidades-indigenas\/","title":{"rendered":"Ruka en parque Teguel avanza con participaci\u00f3n de las comunidades ind\u00edgenas"},"content":{"rendered":"\n<p class=\"wp-block-paragraph\">Representantes de comunidades y asociaciones ind\u00edgenas de Dalcahue trabajaron junto al municipio en la revisi\u00f3n del proyecto, incorporando propuestas concretas para avanzar hacia un dise\u00f1o consensuado y con identidad.<\/p>\n\n\n\n<p class=\"wp-block-paragraph\">La participaci\u00f3n de las comunidades ind\u00edgenas est\u00e1 siendo parte central del proceso de dise\u00f1o de la futura Ruka Parque Teguel, iniciativa que busca contar con un espacio representativo, pertinente y construido a partir del di\u00e1logo con quienes ser\u00e1n parte fundamental de su desarrollo y utilizaci\u00f3n.<\/p>\n\n\n\n<p class=\"wp-block-paragraph\">En una jornada de trabajo conjunto, representantes de comunidades y asociaciones ind\u00edgenas se reunieron con el municipio para revisar la propuesta existente, plantear observaciones y avanzar en acuerdos que permitan que el dise\u00f1o responda a elementos propios de una ruka y a las necesidades de quienes har\u00e1n uso de este espacio.<\/p>\n\n\n\n<p class=\"wp-block-paragraph\">En el encuentro participaron la alcaldesa de Dalcahue, Alejandra Villegas; Rosa Che\u00fan y Noelia Ojeda, de la Comunidad Ind\u00edgena Kume Newen; Jaime Millalonco, de la Asociaci\u00f3n Folil Karu; y Susana Caulle y Mar\u00eda Inayao, de la Comunidad Ind\u00edgena Quilacoyan de Chovi San Juan, todos representantes de la Mesa de Comunidades y Asociaciones Ind\u00edgenas. Tambi\u00e9n estuvieron presentes la directora de Desarrollo Comunitario (DIDECO), Claudia B\u00f3rquez, y la encargada de la Oficina de Asuntos Ind\u00edgenas, Jessica Flores.<\/p>\n\n\n\n<p class=\"wp-block-paragraph\">Durante la reuni\u00f3n se revisaron aspectos concretos del proyecto y se recogieron propuestas planteadas directamente por las comunidades. Entre ellas se encuentra avanzar hacia una cubierta de paja que responda al estilo tradicional de una ruka, incorporar un ba\u00f1o universal, realizar ajustes al espacio destinado a cocina y considerar una puerta de dos hojas.<\/p>\n\n\n\n<p class=\"wp-block-paragraph\">Estos planteamientos ser\u00e1n incorporados al proceso de revisi\u00f3n con el prop\u00f3sito de alcanzar un dise\u00f1o que conjugue funcionalidad, identidad y pertinencia, entendiendo que la futura infraestructura debe responder tanto a sus caracter\u00edsticas arquitect\u00f3nicas como al significado que tendr\u00e1 para las comunidades ind\u00edgenas de la comuna.<\/p>\n\n\n\n<p class=\"wp-block-paragraph\">\u201cM\u00e1s que definir una obra desde una oficina, queremos que este proyecto se construya escuchando, conversando y tomando decisiones junto a quienes representan a las comunidades y asociaciones ind\u00edgenas\u201d, se\u00f1al\u00f3 la alcaldesa de Dalcahue Alejandra Villegas.<\/p>\n\n\n\n<p class=\"wp-block-paragraph\">El trabajo participativo tendr\u00e1 una nueva instancia el pr\u00f3ximo 22 de septiembre, fecha en que municipio y representantes de las comunidades y asociaciones ind\u00edgenas volver\u00e1n a reunirse para avanzar hacia el consenso definitivo del dise\u00f1o.<\/p>\n\n\n\n<p class=\"wp-block-paragraph\">Este acuerdo ser\u00e1 un paso necesario para continuar posteriormente con el desarrollo del proceso de licitaci\u00f3n y avanzar hacia la construcci\u00f3n de la futura Ruka Parque Teguel.<\/p>\n\n\n\n<p class=\"wp-block-paragraph\">De esta manera, el municipio busca que la iniciativa no sea solamente una obra de infraestructura, sino un espacio construido desde la participaci\u00f3n y los acuerdos, donde las comunidades puedan reconocerse y fortalecer su sentido de pertenencia.<\/p>\n\n\n\n<figure class=\"wp-block-gallery has-nested-images columns-default is-cropped wp-block-gallery-1 is-layout-flex wp-block-gallery-is-layout-flex\">\n<figure class=\"wp-block-image size-large\"><img loading=\"lazy\" decoding=\"async\" width=\"1024\" height=\"473\" data-id=\"23418\" src=\"https:\/\/elconquistadorredloslagos.cl\/test\/wp-content\/uploads\/2026\/09\/20260831_1315490-1024x473.jpg\" alt=\"\" class=\"wp-image-23418\" \/><\/figure>\n<\/figure>\n","protected":false},"excerpt":{"rendered":"<p>Representantes de comunidades y asociaciones ind\u00edgenas de Dalcahue trabajaron junto al municipio en la revisi\u00f3n del proyecto, incorporando propuestas concretas para avanzar hacia un dise\u00f1o consensuado y con identidad. La..<\/p>\n","protected":false},"author":2,"featured_media":23419,"comment_status":"closed","ping_status":"open","sticky":false,"template":"","format":"standard","meta":{"footnotes":""},"categories":[1,28,51],"tags":[],"class_list":["post-23417","post","type-post","status-publish","format-standard","has-post-thumbnail","hentry","category-acontecer","category-actual","category-chiloe"],"rttpg_featured_image_url":{"full":["https:\/\/elconquistadorredloslagos.cl\/test\/wp-content\/uploads\/2026\/09\/Diseno-sin-titulo.jpg",1920,1080,false],"landscape":["https:\/\/elconquistadorredloslagos.cl\/test\/wp-content\/uploads\/2026\/09\/Diseno-sin-titulo.jpg",1920,1080,false],"portraits":["https:\/\/elconquistadorredloslagos.cl\/test\/wp-content\/uploads\/2026\/09\/Diseno-sin-titulo.jpg",1920,1080,false],"thumbnail":["https:\/\/elconquistadorredloslagos.cl\/test\/wp-content\/uploads\/2026\/09\/Diseno-sin-titulo-150x150.jpg",150,150,true],"medium":["https:\/\/elconquistadorredloslagos.cl\/test\/wp-content\/uploads\/2026\/09\/Diseno-sin-titulo-300x169.jpg",300,169,true],"large":["https:\/\/elconquistadorredloslagos.cl\/test\/wp-content\/uploads\/2026\/09\/Diseno-sin-titulo-1024x576.jpg",1024,576,true],"1536x1536":["https:\/\/elconquistadorredloslagos.cl\/test\/wp-content\/uploads\/2026\/09\/Diseno-sin-titulo-1536x864.jpg",1536,864,true],"2048x2048":["https:\/\/elconquistadorredloslagos.cl\/test\/wp-content\/uploads\/2026\/09\/Diseno-sin-titulo.jpg",1920,1080,false]},"rttpg_author":{"display_name":"ccardenas","author_link":"https:\/\/elconquistadorredloslagos.cl\/test\/blog\/author\/ccardenas\/"},"rttpg_comment":0,"rttpg_category":"<a href=\"https:\/\/elconquistadorredloslagos.cl\/test\/blog\/category\/actual\/acontecer\/\" rel=\"category tag\">Acontecer<\/a> <a href=\"https:\/\/elconquistadorredloslagos.cl\/test\/blog\/category\/actual\/\" rel=\"category tag\">Actualidad<\/a> <a href=\"https:\/\/elconquistadorredloslagos.cl\/test\/blog\/category\/chile\/chiloe\/\" rel=\"category tag\">Chilo\u00e9<\/a>","rttpg_excerpt":"Representantes de comunidades y asociaciones ind\u00edgenas de Dalcahue trabajaron junto al municipio en la revisi\u00f3n del proyecto, incorporando propuestas concretas para avanzar hacia un dise\u00f1o consensuado y con identidad. La..","_links":{"self":[{"href":"https:\/\/elconquistadorredloslagos.cl\/test\/wp-json\/wp\/v2\/posts\/23417","targetHints":{"allow":["GET"]}}],"collection":[{"href":"https:\/\/elconquistadorredloslagos.cl\/test\/wp-json\/wp\/v2\/posts"}],"about":[{"href":"https:\/\/elconquistadorredloslagos.cl\/test\/wp-json\/wp\/v2\/types\/post"}],"author":[{"embeddable":true,"href":"https:\/\/elconquistadorredloslagos.cl\/test\/wp-json\/wp\/v2\/users\/2"}],"replies":[{"embeddable":true,"href":"https:\/\/elconquistadorredloslagos.cl\/test\/wp-json\/wp\/v2\/comments?post=23417"}],"version-history":[{"count":1,"href":"https:\/\/elconquistadorredloslagos.cl\/test\/wp-json\/wp\/v2\/posts\/23417\/revisions"}],"predecessor-version":[{"id":23420,"href":"https:\/\/elconquistadorredloslagos.cl\/test\/wp-json\/wp\/v2\/posts\/23417\/revisions\/23420"}],"wp:featuredmedia":[{"embeddable":true,"href":"https:\/\/elconquistadorredloslagos.cl\/test\/wp-json\/wp\/v2\/media\/23419"}],"wp:attachment":[{"href":"https:\/\/elconquistadorredloslagos.cl\/test\/wp-json\/wp\/v2\/media?parent=23417"}],"wp:term":[{"taxonomy":"category","embeddable":true,"href":"https:\/\/elconquistadorredloslagos.cl\/test\/wp-json\/wp\/v2\/categories?post=23417"},{"taxonomy":"post_tag","embeddable":true,"href":"https:\/\/elconquistadorredloslagos.cl\/test\/wp-json\/wp\/v2\/tags?post=23417"}],"curies":[{"name":"wp","href":"https:\/\/api.w.org\/{rel}","templated":true}]}}