{"id":23414,"date":"2026-09-01T09:45:59","date_gmt":"2026-09-01T13:45:59","guid":{"rendered":"https:\/\/elconquistadorredloslagos.cl\/test\/?p=23414"},"modified":"2026-09-01T09:46:00","modified_gmt":"2026-09-01T13:46:00","slug":"castro-se-prepara-para-la-viii-fiesta-de-la-chilenidad","status":"publish","type":"post","link":"https:\/\/elconquistadorredloslagos.cl\/test\/blog\/2026\/09\/01\/castro-se-prepara-para-la-viii-fiesta-de-la-chilenidad\/","title":{"rendered":"Castro se prepara para la VIII Fiesta de la Chilenidad"},"content":{"rendered":"\n<p class=\"wp-block-paragraph\"><strong><em>Pr\u00f3fugos de Chile, La Combo Sur, agrupaciones folcl\u00f3ricas, payadores, danza y Circo Navegante ser\u00e1n parte de una programaci\u00f3n que reunir\u00e1 distintas expresiones art\u00edsticas y culturales para celebrar las tradiciones de nuestro pa\u00eds.<\/em><\/strong><\/p>\n\n\n\n<p class=\"wp-block-paragraph\">Castro comienza a prepararse para celebrar las Fiestas Patrias con una nueva versi\u00f3n de la <strong>Fiesta de la Chilenidad<\/strong>, organizada por la Ilustre Municipalidad de Castro. La octava edici\u00f3n se realizar\u00e1 los d\u00edas <strong>18 y 19 de<\/strong> <strong>septiembre<\/strong>, en el <strong>Parque Municipal Mario Uribe Vel\u00e1squez<\/strong>, de <strong>10:00 a 19:30 horas<\/strong>, convocando a las familias en torno a las tradiciones, la cultura y el encuentro comunitario.<\/p>\n\n\n\n<p class=\"wp-block-paragraph\">La programaci\u00f3n contempla una variada propuesta art\u00edstica durante ambas jornadas, con la participaci\u00f3n de <strong>El Entrevero de Chilo\u00e9, Danza Tribal Chilo\u00e9, Conjunto Folcl\u00f3rico Array\u00e1n y Arrayancitos, Vendaval Chilote, Pr\u00f3fugos de Chile, Agrupaci\u00f3n Folcl\u00f3rica Roberto Veloso, Conjunto Brisas del Alma, Senda Chilota, Remanso de Amores, Los B\u00e1rbaros del R\u00edo y La Combo Sur<\/strong>, adem\u00e1s de <strong>payadores<\/strong> y del espect\u00e1culo de. La jornada del 18 de septiembre tambi\u00e9n considera la <strong>inauguraci\u00f3n<\/strong> <strong><\/strong><strong>Circo Navegante<\/strong> <strong><\/strong><strong>oficial de la VIII Fiesta de la Chilenidad<\/strong><strong>.<\/strong><\/p>\n\n\n\n<p class=\"wp-block-paragraph\">El alcalde de Castro, <strong>Baltazar Elgueta Cheuquepil<\/strong>, extendi\u00f3 una invitaci\u00f3n a las familias de la comuna a participar de ambas jornadas.<\/p>\n\n\n\n<p class=\"wp-block-paragraph\">\u201cQueremos que esta VIII Fiesta de la Chilenidad sea un gran encuentro familiar y ciudadano, donde podamos compartir, reencontrarnos y celebrar nuestras tradiciones. Invitamos a todas las familias de Castro a disfrutar sanamente de estas Fiestas Patrias y a ser parte de esta celebraci\u00f3n que hemos preparado con mucho cari\u00f1o\u201d, se\u00f1al\u00f3 el jefe comunal.<\/p>\n\n\n\n<p class=\"wp-block-paragraph\">La actividad tambi\u00e9n busca <strong>apoyar y visibilizar el trabajo de los emprendedores y emprendedoras de la comuna<\/strong>, quienes tendr\u00e1n la oportunidad de presentar y comercializar sus productos, gastronom\u00eda y distintas creaciones durante ambas jornadas.<\/p>\n\n\n\n<p class=\"wp-block-paragraph\">En este sentido, el alcalde destac\u00f3 el aporte de la iniciativa al desarrollo de la econom\u00eda local: \u201cEsta celebraci\u00f3n tambi\u00e9n representa una importante oportunidad para nuestros emprendedores y emprendedoras de la comuna, quienes podr\u00e1n ofrecer sus productos, gastronom\u00eda y creaciones, fortaleciendo as\u00ed la econom\u00eda local y poniendo en valor el talento de nuestra gente\u201d.<\/p>\n\n\n\n<p class=\"wp-block-paragraph\">La invitaci\u00f3n es a toda la comunidad a ser parte de esta celebraci\u00f3n de Fiestas Patrias y disfrutar de sus tradiciones, propuestas art\u00edsticas y emprendimientos locales.<\/p>\n\n\n\n<p class=\"wp-block-paragraph\"><\/p>\n","protected":false},"excerpt":{"rendered":"<p>Pr\u00f3fugos de Chile, La Combo Sur, agrupaciones folcl\u00f3ricas, payadores, danza y Circo Navegante ser\u00e1n parte de una programaci\u00f3n que reunir\u00e1 distintas expresiones art\u00edsticas y culturales para celebrar las tradiciones de..<\/p>\n","protected":false},"author":8,"featured_media":23415,"comment_status":"closed","ping_status":"open","sticky":false,"template":"","format":"standard","meta":{"footnotes":""},"categories":[51,26,71,29],"tags":[],"class_list":["post-23414","post","type-post","status-publish","format-standard","has-post-thumbnail","hentry","category-chiloe","category-comunidad","category-social","category-turismo"],"rttpg_featured_image_url":{"full":["https:\/\/elconquistadorredloslagos.cl\/test\/wp-content\/uploads\/2026\/09\/Gemini_Generated_Image_ix5hjjix5hjjix5h.jpeg",1376,768,false],"landscape":["https:\/\/elconquistadorredloslagos.cl\/test\/wp-content\/uploads\/2026\/09\/Gemini_Generated_Image_ix5hjjix5hjjix5h.jpeg",1376,768,false],"portraits":["https:\/\/elconquistadorredloslagos.cl\/test\/wp-content\/uploads\/2026\/09\/Gemini_Generated_Image_ix5hjjix5hjjix5h.jpeg",1376,768,false],"thumbnail":["https:\/\/elconquistadorredloslagos.cl\/test\/wp-content\/uploads\/2026\/09\/Gemini_Generated_Image_ix5hjjix5hjjix5h-150x150.jpeg",150,150,true],"medium":["https:\/\/elconquistadorredloslagos.cl\/test\/wp-content\/uploads\/2026\/09\/Gemini_Generated_Image_ix5hjjix5hjjix5h-300x167.jpeg",300,167,true],"large":["https:\/\/elconquistadorredloslagos.cl\/test\/wp-content\/uploads\/2026\/09\/Gemini_Generated_Image_ix5hjjix5hjjix5h-1024x572.jpeg",1024,572,true],"1536x1536":["https:\/\/elconquistadorredloslagos.cl\/test\/wp-content\/uploads\/2026\/09\/Gemini_Generated_Image_ix5hjjix5hjjix5h.jpeg",1376,768,false],"2048x2048":["https:\/\/elconquistadorredloslagos.cl\/test\/wp-content\/uploads\/2026\/09\/Gemini_Generated_Image_ix5hjjix5hjjix5h.jpeg",1376,768,false]},"rttpg_author":{"display_name":"cmansilla","author_link":"https:\/\/elconquistadorredloslagos.cl\/test\/blog\/author\/cmansilla\/"},"rttpg_comment":0,"rttpg_category":"<a href=\"https:\/\/elconquistadorredloslagos.cl\/test\/blog\/category\/chile\/chiloe\/\" rel=\"category tag\">Chilo\u00e9<\/a> <a href=\"https:\/\/elconquistadorredloslagos.cl\/test\/blog\/category\/comunidad\/\" rel=\"category tag\">Comunidad<\/a> <a href=\"https:\/\/elconquistadorredloslagos.cl\/test\/blog\/category\/social\/\" rel=\"category tag\">Social<\/a> <a href=\"https:\/\/elconquistadorredloslagos.cl\/test\/blog\/category\/actual\/turismo\/\" rel=\"category tag\">Turismo<\/a>","rttpg_excerpt":"Pr\u00f3fugos de Chile, La Combo Sur, agrupaciones folcl\u00f3ricas, payadores, danza y Circo Navegante ser\u00e1n parte de una programaci\u00f3n que reunir\u00e1 distintas expresiones art\u00edsticas y culturales para celebrar las tradiciones de..","_links":{"self":[{"href":"https:\/\/elconquistadorredloslagos.cl\/test\/wp-json\/wp\/v2\/posts\/23414","targetHints":{"allow":["GET"]}}],"collection":[{"href":"https:\/\/elconquistadorredloslagos.cl\/test\/wp-json\/wp\/v2\/posts"}],"about":[{"href":"https:\/\/elconquistadorredloslagos.cl\/test\/wp-json\/wp\/v2\/types\/post"}],"author":[{"embeddable":true,"href":"https:\/\/elconquistadorredloslagos.cl\/test\/wp-json\/wp\/v2\/users\/8"}],"replies":[{"embeddable":true,"href":"https:\/\/elconquistadorredloslagos.cl\/test\/wp-json\/wp\/v2\/comments?post=23414"}],"version-history":[{"count":1,"href":"https:\/\/elconquistadorredloslagos.cl\/test\/wp-json\/wp\/v2\/posts\/23414\/revisions"}],"predecessor-version":[{"id":23416,"href":"https:\/\/elconquistadorredloslagos.cl\/test\/wp-json\/wp\/v2\/posts\/23414\/revisions\/23416"}],"wp:featuredmedia":[{"embeddable":true,"href":"https:\/\/elconquistadorredloslagos.cl\/test\/wp-json\/wp\/v2\/media\/23415"}],"wp:attachment":[{"href":"https:\/\/elconquistadorredloslagos.cl\/test\/wp-json\/wp\/v2\/media?parent=23414"}],"wp:term":[{"taxonomy":"category","embeddable":true,"href":"https:\/\/elconquistadorredloslagos.cl\/test\/wp-json\/wp\/v2\/categories?post=23414"},{"taxonomy":"post_tag","embeddable":true,"href":"https:\/\/elconquistadorredloslagos.cl\/test\/wp-json\/wp\/v2\/tags?post=23414"}],"curies":[{"name":"wp","href":"https:\/\/api.w.org\/{rel}","templated":true}]}}