{"id":23411,"date":"2026-08-31T21:10:37","date_gmt":"2026-09-01T01:10:37","guid":{"rendered":"https:\/\/elconquistadorredloslagos.cl\/test\/?p=23411"},"modified":"2026-08-31T21:10:38","modified_gmt":"2026-09-01T01:10:38","slug":"profesor-nelson-calisto-recibe-reconocimiento-nacional-y-emociona-con-su-historia-de-vida","status":"publish","type":"post","link":"https:\/\/elconquistadorredloslagos.cl\/test\/blog\/2026\/08\/31\/profesor-nelson-calisto-recibe-reconocimiento-nacional-y-emociona-con-su-historia-de-vida\/","title":{"rendered":"Profesor Nelson Calisto recibe reconocimiento nacional y emociona con su historia de vida"},"content":{"rendered":"\n<p class=\"wp-block-paragraph\">Entre aplausos y visiblemente emocionado, el profesor Nelson Calisto Hern\u00e1ndez recibi\u00f3 este lunes en Frutillar el primer lugar nacional del \u201cReconocimiento Profe TP 2026\u201d, convirti\u00e9ndose en el docente destacado de la Educaci\u00f3n Media T\u00e9cnico-Profesional en el pa\u00eds.<\/p>\n\n\n\n<p class=\"wp-block-paragraph\">El profesor de Construcci\u00f3n del Liceo Bicentenario Polit\u00e9cnico de Castro fue elegido por un jurado de especialistas del \u00e1mbito formativo y productivo, que valor\u00f3 su trayectoria, proyectos de innovaci\u00f3n junto con el aporte a sus estudiantes.<\/p>\n\n\n\n<p class=\"wp-block-paragraph\">Pero detr\u00e1s del reconocimiento existe tambi\u00e9n una historia personal marcada por la perseverancia. Al subir al escenario, Calisto record\u00f3 los ocho a\u00f1os en que debi\u00f3 conectarse a una m\u00e1quina de di\u00e1lisis para poder seguir viviendo y haciendo clases.<\/p>\n\n\n\n<p class=\"wp-block-paragraph\">\u201cEstas di\u00e1lisis significaron muchas cosas para m\u00ed: aprendizaje, amar a\u00fan m\u00e1s la vida y tener un compromiso mayor con los alumnos y alumnas\u201d, expres\u00f3.<\/p>\n\n\n\n<p class=\"wp-block-paragraph\">El docente cont\u00f3 que pese a que en dos oportunidades le ofrecieron retirarse del sistema con una pensi\u00f3n, decidi\u00f3 continuar frente a sus estudiantes. \u201cLa educaci\u00f3n es una tremenda terapia para muchas personas\u201d, afirm\u00f3.<\/p>\n\n\n\n<p class=\"wp-block-paragraph\">Como ganador nacional, recibi\u00f3 $2 millones, un computador port\u00e1til, una beca para un curso de ingl\u00e9s en English UC y el galard\u00f3n oficial de Factor\u00eda Papel.<\/p>\n\n\n\n<p class=\"wp-block-paragraph\">El certamen fue organizado por ONG Canales, con apoyo de Banco de Chile.<\/p>\n\n\n\n<p class=\"wp-block-paragraph\">\ud83d\udcf7 (Imagen: Captura Video Transmisi\u00f3n Ceremonia Premiaci\u00f3n ONG Canales)<\/p>\n","protected":false},"excerpt":{"rendered":"<p>Entre aplausos y visiblemente emocionado, el profesor Nelson Calisto Hern\u00e1ndez recibi\u00f3 este lunes en Frutillar el primer lugar nacional del \u201cReconocimiento Profe TP 2026\u201d, convirti\u00e9ndose en el docente destacado de..<\/p>\n","protected":false},"author":2,"featured_media":23412,"comment_status":"closed","ping_status":"open","sticky":false,"template":"","format":"standard","meta":{"footnotes":""},"categories":[1,28,51],"tags":[],"class_list":["post-23411","post","type-post","status-publish","format-standard","has-post-thumbnail","hentry","category-acontecer","category-actual","category-chiloe"],"rttpg_featured_image_url":{"full":["https:\/\/elconquistadorredloslagos.cl\/test\/wp-content\/uploads\/2026\/08\/Diseno-sin-titulo-6-4.jpg",1920,1080,false],"landscape":["https:\/\/elconquistadorredloslagos.cl\/test\/wp-content\/uploads\/2026\/08\/Diseno-sin-titulo-6-4.jpg",1920,1080,false],"portraits":["https:\/\/elconquistadorredloslagos.cl\/test\/wp-content\/uploads\/2026\/08\/Diseno-sin-titulo-6-4.jpg",1920,1080,false],"thumbnail":["https:\/\/elconquistadorredloslagos.cl\/test\/wp-content\/uploads\/2026\/08\/Diseno-sin-titulo-6-4-150x150.jpg",150,150,true],"medium":["https:\/\/elconquistadorredloslagos.cl\/test\/wp-content\/uploads\/2026\/08\/Diseno-sin-titulo-6-4-300x169.jpg",300,169,true],"large":["https:\/\/elconquistadorredloslagos.cl\/test\/wp-content\/uploads\/2026\/08\/Diseno-sin-titulo-6-4-1024x576.jpg",1024,576,true],"1536x1536":["https:\/\/elconquistadorredloslagos.cl\/test\/wp-content\/uploads\/2026\/08\/Diseno-sin-titulo-6-4-1536x864.jpg",1536,864,true],"2048x2048":["https:\/\/elconquistadorredloslagos.cl\/test\/wp-content\/uploads\/2026\/08\/Diseno-sin-titulo-6-4.jpg",1920,1080,false]},"rttpg_author":{"display_name":"ccardenas","author_link":"https:\/\/elconquistadorredloslagos.cl\/test\/blog\/author\/ccardenas\/"},"rttpg_comment":0,"rttpg_category":"<a href=\"https:\/\/elconquistadorredloslagos.cl\/test\/blog\/category\/actual\/acontecer\/\" rel=\"category tag\">Acontecer<\/a> <a href=\"https:\/\/elconquistadorredloslagos.cl\/test\/blog\/category\/actual\/\" rel=\"category tag\">Actualidad<\/a> <a href=\"https:\/\/elconquistadorredloslagos.cl\/test\/blog\/category\/chile\/chiloe\/\" rel=\"category tag\">Chilo\u00e9<\/a>","rttpg_excerpt":"Entre aplausos y visiblemente emocionado, el profesor Nelson Calisto Hern\u00e1ndez recibi\u00f3 este lunes en Frutillar el primer lugar nacional del \u201cReconocimiento Profe TP 2026\u201d, convirti\u00e9ndose en el docente destacado de..","_links":{"self":[{"href":"https:\/\/elconquistadorredloslagos.cl\/test\/wp-json\/wp\/v2\/posts\/23411","targetHints":{"allow":["GET"]}}],"collection":[{"href":"https:\/\/elconquistadorredloslagos.cl\/test\/wp-json\/wp\/v2\/posts"}],"about":[{"href":"https:\/\/elconquistadorredloslagos.cl\/test\/wp-json\/wp\/v2\/types\/post"}],"author":[{"embeddable":true,"href":"https:\/\/elconquistadorredloslagos.cl\/test\/wp-json\/wp\/v2\/users\/2"}],"replies":[{"embeddable":true,"href":"https:\/\/elconquistadorredloslagos.cl\/test\/wp-json\/wp\/v2\/comments?post=23411"}],"version-history":[{"count":1,"href":"https:\/\/elconquistadorredloslagos.cl\/test\/wp-json\/wp\/v2\/posts\/23411\/revisions"}],"predecessor-version":[{"id":23413,"href":"https:\/\/elconquistadorredloslagos.cl\/test\/wp-json\/wp\/v2\/posts\/23411\/revisions\/23413"}],"wp:featuredmedia":[{"embeddable":true,"href":"https:\/\/elconquistadorredloslagos.cl\/test\/wp-json\/wp\/v2\/media\/23412"}],"wp:attachment":[{"href":"https:\/\/elconquistadorredloslagos.cl\/test\/wp-json\/wp\/v2\/media?parent=23411"}],"wp:term":[{"taxonomy":"category","embeddable":true,"href":"https:\/\/elconquistadorredloslagos.cl\/test\/wp-json\/wp\/v2\/categories?post=23411"},{"taxonomy":"post_tag","embeddable":true,"href":"https:\/\/elconquistadorredloslagos.cl\/test\/wp-json\/wp\/v2\/tags?post=23411"}],"curies":[{"name":"wp","href":"https:\/\/api.w.org\/{rel}","templated":true}]}}