{"id":2341,"date":"2024-08-23T11:36:32","date_gmt":"2024-08-23T15:36:32","guid":{"rendered":"https:\/\/elconquistadorredloslagos.cl\/test\/?p=2341"},"modified":"2024-08-23T11:36:33","modified_gmt":"2024-08-23T15:36:33","slug":"carabineros-frustran-intento-de-robo-a-centro-comercial-en-puerto-varas","status":"publish","type":"post","link":"https:\/\/elconquistadorredloslagos.cl\/test\/blog\/2024\/08\/23\/carabineros-frustran-intento-de-robo-a-centro-comercial-en-puerto-varas\/","title":{"rendered":"Carabineros frustran intento de robo a centro comercial en Puerto Varas"},"content":{"rendered":"\n<p>Personal de la Primera Comisar\u00eda de Carabineros de Puerto Varas, detuvo en las \u00faltimas horas a un sujeto en flagrancia, tras ser sorprendido cometiendo un robo a un local comercial en esta comuna lacustre, sustrayendo entre otras cosas, materiales y elementos del establecimiento.<\/p>\n\n\n\n<p>Desde la polic\u00eda uniformada, se resalt\u00f3 que se recibi\u00f3 una denuncia de parte del encargo de un establecimiento comercial que est\u00e1 emplazado en el kil\u00f3metro 1,5 de la ruta Ch-225; se trata de un recinto que actualmente est\u00e1 en remodelaci\u00f3n.<\/p>\n\n\n\n<p>El antisocial es un hombre de 45 a\u00f1os de edad, quien cuenta con antecedentes penales por porte de arma blanca y receptaci\u00f3n. El individuo fue puesto a disposici\u00f3n del Juzgado de Garant\u00eda de Puerto Varas, para su respectivo control de detenci\u00f3n.<\/p>\n","protected":false},"excerpt":{"rendered":"<p>Personal de la Primera Comisar\u00eda de Carabineros de Puerto Varas, detuvo en las \u00faltimas horas a un sujeto en flagrancia, tras ser sorprendido cometiendo un robo a un local comercial..<\/p>\n","protected":false},"author":2,"featured_media":2342,"comment_status":"open","ping_status":"open","sticky":false,"template":"","format":"standard","meta":{"footnotes":""},"categories":[28],"tags":[],"class_list":["post-2341","post","type-post","status-publish","format-standard","has-post-thumbnail","hentry","category-actual"],"rttpg_featured_image_url":{"full":["https:\/\/elconquistadorredloslagos.cl\/test\/wp-content\/uploads\/2024\/08\/ROBO-PTO-VARAS.jpg",1280,720,false],"landscape":["https:\/\/elconquistadorredloslagos.cl\/test\/wp-content\/uploads\/2024\/08\/ROBO-PTO-VARAS.jpg",1280,720,false],"portraits":["https:\/\/elconquistadorredloslagos.cl\/test\/wp-content\/uploads\/2024\/08\/ROBO-PTO-VARAS.jpg",1280,720,false],"thumbnail":["https:\/\/elconquistadorredloslagos.cl\/test\/wp-content\/uploads\/2024\/08\/ROBO-PTO-VARAS-150x150.jpg",150,150,true],"medium":["https:\/\/elconquistadorredloslagos.cl\/test\/wp-content\/uploads\/2024\/08\/ROBO-PTO-VARAS-300x169.jpg",300,169,true],"large":["https:\/\/elconquistadorredloslagos.cl\/test\/wp-content\/uploads\/2024\/08\/ROBO-PTO-VARAS-1024x576.jpg",1024,576,true],"1536x1536":["https:\/\/elconquistadorredloslagos.cl\/test\/wp-content\/uploads\/2024\/08\/ROBO-PTO-VARAS.jpg",1280,720,false],"2048x2048":["https:\/\/elconquistadorredloslagos.cl\/test\/wp-content\/uploads\/2024\/08\/ROBO-PTO-VARAS.jpg",1280,720,false]},"rttpg_author":{"display_name":"ccardenas","author_link":"https:\/\/elconquistadorredloslagos.cl\/test\/blog\/author\/ccardenas\/"},"rttpg_comment":0,"rttpg_category":"<a href=\"https:\/\/elconquistadorredloslagos.cl\/test\/blog\/category\/actual\/\" rel=\"category tag\">Actualidad<\/a>","rttpg_excerpt":"Personal de la Primera Comisar\u00eda de Carabineros de Puerto Varas, detuvo en las \u00faltimas horas a un sujeto en flagrancia, tras ser sorprendido cometiendo un robo a un local comercial..","_links":{"self":[{"href":"https:\/\/elconquistadorredloslagos.cl\/test\/wp-json\/wp\/v2\/posts\/2341","targetHints":{"allow":["GET"]}}],"collection":[{"href":"https:\/\/elconquistadorredloslagos.cl\/test\/wp-json\/wp\/v2\/posts"}],"about":[{"href":"https:\/\/elconquistadorredloslagos.cl\/test\/wp-json\/wp\/v2\/types\/post"}],"author":[{"embeddable":true,"href":"https:\/\/elconquistadorredloslagos.cl\/test\/wp-json\/wp\/v2\/users\/2"}],"replies":[{"embeddable":true,"href":"https:\/\/elconquistadorredloslagos.cl\/test\/wp-json\/wp\/v2\/comments?post=2341"}],"version-history":[{"count":1,"href":"https:\/\/elconquistadorredloslagos.cl\/test\/wp-json\/wp\/v2\/posts\/2341\/revisions"}],"predecessor-version":[{"id":2343,"href":"https:\/\/elconquistadorredloslagos.cl\/test\/wp-json\/wp\/v2\/posts\/2341\/revisions\/2343"}],"wp:featuredmedia":[{"embeddable":true,"href":"https:\/\/elconquistadorredloslagos.cl\/test\/wp-json\/wp\/v2\/media\/2342"}],"wp:attachment":[{"href":"https:\/\/elconquistadorredloslagos.cl\/test\/wp-json\/wp\/v2\/media?parent=2341"}],"wp:term":[{"taxonomy":"category","embeddable":true,"href":"https:\/\/elconquistadorredloslagos.cl\/test\/wp-json\/wp\/v2\/categories?post=2341"},{"taxonomy":"post_tag","embeddable":true,"href":"https:\/\/elconquistadorredloslagos.cl\/test\/wp-json\/wp\/v2\/tags?post=2341"}],"curies":[{"name":"wp","href":"https:\/\/api.w.org\/{rel}","templated":true}]}}